{"id":107315,"date":"2024-04-29T09:10:18","date_gmt":"2024-04-29T09:10:18","guid":{"rendered":"https:\/\/acg.campingsingirona.com\/impulsant-el-turisme-camping-exit-del-primer-congres-de-campings-de-catalunya\/"},"modified":"2024-05-03T09:38:01","modified_gmt":"2024-05-03T09:38:01","slug":"impulsant-el-turisme-camping-exit-del-primer-congres-de-campings-de-catalunya","status":"publish","type":"post","link":"https:\/\/acg.campingsingirona.com\/es\/impulsant-el-turisme-camping-exit-del-primer-congres-de-campings-de-catalunya\/","title":{"rendered":"Impulsando el turismo camping: \u00c9xito del Primer Congreso de Campings de Catalunya"},"content":{"rendered":"<div class=\"wp-block-image\">\n<figure class=\"aligncenter size-full\"><img loading=\"lazy\" decoding=\"async\" width=\"451\" height=\"301\" src=\"https:\/\/acg.campingsingirona.com\/wp-content\/uploads\/2024\/05\/Congres-Campings.jpg\" alt=\"\" class=\"wp-image-107264\"\/><\/figure><\/div>\n\n\n<p>La Federaci\u00f3n Catalana de Campings ha organizado con \u00e9xito el <strong>primer Congreso de Campings de Catalunya<\/strong>, celebrado los d\u00edas 25 y 26 de abril de 2024 en el Camping Vilanova Park, de Vilanova y la Geltr\u00fa. Este evento, que hemos tenido el placer de asistir como representantes de la Asociaci\u00f3n de Campings de Girona, ha reunido a los agentes clave del sector con el objetivo de consolidar Catalu\u00f1a como destino de referencia en el turismo camping.<\/p>\n\n\n\n<p>Durante el congreso, se han abordado temas de actualidad, presentando nuevos productos y servicios, adem\u00e1s de oportunidades de networking. La asistencia, restringida a agentes tur\u00edsticos como alojamientos y empresas, ha enriquecido las discusiones sobre el <strong>cambio clim\u00e1tico, la sostenibilidad y la digitalizaci\u00f3n,<\/strong> destacando los retos y oportunidades para el camping tanto a nivel catal\u00e1n como europeo. Con trescientas personas inscritas, el congreso ha contado con una amplia participaci\u00f3n, incluyendo a l\u00edderes de opini\u00f3n europeos y representantes de diversas federaciones de camping. Adem\u00e1s, queremos hacer menci\u00f3n especial a las veinte empresas expositoras, seis entidades y empresas colaboradoras (CaixaBank o Coca-Cola), veintis\u00e9is expertos participantes en las ponencias y mesas redondas, cinco autoridades vinculadas al sector tur\u00edstico catal\u00e1n, veintinueve representantes institucionales del sector tur\u00edstico catal\u00e1n y seis representantes de diversas escuelas, institutos y universidades de Catalu\u00f1a que han contribuido al \u00e9xito de este evento. Agradecemos a todos los participantes, colaboradores y al Camping Vilanova Park por hacer posible este congreso. \u00a1Estamos ya con ganas de reencontrarnos en el pr\u00f3ximo 2026!<\/p>\n","protected":false},"excerpt":{"rendered":"<p>La Federaci\u00f3n Catalana de Campings ha organizado con \u00e9xito el primer Congreso de Campings de Catalunya, celebrado los d\u00edas 25 y 26 de abril de 2024 en el Camping Vilanova Park, de Vilanova y la Geltr\u00fa. Este evento, que hemos tenido el placer de asistir como representantes de la Asociaci\u00f3n de Campings de Girona, ha [&hellip;]<\/p>\n","protected":false},"author":1,"featured_media":107269,"comment_status":"open","ping_status":"open","sticky":false,"template":"","format":"standard","meta":{"_acf_changed":false,"footnotes":""},"categories":[712],"tags":[],"class_list":["post-107315","post","type-post","status-publish","format-standard","has-post-thumbnail","hentry","category-butlleti-mensual-es"],"acf":[],"_links":{"self":[{"href":"https:\/\/acg.campingsingirona.com\/es\/wp-json\/wp\/v2\/posts\/107315","targetHints":{"allow":["GET"]}}],"collection":[{"href":"https:\/\/acg.campingsingirona.com\/es\/wp-json\/wp\/v2\/posts"}],"about":[{"href":"https:\/\/acg.campingsingirona.com\/es\/wp-json\/wp\/v2\/types\/post"}],"author":[{"embeddable":true,"href":"https:\/\/acg.campingsingirona.com\/es\/wp-json\/wp\/v2\/users\/1"}],"replies":[{"embeddable":true,"href":"https:\/\/acg.campingsingirona.com\/es\/wp-json\/wp\/v2\/comments?post=107315"}],"version-history":[{"count":2,"href":"https:\/\/acg.campingsingirona.com\/es\/wp-json\/wp\/v2\/posts\/107315\/revisions"}],"predecessor-version":[{"id":107318,"href":"https:\/\/acg.campingsingirona.com\/es\/wp-json\/wp\/v2\/posts\/107315\/revisions\/107318"}],"wp:featuredmedia":[{"embeddable":true,"href":"https:\/\/acg.campingsingirona.com\/es\/wp-json\/wp\/v2\/media\/107269"}],"wp:attachment":[{"href":"https:\/\/acg.campingsingirona.com\/es\/wp-json\/wp\/v2\/media?parent=107315"}],"wp:term":[{"taxonomy":"category","embeddable":true,"href":"https:\/\/acg.campingsingirona.com\/es\/wp-json\/wp\/v2\/categories?post=107315"},{"taxonomy":"post_tag","embeddable":true,"href":"https:\/\/acg.campingsingirona.com\/es\/wp-json\/wp\/v2\/tags?post=107315"}],"curies":[{"name":"wp","href":"https:\/\/api.w.org\/{rel}","templated":true}]}}