{"id":98036,"date":"2023-03-30T00:00:00","date_gmt":"2023-03-30T00:00:00","guid":{"rendered":"https:\/\/acg.campingsingirona.com\/en\/blog\/les-noticies-del-mes-de-marc-de-2023\/"},"modified":"2023-10-18T09:06:44","modified_gmt":"2023-10-18T09:06:44","slug":"les-noticies-del-mes-de-marc-de-2023","status":"publish","type":"post","link":"https:\/\/acg.campingsingirona.com\/ca\/les-noticies-del-mes-de-marc-de-2023\/","title":{"rendered":"Les not\u00edcies del mes de mar\u00e7 de 2023"},"content":{"rendered":"\n<h2 class=\"wp-block-heading\"><strong>Nova web de Llagosnet!<\/strong><\/h2>\n\n\n\n<p>Aquest 2023 Llagosnet celebra 50 anys amb una imatge renovada i la creaci\u00f3 de serveis innovadors com la nova web:&nbsp;m\u00e9s visual, m\u00e9s funcional i que manifesta la seva ess\u00e8ncia!<\/p>\n\n\n\n<p>Dissenyada per optimitzar l\u2019experi\u00e8ncia on-line, podr\u00e0s consultar les solucions en mat\u00e8ria d\u2019higiene i neteja professional de manera r\u00e0pida i intu\u00eftiva.&nbsp;&nbsp;<\/p>\n\n\n\n<p>Amb la incorporaci\u00f3 del WhatsApp i altres eines de comunicaci\u00f3, esdev\u00e9 una plataforma de consulta habitual amb informaci\u00f3 \u00fatil i rellevant.&nbsp;&nbsp;<\/p>\n\n\n\n<p>Totalment responsive, \u00e9s capa\u00e7 d\u2019adaptar-se a qualsevol dispositiu m\u00f2bil.&nbsp;&nbsp;<\/p>\n\n\n\n<p>Entra i troba una soluci\u00f3 per a tu!&nbsp;<\/p>\n\n\n\n<p><a href=\"https:\/\/www.llagosnet.com\/ca\/?utm_source=blog&amp;utm_medium=link&amp;utm_campaign=mar%C3%A7\" target=\"_blank\" rel=\"noopener\">www.llagosnet.com<\/a><\/p>\n\n\n\n<figure class=\"wp-block-image size-large\"><img decoding=\"async\" src=\"https:\/\/acg.campingsingirona.com\/wp-content\/uploads\/2023\/04\/1.png\" alt=\"\" class=\"wp-image-4144\"\/><\/figure>\n\n\n\n<p><\/p>\n\n\n\n<h2 class=\"wp-block-heading\"><strong>10.000\u20ac a la fundaci\u00f3 Polseres Candela des dels establiments&nbsp;gironins<\/strong><\/h2>\n\n\n\n<p>El passat 6 de mar\u00e7, L\u2019ACG i GAP Serveis Tur\u00edstics vam visitar les instal\u00b7lacions de l\u2019Hospital Sant Joan de D\u00e9u per realitzar una donaci\u00f3 de 10.000\u20ac a la fundaci\u00f3 Polseres Candela gr\u00e0cies a la recaptaci\u00f3 del projecte C\u00e0mping Solidari el passat 2022.&nbsp;<\/p>\n\n\n\n<p>Aquest projecte de col\u00b7laboraci\u00f3 amb diverses associacions i fundacions solid\u00e0ries&nbsp;ha recaptat m\u00e9s de 18.000 euros el passat 2022 gr\u00e0cies a tots els establiments col\u00b7laboradors, l\u2019ACG i per descomptat, el nostre patrocinador GAP Serveis Tur\u00edstics, que fa una gesti\u00f3 d\u2019aquestes activitats molt m\u00e9s que \u00f2ptima i factible des de ja fa molts anys. &nbsp;<\/p>\n\n\n\n<p>Enguany, a partir d\u2019abril, s\u2019iniciar\u00e0 de nou la campanya del C\u00e0mping Solidari 2023 lligada a cinc&nbsp;fundacions, s&#8217;hi suma Astrid21 a les habituals, amb diverses activitats organitzades per GAP Serveis Tur\u00edstics i l\u2019ACG col\u00b7laborant amb els c\u00e0mpings que es vulguin unir a la causa. &nbsp;<\/p>\n\n\n\n<figure class=\"wp-block-image size-full\"><img decoding=\"async\" src=\"https:\/\/acg.campingsingirona.com\/wp-content\/uploads\/2023\/04\/2-1.jpeg\" alt=\"\" class=\"wp-image-4147\"\/><\/figure>\n\n\n\n<p><\/p>\n\n\n\n<h2 class=\"wp-block-heading\"><strong>El Grup S\u00e8nia guardonat als Premis G!<\/strong><\/h2>\n\n\n\n<p>El Grup S\u00e8nia ha sigut guardonat amb el Premi G! Francesc Xiquet Sabater, per la seva traject\u00f2ria empresarial i el seu creixement en el sector. &nbsp;<\/p>\n\n\n\n<p>Amb menys de 50 anys de recorregut, el nostre associat Grup S\u00e8nia, ja s\u2019ha convertit en l\u2019empresa familiar que ofereix m\u00e9s unitats d\u2019acampada de Catalunya, a m\u00e9s, t\u00e9 un distintiu de qualitat ambiental i ha sigut pioner en la posada en marxa de mesures medi-ambientals com control dels consums d\u2019aigua, gas i electricitat, automatitzaci\u00f3 dels sistemes de reg i la generaci\u00f3 d\u2019energia mitjan\u00e7ant plaques solars i fotovoltaiques. &nbsp;<\/p>\n\n\n\n<p>Els premis G! s\u00f3n uns guardons impulsats pel Patronat de Turisme Costa Brava Girona des de fa 17 anys que s\u2019han celebrat aquest 30 de mar\u00e7.&nbsp;<\/p>\n\n\n\n<p>Cada any se\u2019n crea un esdeveniment festiu de la jornada on s\u2019hi reuneixen autoritats p\u00fabliques, representants del sector tur\u00edstic i mitjans de comunicaci\u00f3. Enguany l\u2019ACG tamb\u00e9 hi ha assistit en recolzament al nostre associat que destaca pels seus establiments integrats de manera org\u00e0nica al paisatge.&nbsp;<\/p>\n\n\n\n<figure class=\"wp-block-image size-large\"><img decoding=\"async\" src=\"https:\/\/acg.campingsingirona.com\/wp-content\/uploads\/2023\/04\/PHOTO-2023-03-30-19-49-31.jpg\" alt=\"\" class=\"wp-image-4150\"\/><\/figure>\n\n\n\n<p><\/p>\n\n\n\n<h2 class=\"wp-block-heading\"><strong><strong>La Federaci\u00f3 Catalana de C\u00e0mpings, s&#8217;adhereix al Comprom\u00eds Nacional de Turisme Responsable de Catalunya<\/strong><\/strong><\/h2>\n\n\n\n<p>La Direcci\u00f3 General de Turisme ha posat en marxa el Comprom\u00eds Nacional per un Turisme Responsable per implementar un nou model de turisme ambientalment responsable, socialment just, territorialment equilibrat i reconnectat amb els elements identitaris del pa\u00eds. &nbsp;<\/p>\n\n\n\n<p>Des de l\u2019ACG i la FCC compartim els mateixos valors i apostem pel model que es planteja fermament, i per aquesta ra\u00f3 ens hem adherit al comprom\u00eds. &nbsp;<\/p>\n\n\n\n<p>Els objectius d\u2019aquesta participaci\u00f3 col\u00b7lectiva s\u00f3n la lluita contra el canvi clim\u00e0tic, la preservaci\u00f3 de la biodiversitat, l\u2019acc\u00e9s universal a les destinacions, la millora de la qualitat de l\u2019ocupaci\u00f3 i la descarbonitzaci\u00f3 de l\u2019economia. &nbsp;<\/p>\n\n\n\n<p>Per saber m\u00e9s informaci\u00f3 sobre aquest comprom\u00eds, podeu trobar-la <a href=\"https:\/\/empresa.gencat.cat\/web\/.content\/20_-_turisme\/compromis_turisme_responsable\/compromis.pdf?utm_source=blog&amp;utm_medium=link&amp;utm_campaign=mar%C3%A7\" target=\"_blank\" rel=\"noreferrer noopener\">aqu\u00ed.<\/a><\/p>\n\n\n\n<figure class=\"wp-block-image size-large\"><img decoding=\"async\" src=\"https:\/\/acg.campingsingirona.com\/wp-content\/uploads\/2023\/04\/E-devesa.jpeg\" alt=\"\" class=\"wp-image-4153\"\/><\/figure>\n\n\n\n<p><\/p>\n\n\n\n<h2 class=\"wp-block-heading\"><strong><strong><strong>Girocamping PRO 2023! Guardeu la data: 28 de setembre a Lloret de Mar<\/strong><\/strong><\/strong><\/h2>\n\n\n\n<p>Des de l\u2019Associaci\u00f3 de C\u00e0mpings de Girona ens complau informar que&nbsp;la 5a edici\u00f3 del Girocamping&nbsp;PRO, el&nbsp;congr\u00e9s especialitzat en el sector c\u00e0mping, se celebrar\u00e0 el pr\u00f2xim 28 de setembre de 2023. Aquest any ens movem a la comarca de La Selva, a Lloret de Mar!&nbsp;<br>&nbsp;<br>El congr\u00e9s reunir\u00e0 representants de tots els sectors tur\u00edstics amb un programa que inclour\u00e0 pon\u00e8ncies sobre diversos temes d\u2019actualitat,&nbsp;un marc perfecte per crear sinergies i con\u00e8ixer nous productes i serveis.&nbsp;<\/p>\n\n\n\n<p>Estem treballant en el programa de Girocamping PRO i us&nbsp;anirem informant i actualitzant la nostra p\u00e0gina web a mida que tinguem m\u00e9s informaci\u00f3 al respecte.&nbsp;<\/p>\n\n\n\n<p><a href=\"https:\/\/campingsingirona.com\/ca\/girocamping-pro\/?utm_source=blog&amp;utm_medium=link&amp;utm_campaign=mar%C3%A7\" target=\"_blank\" rel=\"noreferrer noopener\">M\u00e9s informaci\u00f3<\/a><\/p>\n\n\n\n<p>Per a qualsevol consulta, ens pots contactar&nbsp;a&nbsp;<a href=\"mailto:info@girocamping.com\" target=\"_blank\" rel=\"noreferrer noopener\">info@girocamping.com<\/a> &nbsp;<\/p>\n\n\n\n<figure class=\"wp-block-image size-large\"><img decoding=\"async\" src=\"https:\/\/acg.campingsingirona.com\/wp-content\/uploads\/2023\/04\/5.jpg\" alt=\"\" class=\"wp-image-4156\"\/><\/figure>\n\n\n\n<p><\/p>\n\n\n\n<h2 class=\"wp-block-heading\"><strong>I Jornada de Reflexi\u00f3 de Turisme Baix Empord\u00e0<\/strong><\/h2>\n\n\n\n<p>El dimarts 7 de mar\u00e7 es va celebrar al Park Hotel San Jorge la I Jornada de Reflexi\u00f3 de Turisme al Baix Empord\u00e0, organitzada pel Consell Comarcal del Baix Empord\u00e0. &nbsp;<\/p>\n\n\n\n<p>Josep Maria Pla, vicepresident de l\u2019ACG (C\u00e0mping Les Medes) i Esteve Guerra, president d\u2019Empord\u00e0 Turisme i propietari del (Bassegoda Park), van participar a la jornada. Es va parlar de la import\u00e0ncia de dignificar la professi\u00f3 per l\u2019atracci\u00f3 del talent i uns treballadors motivats. Tamb\u00e9 es va fer molta refer\u00e8ncia a la desestacionalitzaci\u00f3 i com l\u2019autocaravana en podria ser un bon element a posar la mirada&nbsp;pel creixement d\u2019aquesta. &nbsp;<\/p>\n\n\n\n<figure class=\"wp-block-image size-large\"><img decoding=\"async\" src=\"https:\/\/acg.campingsingirona.com\/wp-content\/uploads\/2023\/04\/6.png\" alt=\"\" class=\"wp-image-4159\"\/><\/figure>\n\n\n\n<p><\/p>\n\n\n\n<h2 class=\"wp-block-heading\"><strong>Participem al CETT Talent 2023!<\/strong><\/h2>\n\n\n\n<p>Enguany, en la seva 21\u00aa edici\u00f3, el centre Universitari de Turisme, Hosteleria i Gastronomia adscrit a la Universitat de Barcelona, CETT, ha volgut promoure&nbsp;aquest 9 mes de mar\u00e7 una jornada de n<em>etworking <\/em>entre empreses i alumnat anomenat CETT Talent. &nbsp;<\/p>\n\n\n\n<p>Aquesta jornada&nbsp;consta d\u2019una trobada entre alumnes, <em>alumni <\/em>i empreses per tal que es puguin iniciar sinergies explorant possibilitats de desenvolupament professional i per aportar eines per la identificaci\u00f3 i la captaci\u00f3 del talent qualificat. &nbsp;<\/p>\n\n\n\n<p>En aquesta edici\u00f3 l\u2019Associaci\u00f3 de C\u00e0mpings de Girona, amb 60 empreses m\u00e9s,&nbsp;hi ha acudit amb la voluntat de buscar entre l\u2019alumnat, els possibles candidats per futures oportunitats laborals, aix\u00ed com captar talent pel sector c\u00e0mping.&nbsp;<\/p>\n\n\n\n<p>S\u2019han pogut realitzar gaireb\u00e9 vint&nbsp;entrevistes profitoses, que poden encaixar en diferents serveis de cada c\u00e0mping, i posicionar els c\u00e0mpings de Girona com una opci\u00f3 laboral despr\u00e9s dels estudis en Turisme, Hosteleria i Gastronomia.&nbsp;<\/p>\n\n\n\n<figure class=\"wp-block-image size-large\"><img decoding=\"async\" src=\"https:\/\/acg.campingsingirona.com\/wp-content\/uploads\/2023\/04\/7.png\" alt=\"\" class=\"wp-image-4162\"\/><\/figure>\n\n\n\n<p><\/p>\n\n\n\n<h2 class=\"wp-block-heading\"><strong>Team building de la Junta Directiva i el Comit\u00e8 Assessor de l\u2019ACG<\/strong><\/h2>\n\n\n\n<p>El passat 16 de mar\u00e7, l\u2019Associaci\u00f3 de C\u00e0mpings de Girona va organitzar una jornada de treball recorrent els voltants del Baix Empord\u00e0. Aquest dia s&#8217;emmarca en un seguit d\u2019activitats i reunions itinerants que tenen per objectiu con\u00e8ixer l\u2019oferta del territori per facilitar-la als seus campistes de primera m\u00e0, en conson\u00e0ncia amb la filosofia d\u2019associaci\u00f3 oberta i propera amb els establiments arrelats al territori.&nbsp;&nbsp;<\/p>\n\n\n\n<p>La jornada va incloure una ruta amb e-Bike, de la m\u00e0 d\u2019E-bikes Area, passant per diferents pobles medievals de la zona com Peratallada o Pals, seguit de la visita al trull d\u2019oli Fontclara i finalment un dinar al restaurant Mooma, amb la celebraci\u00f3 de la junta al mateix local.&nbsp;&nbsp;<\/p>\n\n\n\n<p>Les anteriors jornades van celebrar-se a l\u2019espai Cr\u00e0ter d\u2019Olot (2022) i al Museu Dal\u00ed de Figueres (2021). &nbsp;<\/p>\n\n\n\n<figure class=\"wp-block-image size-large\"><img decoding=\"async\" src=\"https:\/\/acg.campingsingirona.com\/wp-content\/uploads\/2023\/04\/8.png\" alt=\"\" class=\"wp-image-4165\"\/><\/figure>\n\n\n\n<p><\/p>\n\n\n\n<h2 class=\"wp-block-heading\"><strong>Staff Grup renova un any m\u00e9s el comprom\u00eds amb els c\u00e0mpings de Girona<\/strong><\/h2>\n\n\n\n<p>Des de l\u2019Associaci\u00f3 de C\u00e0mpings de Girona, celebrem la renovaci\u00f3 del conveni de col\u00b7laboraci\u00f3 i patrocini amb Staff Piscinas per 6\u00e8 any consecutiu. Amb la firma d\u2019aquest conveni, l\u2019empresa catalana consolida la seva aposta constant pels espais d\u2019oci aqu\u00e0tic dels c\u00e0mpings gironins, una tend\u00e8ncia que segueix a l\u2019al\u00e7a al sector c\u00e0mping. &nbsp;<\/p>\n\n\n\n<p>Staff Piscinas , \u00e9s una empresa familiar amb m\u00e9s de 30 anys d\u2019experi\u00e8ncia dedicats a la construcci\u00f3 de tota mena de piscines, zones <em>wellness <\/em>i vestuaris d\u2019alta qualitat. Ofereixen serveis personalitzats i un equip de professionals qualificats per executar projectes a escala nacional i internacional.&nbsp;<\/p>\n\n\n\n<p>Per a m\u00e9s informaci\u00f3 podeu posar-vos en contacte amb&nbsp;<a href=\"mailto:staff@staff.es\" target=\"_blank\" rel=\"noreferrer noopener\">staff@staff.es<\/a><\/p>\n\n\n\n<p><\/p>\n\n\n\n<h2 class=\"wp-block-heading\"><strong>Participem a la taula rodona de BTravel amb la CETT_UB i IQS<\/strong><\/h2>\n\n\n\n<p>Des del CETT-UB i el departament de turisme de IQS- School of Management&nbsp;es va convidar a la gerent de l\u2019ACG, Laura Toso, a participar a una taula rodona el dia d&#8217;inauguraci\u00f3 del BTravel. La taula girava al voltant de la captaci\u00f3 de talent i la seva retenci\u00f3.&nbsp;<\/p>\n\n\n\n<p>La Laura va fer especial inc\u00eds en la posada en valor del treballador d\u2019aquest sector i no considerar-lo com un cost, sin\u00f3 una inversi\u00f3 per la fidelitzaci\u00f3 amb el client, doncs s\u00f3n la cara visible de l\u2019empresa. A m\u00e9s, va comentar que cal una bona formaci\u00f3 i que l\u2019associaci\u00f3 est\u00e0 treballant per elaborar una borsa de treball perqu\u00e8 els associats puguin tenir-la disponible. &nbsp;<\/p>\n\n\n\n<p>Va ser una jornada lectiva i profitosa amb altres professionals com Ramon Gonzalez, Secretari General de la Federaci\u00f3 de Serveis de CCOO, Daniela Setterberg, Talent Manager d\u2019<em>Amadeus <\/em>i Guillem Gispert, Country Manager Spain &amp; Portugal de <em>Trip<\/em>.<em>com<\/em>. &nbsp;<\/p>\n\n\n\n<p>El BTravel, la fira destinada al p\u00fablic viatger, aquest any ha acollit m\u00e9s de 25.480 persones i m\u00e9s de 35 destins internacionals.&nbsp;<\/p>\n\n\n\n<figure class=\"wp-block-image size-large\"><img decoding=\"async\" src=\"https:\/\/acg.campingsingirona.com\/wp-content\/uploads\/2023\/04\/CETT-Campings.jpeg\" alt=\"\" class=\"wp-image-4186\"\/><\/figure>\n\n\n\n<p><\/p>\n\n\n\n<h2 class=\"wp-block-heading\"><strong><strong>Patrocinadors Uplaan<\/strong><\/strong><\/h2>\n\n\n\n<p>Aquest mes Uplaan Solutions s\u2019ha unit a la fam\u00edlia de l\u2019ACG com a empresa patrocinadora. Des de l\u2019ACG creiem que pot aportar millores i facilitats als nostres associats, oferint noves oportunitats de gesti\u00f3 pels c\u00e0mpings gironins.&nbsp;&nbsp;<\/p>\n\n\n\n<p>Aquesta empresa dedicada al software, pret\u00e9n ajudar als seus clients a digitalitzar-se mitjan\u00e7ant la implementaci\u00f3 d\u2019una plataforma de gesti\u00f3 integral, que ve connectada a una APP pr\u00f2pia i personalitzada per als campistes.&nbsp;&nbsp;&nbsp;<\/p>\n\n\n\n<p>Aquesta plataforma permet al c\u00e0mping ser molt m\u00e9s eficient en la gesti\u00f3 dels seus equips, automatitzar les feines recurrents i portar un control exhaustiu de tota l\u2019activitat que es registra al complex.&nbsp;&nbsp;<\/p>\n\n\n\n<p>La seva APP, en canvi, est\u00e0 enfocada a l\u2019experi\u00e8ncia del client. Els permetr\u00e0 informar-se, reservar i pagar tots els serveis i esdeveniments disponibles, a m\u00e9s de contestar enquestes i notificar possibles incid\u00e8ncies.&nbsp;&nbsp;<\/p>\n\n\n\n<p>Aix\u00ed, la plataforma i la APP estan connectades. Son configurables a tots els idiomes i s&#8217;adapten al c\u00e0mping amb nom\u00e9s 15 dies d\u2019implementaci\u00f3. Uplaan Solutions tamb\u00e9 es cuida de formar al personal del c\u00e0mping amb l\u2019\u00fas de l\u2019APP i s&#8217;ofereix suport t\u00e8cnic sempre que es necessiti.&nbsp;&nbsp;<\/p>\n\n\n\n<p>A m\u00e9s, tots els c\u00e0mpings associats que ho sol\u00b7licitin podran comptar amb una demostraci\u00f3 gratu\u00efta de la plataforma. Al informar que es forma part de l\u2019ACG tamb\u00e9 s\u2019aplicar\u00e0 un 10% de descompte en la seva contractaci\u00f3.&nbsp;<\/p>\n\n\n\n<p>Dades de contacte:&nbsp;&nbsp;<\/p>\n\n\n\n<p>&nbsp;Tel: 93 122 89 58&nbsp;<\/p>\n\n\n\n<p>&nbsp;E-mail: <a href=\"mailto:info@uplaan.com\" target=\"_blank\" rel=\"noreferrer noopener\">info@uplaan.com<\/a>&nbsp;<\/p>\n\n\n\n<figure class=\"wp-block-image size-full\"><img decoding=\"async\" src=\"https:\/\/acg.campingsingirona.com\/wp-content\/uploads\/2023\/04\/BannerHori_580x130-1.gif\" alt=\"\" class=\"wp-image-4176\"\/><\/figure>\n\n\n\n<p><\/p>\n\n\n\n<h2 class=\"wp-block-heading\"><strong>NOT\u00cdCIA DIGITAL: El volum de les redireccions web de l\u2019ACG augmenta un 15% durant l\u2019any 2022<\/strong><\/h2>\n\n\n\n<p>Des del web de l\u2019Associaci\u00f3 de C\u00e0mpings donem visibilitat als m\u00e9s de 70 associats que tenim, aix\u00f2 ho fem a trav\u00e9s de les seves fitxes on es mostra una breu descripci\u00f3 del c\u00e0mping, els serveis que ofereix, la localitzaci\u00f3 i les dades de contacte amb redirecci\u00f3 al seu web propi.&nbsp;<\/p>\n\n\n\n<p>Durant l\u2019any 2022 el web de l\u2019ACG ha rebut m\u00e9s de 315.000 visites, que han generat 266.000 visualitzacions a les&nbsp;fitxes dels c\u00e0mpings associats i han referit 158.000 visites als seus respectius webs. Tant les visualitzacions com les redireccions han crescut un 15% respecte a l\u2019any&nbsp;2021, que havia estat el millor any fins a la data.&nbsp;<\/p>\n\n\n\n<p>En el per\u00edode 2019-2022, amb el refor\u00e7ament de l\u2019estrat\u00e8gia digital i amb el canvi de web, les visualitzacions de les fitxes dels c\u00e0mpings associats s\u2019han triplicat i el tr\u00e0fic referit als webs dels associats s\u2019ha multiplicat per 2,7.&nbsp;<\/p>\n\n\n\n<figure class=\"wp-block-image size-full\"><img decoding=\"async\" src=\"https:\/\/acg.campingsingirona.com\/wp-content\/uploads\/2023\/04\/13.png\" alt=\"\" class=\"wp-image-4168\"\/><\/figure>\n","protected":false},"excerpt":{"rendered":"<p>Nova web de Llagosnet! Aquest 2023 Llagosnet celebra 50 anys amb una imatge renovada i la creaci\u00f3 de serveis innovadors com la nova web:&nbsp;m\u00e9s visual, m\u00e9s funcional i que manifesta la seva ess\u00e8ncia! Dissenyada per optimitzar l\u2019experi\u00e8ncia on-line, podr\u00e0s consultar les solucions en mat\u00e8ria d\u2019higiene i neteja professional de manera r\u00e0pida i intu\u00eftiva.&nbsp;&nbsp; Amb la [&hellip;]<\/p>\n","protected":false},"author":1,"featured_media":98038,"comment_status":"closed","ping_status":"open","sticky":false,"template":"","format":"standard","meta":{"_acf_changed":false,"footnotes":""},"categories":[],"tags":[],"class_list":["post-98036","post","type-post","status-publish","format-standard","has-post-thumbnail","hentry"],"acf":[],"_links":{"self":[{"href":"https:\/\/acg.campingsingirona.com\/ca\/wp-json\/wp\/v2\/posts\/98036","targetHints":{"allow":["GET"]}}],"collection":[{"href":"https:\/\/acg.campingsingirona.com\/ca\/wp-json\/wp\/v2\/posts"}],"about":[{"href":"https:\/\/acg.campingsingirona.com\/ca\/wp-json\/wp\/v2\/types\/post"}],"author":[{"embeddable":true,"href":"https:\/\/acg.campingsingirona.com\/ca\/wp-json\/wp\/v2\/users\/1"}],"replies":[{"embeddable":true,"href":"https:\/\/acg.campingsingirona.com\/ca\/wp-json\/wp\/v2\/comments?post=98036"}],"version-history":[{"count":1,"href":"https:\/\/acg.campingsingirona.com\/ca\/wp-json\/wp\/v2\/posts\/98036\/revisions"}],"predecessor-version":[{"id":104211,"href":"https:\/\/acg.campingsingirona.com\/ca\/wp-json\/wp\/v2\/posts\/98036\/revisions\/104211"}],"wp:featuredmedia":[{"embeddable":true,"href":"https:\/\/acg.campingsingirona.com\/ca\/wp-json\/wp\/v2\/media\/98038"}],"wp:attachment":[{"href":"https:\/\/acg.campingsingirona.com\/ca\/wp-json\/wp\/v2\/media?parent=98036"}],"wp:term":[{"taxonomy":"category","embeddable":true,"href":"https:\/\/acg.campingsingirona.com\/ca\/wp-json\/wp\/v2\/categories?post=98036"},{"taxonomy":"post_tag","embeddable":true,"href":"https:\/\/acg.campingsingirona.com\/ca\/wp-json\/wp\/v2\/tags?post=98036"}],"curies":[{"name":"wp","href":"https:\/\/api.w.org\/{rel}","templated":true}]}}