{"id":98034,"date":"2023-03-09T00:00:00","date_gmt":"2023-03-09T00:00:00","guid":{"rendered":"https:\/\/acg.campingsingirona.com\/en\/blog\/el-camping-nautic-almata-rep-el-prestigios-premi-alemany-dcc-europa-preis-2023\/"},"modified":"2023-10-18T09:06:40","modified_gmt":"2023-10-18T09:06:40","slug":"el-camping-nautic-almata-rep-el-prestigios-premi-alemany-dcc-europa-preis-2023","status":"publish","type":"post","link":"https:\/\/acg.campingsingirona.com\/ca\/el-camping-nautic-almata-rep-el-prestigios-premi-alemany-dcc-europa-preis-2023\/","title":{"rendered":"<strong>El c\u00e0mping N\u00e0utic Almata, rep el prestigi\u00f3s premi alemany DCC Europa-Preis 2023<\/strong>"},"content":{"rendered":"\n<p>El c\u00e0mping N\u00e0utic Almata de Castell\u00f3 d\u2019Emp\u00faries ha rebut el prestigi\u00f3s premi alemany DCC-Europa Preis 2023, atorgat pel Deutscher Camping Club (DCC), la principal associaci\u00f3 per a campistes a Alemanya, amb uns 85.000 membres. Aquests premis, creats el 1996, s\u2019atorguen anualment a quatre c\u00e0mpings europeus i aquest any els guardonats s\u00f3n d\u2019Alemanya, \u00c0ustria, Fran\u00e7a i el c\u00e0mping Almata, com a c\u00e0mping elegit a l\u2019Estat espanyol. El premi, entregat en el marc de la Fira Reise-Camping a la localitat alemanya de Essen, reconeix la traject\u00f2ria i qualitat de l\u2019establiment giron\u00ed.<\/p>\n\n\n\n<p>Els c\u00e0mpings de les comarques gironines refermen un cop m\u00e9s el seu lideratge internacional i segueixen sumant reconeixements. El c\u00e0mping N\u00e0utic Almata celebra aquest any el seu 50 aniversari. Des de la seva fundaci\u00f3, el 1973, la fam\u00edlia Senillosa, propiet\u00e0ria de l\u2019empresa, conserva l\u2019ess\u00e8ncia del respecte per l\u2019entorn que l\u2019acull. L\u2019establiment est\u00e0 ubicat al costat del mar, a l\u2019entorn natural dels Aiguamolls de l\u2019Empord\u00e0 i rodejat de canals i rius navegables. Disposa de 850 parcel\u00b7les, 100 allotjaments, 127 amarraments per a vaixells, una gran zona de piscines, un supermercat, una guingueta i un restaurant, entre altres serveis. Una de les seves principals ofertes d\u2019allotjament \u00e9s el glamping.<\/p>\n\n\n\n<p>La direcci\u00f3 del N\u00e0utic Almata destaca: \u201caquest premi acompanya el nostre esperit de mantenir l\u2019ess\u00e8ncia de la vida del c\u00e0mping amb uns serveis d\u2019excel\u00b7l\u00e8ncia\u201d. El president de l\u2019Associaci\u00f3 de C\u00e0mpings de Girona Miquel Gotanegra, remarca que els premis als c\u00e0mpings s\u00f3n \u201cun reconeixement molt important a la feina que est\u00e0 fent el sector i demostren el gran nivell i l\u2019excel\u00b7l\u00e8ncia dels establiments\u201d. \u201cSi seguim liderant l\u2019oferta del sector del c\u00e0mping a Europa \u00e9s gr\u00e0cies a la feina de tots els establiments\u201d.<\/p>\n\n\n\n<p>Una gran part dels clients dels c\u00e0mpings gironins s\u00f3n estrangers, sobretot holandesos i alemanys, d\u2019on provenen molts dels reconeixements internacionals rebuts.<\/p>\n","protected":false},"excerpt":{"rendered":"<p>El c\u00e0mping N\u00e0utic Almata de Castell\u00f3 d\u2019Emp\u00faries ha rebut el prestigi\u00f3s premi alemany DCC-Europa Preis 2023, atorgat pel Deutscher Camping Club (DCC), la principal associaci\u00f3 per a campistes a Alemanya, amb uns 85.000 membres. Aquests premis, creats el 1996, s\u2019atorguen anualment a quatre c\u00e0mpings europeus i aquest any els guardonats s\u00f3n d\u2019Alemanya, \u00c0ustria, Fran\u00e7a i [&hellip;]<\/p>\n","protected":false},"author":1,"featured_media":98035,"comment_status":"closed","ping_status":"open","sticky":false,"template":"","format":"standard","meta":{"_acf_changed":false,"footnotes":""},"categories":[],"tags":[],"class_list":["post-98034","post","type-post","status-publish","format-standard","has-post-thumbnail","hentry"],"acf":[],"_links":{"self":[{"href":"https:\/\/acg.campingsingirona.com\/ca\/wp-json\/wp\/v2\/posts\/98034","targetHints":{"allow":["GET"]}}],"collection":[{"href":"https:\/\/acg.campingsingirona.com\/ca\/wp-json\/wp\/v2\/posts"}],"about":[{"href":"https:\/\/acg.campingsingirona.com\/ca\/wp-json\/wp\/v2\/types\/post"}],"author":[{"embeddable":true,"href":"https:\/\/acg.campingsingirona.com\/ca\/wp-json\/wp\/v2\/users\/1"}],"replies":[{"embeddable":true,"href":"https:\/\/acg.campingsingirona.com\/ca\/wp-json\/wp\/v2\/comments?post=98034"}],"version-history":[{"count":1,"href":"https:\/\/acg.campingsingirona.com\/ca\/wp-json\/wp\/v2\/posts\/98034\/revisions"}],"predecessor-version":[{"id":104210,"href":"https:\/\/acg.campingsingirona.com\/ca\/wp-json\/wp\/v2\/posts\/98034\/revisions\/104210"}],"wp:featuredmedia":[{"embeddable":true,"href":"https:\/\/acg.campingsingirona.com\/ca\/wp-json\/wp\/v2\/media\/98035"}],"wp:attachment":[{"href":"https:\/\/acg.campingsingirona.com\/ca\/wp-json\/wp\/v2\/media?parent=98034"}],"wp:term":[{"taxonomy":"category","embeddable":true,"href":"https:\/\/acg.campingsingirona.com\/ca\/wp-json\/wp\/v2\/categories?post=98034"},{"taxonomy":"post_tag","embeddable":true,"href":"https:\/\/acg.campingsingirona.com\/ca\/wp-json\/wp\/v2\/tags?post=98034"}],"curies":[{"name":"wp","href":"https:\/\/api.w.org\/{rel}","templated":true}]}}