{"id":98003,"date":"2023-01-12T00:00:00","date_gmt":"2023-01-12T00:00:00","guid":{"rendered":"https:\/\/acg.campingsingirona.com\/en\/blog\/vuit-campings-gironins-guardonats-utrecht-com-millors-europa-anwb\/"},"modified":"2023-10-18T09:06:25","modified_gmt":"2023-10-18T09:06:25","slug":"vuit-campings-gironins-guardonats-utrecht-com-millors-europa-anwb","status":"publish","type":"post","link":"https:\/\/acg.campingsingirona.com\/ca\/vuit-campings-gironins-guardonats-utrecht-com-millors-europa-anwb\/","title":{"rendered":"Nou c\u00e0mpings gironins guardonats  com els millors d\u2019Europa per l\u2019ANWB i l&#8217;ADAC"},"content":{"rendered":"\n<p>Els c\u00e0mpings de les comarques gironines refermen el seu lideratge internacional despr\u00e9s de les noves distincions rebudes enguany a Utrecht i Stuttgart per dues de les principals organitzacions europees del sector, l\u2019ANWB -l\u2019associaci\u00f3 automobil\u00edstica de refer\u00e8ncia als Pa\u00efsos Baixos- i l\u2019Allgemeiner Deutscher Automobil-Club (ADAC) d\u2019Alemanya -l&#8217;associaci\u00f3 automobil\u00edstica m\u00e9s gran d&#8217;Europa-. Nou c\u00e0mpings gironins han estat premiats com els millors d\u2019Europa, sis dels quals han obtingut reconeixements d\u2019ambdues organitzacions.<\/p>\n\n\n\n<p>Els c\u00e0mpings gironins guardonats amb el <em>Top Camping<\/em> 2023 cinc estrelles s\u00f3n: <strong>Laguna<\/strong>, de Castell\u00f3 d\u2019Emp\u00faries<strong>; Les Medes, <\/strong>de l\u2019Estartit;<strong> Sandaya Cypsela, <\/strong>de Pals<strong>; \u00a0Aquarius, L\u2019\u00c0mfora, Las Dunas, i La Ballena Alegre de Sant Pere Pescador; i<\/strong> <strong>l\u2019Eurocamping<\/strong> de Sant Antoni de Calonge, que obt\u00e9 per \u00a0primera vegada aquest reconeixement. A tot l\u2019Estat espanyol s\u2019han distingit 17 c\u00e0mpings.<\/p>\n\n\n\n<p><strong>La Ballena Alegre i Yelloh! Village Sant Pol nominats<\/strong><\/p>\n\n\n\n<p>A m\u00e9s, el c\u00e0mping <strong>La Ballena Alegre<\/strong> han quedat nominats per l\u2019ANWB en la categoria de \u201cC\u00e0mping familiar m\u00e9s agradable prop del mar\u201d; mentre que el c\u00e0mping <strong>Yelloh! Village Sant Pol,<\/strong> de Sant Feliu de Gu\u00edxols, tamb\u00e9 ha estat nominat en la categoria d\u2019 \u201dAllotjament m\u00e9s singular\u201d. Aquests premis es concedeixen per mitj\u00e0 de les votacions de 26.000 usuaris holandesos i compten amb una auditoria externa per assegurar que el procediment sigui correcte.<\/p>\n\n\n\n<p>L\u2019entrega dels guardons s\u2019ha dut a terme en una cerim\u00f2nia celebrada a Utrecht, en el marc de la fira Vakantiebeurs, \u00a0a la qual ha assistit el president de l\u2019Associaci\u00f3 de C\u00e0mpings de Girona, Miquel Gotanegra; el diputat de la Diputaci\u00f3 de Girona i vicepresident del Patronat de Turisme Costa Brava Girona, Jaume Dulsat; i empresaris, directius i gestors de c\u00e0mpings.<\/p>\n\n\n\n<p>El president de l\u2019Associaci\u00f3 de C\u00e0mpings de Girona ha dit que \u201caquests guardons \u00a0s\u00f3n un reconeixement a la feina constant que fa el sector de millora continua&#8221; i ha destacat que, malgrat els dos \u00faltims anys complicats, els establiments ha continuant invertint sobretot per avan\u00e7ar en la seva efici\u00e8ncia energ\u00e8tica i sostenibilitat. Miquel Gotanegra considera molt \u00a0important que el sector estigui present a f\u00f2rums com el d\u2019Utrecht per estar al dia. Per la seva banda, el vicepresident del Patronat de Turisme Costa Brava Girona ha assenyalat que \u201cel sector del c\u00e0mping \u00e9s clau per a la destinaci\u00f3\u201d i ha destacat que \u00a0els guardons concedits s\u00f3n el resultat de les importants inversions que duen a terme cada any els establiments gironins per mantenir la seva gran aposta per l\u2019excel\u00b7l\u00e8ncia.<\/p>\n\n\n\n<p>Durant la seva estada a Utrecht, el president de l\u2019Associaci\u00f3 de C\u00e0mpings ha dut a terme reunions amb el vicepresident del Patronat de Turisme i representants del sector a Europa per copsar l\u2019evoluci\u00f3 del sector i parlar de projectes de futur.<\/p>\n\n\n\n<figure class=\"wp-block-image size-large\"><img decoding=\"async\" src=\"https:\/\/acg.campingsingirona.com\/wp-content\/uploads\/2023\/04\/Foto-premis-europeus-campings-catalans.jpeg\" alt=\"\" class=\"wp-image-4011\"\/><\/figure>\n\n\n\n<p><strong>Sis c\u00e0mpings gironins guardonats tamb\u00e9 a Stuttgart<\/strong><\/p>\n\n\n\n<p>Per altra banda, en una cerim\u00f2nia celebrada a Stuttgart, sis c\u00e0mpings gironins \u00a0han estat guardonats amb el Superpl\u00e4tze 2023, que concedeix l\u2019Allgemeiner Deutscher Automobil-Club (ADAC) d\u2019Alemanya -l&#8217;associaci\u00f3 automobil\u00edstica m\u00e9s gran d&#8217;Europa-. Els establiments premiats per l\u2019ADAC s\u00f3n: <strong>Les Medes<\/strong> de l\u2019Estartit; <strong>El Delfin Verde Costa Brava Resort<\/strong> de Torroella de Montgr\u00ed; i <strong>L\u2019\u00c0mfora<\/strong>, <strong>La Ballena Alegre<\/strong>, <strong>Las Dunas i Aquarius<\/strong> de Sant Pere Pescador . L\u2019ADAC \u00e9s l\u2019associaci\u00f3 que t\u00e9 m\u00e9s socis d\u2019aquell pa\u00eds amb m\u00e9s de 20 milions de fam\u00edlies associades.<\/p>\n\n\n\n<p>Els inspectors de l&#8217;ADAC visiten i avaluen els establiments, segons uns criteris pr\u00e8viament establerts, entre els quals hi ha: l&#8217;equipament i el manteniment de les instal\u00b7lacions, les activitats de lleure, la gastronomia, i els servei. Els establiments que obtenen la m\u00e0xima puntuaci\u00f3 a totes les categories obtenen la distinci\u00f3 ADAC Superpl\u00e4tz.<\/p>\n","protected":false},"excerpt":{"rendered":"<p>Els c\u00e0mpings de les comarques gironines refermen el seu lideratge internacional despr\u00e9s de les noves distincions rebudes enguany a Utrecht i Stuttgart per dues de les principals organitzacions europees del sector, l\u2019ANWB -l\u2019associaci\u00f3 automobil\u00edstica de refer\u00e8ncia als Pa\u00efsos Baixos- i l\u2019Allgemeiner Deutscher Automobil-Club (ADAC) d\u2019Alemanya -l&#8217;associaci\u00f3 automobil\u00edstica m\u00e9s gran d&#8217;Europa-. Nou c\u00e0mpings gironins han estat [&hellip;]<\/p>\n","protected":false},"author":1,"featured_media":98005,"comment_status":"closed","ping_status":"open","sticky":false,"template":"","format":"standard","meta":{"_acf_changed":false,"footnotes":""},"categories":[],"tags":[],"class_list":["post-98003","post","type-post","status-publish","format-standard","has-post-thumbnail","hentry"],"acf":[],"_links":{"self":[{"href":"https:\/\/acg.campingsingirona.com\/ca\/wp-json\/wp\/v2\/posts\/98003","targetHints":{"allow":["GET"]}}],"collection":[{"href":"https:\/\/acg.campingsingirona.com\/ca\/wp-json\/wp\/v2\/posts"}],"about":[{"href":"https:\/\/acg.campingsingirona.com\/ca\/wp-json\/wp\/v2\/types\/post"}],"author":[{"embeddable":true,"href":"https:\/\/acg.campingsingirona.com\/ca\/wp-json\/wp\/v2\/users\/1"}],"replies":[{"embeddable":true,"href":"https:\/\/acg.campingsingirona.com\/ca\/wp-json\/wp\/v2\/comments?post=98003"}],"version-history":[{"count":1,"href":"https:\/\/acg.campingsingirona.com\/ca\/wp-json\/wp\/v2\/posts\/98003\/revisions"}],"predecessor-version":[{"id":104201,"href":"https:\/\/acg.campingsingirona.com\/ca\/wp-json\/wp\/v2\/posts\/98003\/revisions\/104201"}],"wp:featuredmedia":[{"embeddable":true,"href":"https:\/\/acg.campingsingirona.com\/ca\/wp-json\/wp\/v2\/media\/98005"}],"wp:attachment":[{"href":"https:\/\/acg.campingsingirona.com\/ca\/wp-json\/wp\/v2\/media?parent=98003"}],"wp:term":[{"taxonomy":"category","embeddable":true,"href":"https:\/\/acg.campingsingirona.com\/ca\/wp-json\/wp\/v2\/categories?post=98003"},{"taxonomy":"post_tag","embeddable":true,"href":"https:\/\/acg.campingsingirona.com\/ca\/wp-json\/wp\/v2\/tags?post=98003"}],"curies":[{"name":"wp","href":"https:\/\/api.w.org\/{rel}","templated":true}]}}