{"id":97994,"date":"2023-01-03T00:00:00","date_gmt":"2023-01-03T00:00:00","guid":{"rendered":"https:\/\/acg.campingsingirona.com\/en\/blog\/les-noticies-del-mes-de-desembre-de-2022\/"},"modified":"2023-10-18T09:06:23","modified_gmt":"2023-10-18T09:06:23","slug":"les-noticies-del-mes-de-desembre-de-2022","status":"publish","type":"post","link":"https:\/\/acg.campingsingirona.com\/ca\/les-noticies-del-mes-de-desembre-de-2022\/","title":{"rendered":"Les not\u00edcies del mes de desembre de 2022"},"content":{"rendered":"\n<h2 class=\"wp-block-heading\"><strong><strong>L\u2019ACG us desitja molt bones festes i un bon 2023!<\/strong><\/strong><\/h2>\n\n\n\n<p>Des de la junta directiva de l\u2019Associaci\u00f3 de C\u00e0mpings de Girona us desitgem unes molt bones festes i una millor temporada tur\u00edstica 2023! Desitgem que el nou any vingui ple de prosperitat, \u00e8xits i molts turistes!<\/p>\n\n\n\n<div style=\"height:13px\" aria-hidden=\"true\" class=\"wp-block-spacer\"><\/div>\n\n\n\n<figure class=\"wp-block-image size-large\"><img decoding=\"async\" src=\"https:\/\/acg.campingsingirona.com\/wp-content\/uploads\/2023\/04\/Bon-nadal.jpg\" alt=\"\" class=\"wp-image-3976\"\/><\/figure>\n\n\n\n<div style=\"height:20px\" aria-hidden=\"true\" class=\"wp-block-spacer\"><\/div>\n\n\n\n<h2 class=\"wp-block-heading\"><strong><strong>La campanya C\u00e0mping Solidari de 2022 recapta 17.500\u20ac<\/strong><\/strong><\/h2>\n\n\n\n<p>Un altre any, els c\u00e0mpings de Girona han participat en la campanya C\u00e0mping Solidari. Enguany, s\u2019han recaptat un total de 17.500 \u20ac, 5.000 \u20ac m\u00e9s que en l\u2019edici\u00f3 anterior.&nbsp;&nbsp;&nbsp;<\/p>\n\n\n\n<p>Aix\u00f2 ha sigut gr\u00e0cies a les diferents activitats organitzades durant l\u2019estiu en diferents c\u00e0mpings del territori i coordinades per l\u2019empresa GAP Serveis Tur\u00edstics, experts en la creaci\u00f3 i gesti\u00f3 d&#8217;activitats d\u2019animaci\u00f3 en l\u2019\u00e0mbit tur\u00edstic i patrocinadors de l\u2019ACG.&nbsp;&nbsp;<\/p>\n\n\n\n<p>Els fons recaptats aniran destinats, en primer lloc, a la investigaci\u00f3 contra el c\u00e0ncer infantil a l\u2019Hospital Sant Joan de D\u00e9u a Barcelona i, en segon lloc, a la Fundaci\u00f3 Esclerosi M\u00faltiple.&nbsp;&nbsp;<\/p>\n\n\n\n<p>A m\u00e9s, en el marc del C\u00e0mping Solidari, tamb\u00e9 s\u2019ha participat en la promoci\u00f3 de diverses campanyes de donaci\u00f3 del Banc de Sang i Teixits i en la campanya<em> els c\u00e0mpings es posen la gorra!, <\/em>pel projecte de la Casa dels Xuklis per l\u2019AFANOC.&nbsp;&nbsp;<\/p>\n\n\n\n<p>A la foto, fent entrega del xec a la Fundaci\u00f3 Esclerosi M\u00faltiple al seu nou local a Salt.<\/p>\n\n\n\n<figure class=\"wp-block-image size-large\"><img decoding=\"async\" src=\"https:\/\/acg.campingsingirona.com\/wp-content\/uploads\/2023\/04\/Lliurament-xec-FEM-Associacio-Campings-Girona-edited.jpeg\" alt=\"\" class=\"wp-image-3905\"\/><\/figure>\n\n\n\n<div style=\"height:20px\" aria-hidden=\"true\" class=\"wp-block-spacer\"><\/div>\n\n\n\n<h2 class=\"wp-block-heading\"><strong>El pont de la Pur\u00edssima ha deixat ocupacions del 75% al Pirineu de Girona<\/strong><\/h2>\n\n\n\n<p>El sector c\u00e0mping giron\u00ed celebra unes bones dades d\u2019ocupaci\u00f3 durant el pont de la Pur\u00edssima de principis d\u2019aquest mes, que no nom\u00e9s ha portat turistes de proximitat, sin\u00f3 que tamb\u00e9 ha registrat l\u2019arribada de turistes internacionals. Les ocupacions, per\u00f2, han sigut diverses en el que \u00e9s zona de costa o muntanya i interior. A les zones de muntanya i interior la tend\u00e8ncia ha estat un primer cap de setmana m\u00e9s fluix amb ocupacions d\u2019un 50, i la segona part del pont m\u00e9s bona amb ocupacions de fins a un 75%. A la costa, en canvi, les ocupacions han estat m\u00e9s baixes i han sigut reserves d\u2019\u00faltima hora i passants. El balan\u00e7 doncs \u00e9s positiu tot i tractar-se d\u2019un pont molt dispers i dif\u00edcil de preveure.<\/p>\n\n\n\n<figure class=\"wp-block-image size-large\"><img decoding=\"async\" src=\"https:\/\/acg.campingsingirona.com\/wp-content\/uploads\/2023\/04\/Camping-Pirineus.jpeg\" alt=\"\" class=\"wp-image-3908\"\/><\/figure>\n\n\n\n<div style=\"height:20px\" aria-hidden=\"true\" class=\"wp-block-spacer\"><\/div>\n\n\n\n<h2 class=\"wp-block-heading\"><strong><strong>Parlem del nostre patrocinador: Llort-Tarradas, l&#8217;especialitzaci\u00f3 de les assegurances per al sector c\u00e0mping<\/strong><\/strong><meta charset=\"utf-8\"><meta charset=\"utf-8\"><\/h2>\n\n\n\n<p>En els seus 18 anys de desenvolupament com a gestors d&#8217;assegurances, Llort-Tarradas ha tingut clar el valor de l&#8217;especialitzaci\u00f3.&nbsp;<\/p>\n\n\n\n<p>Aquesta especialitzaci\u00f3 els ha perm\u00e8s ser els \u00fanics agents amb una gamma de productes exclusius de la companyia Catalana Occident per al sector del c\u00e0mping.&nbsp;&nbsp;<\/p>\n\n\n\n<p>Aquests productes, a banda de complir les garanties est\u00e0ndards de qualsevol producte industrial, contenen grups de garanties i tipus de cobertures pensades i desenvolupades conjuntament amb els nostres clients. Sent aix\u00ed, amb la relaci\u00f3 cost-cobertura m\u00e9s competitiva del mercat.&nbsp;<\/p>\n\n\n\n<p>Coneixedors de les necessitats del sector, innoven de manera cont\u00ednua per millorar el protocol de garanties. Una d&#8217;aquestes actualitzacions ve de la m\u00e0 de l\u2019actual situaci\u00f3 de crisi energ\u00e8tica on gran part de vosaltres esteu invertint en la generaci\u00f3 d&#8217;energia pr\u00f2pia a trav\u00e9s de plaques fotovoltaiques.&nbsp;<\/p>\n\n\n\n<p>A la seva p\u00f2lissa de danys materials, podeu incloure la instal\u00b7laci\u00f3 amb una simple comunicaci\u00f3, quedant aquesta indicada expressament en el vostre contracte. A tall d&#8217;exemple, el cost aproximat de la inclusi\u00f3 d&#8217;una instal\u00b7laci\u00f3 fotovoltaica de 100.000 \u20ac d&#8217;adquisici\u00f3 \u00e9s d&#8217;uns 85 \u20ac anuals, inclosos impostos.&nbsp;<\/p>\n\n\n\n<p>Com sempre, com a patrocinadors i col\u00b7laboradors de l\u2019ACG, resten a la vostra disposici\u00f3 per a qualsevol aspecte, consulta o dubte que necessiteu resoldre.<\/p>\n\n\n<div class=\"wp-block-image\">\n<figure class=\"aligncenter size-full\"><img decoding=\"async\" src=\"https:\/\/acg.campingsingirona.com\/wp-content\/uploads\/2023\/04\/14bab123-0e63-4107-ab37-2e5f8005d0ce.png\" alt=\"\" class=\"wp-image-3435\"\/><\/figure><\/div>\n\n\n<div style=\"height:15px\" aria-hidden=\"true\" class=\"wp-block-spacer\"><\/div>\n\n\n\n<h2 class=\"wp-block-heading\"><strong><strong>3 c\u00e0mpings obtenen el nou segell de bones pr\u00e0ctiques en gesti\u00f3 sostenible de Roses<\/strong>&nbsp;<\/strong><meta charset=\"utf-8\"><meta charset=\"utf-8\"><\/h2>\n\n\n\n<p>Tres c\u00e0mpings de Roses han obtingut el nou segell Cuidem Roses, de bones pr\u00e0ctiques en gesti\u00f3 sostenible, impulsat per l&#8217;Associaci\u00f3 d&#8217;Empresaris amb la col\u00b7laboraci\u00f3 de l&#8217;Ajuntament de Roses. S\u00f3n les primeres empreses a rebre aquest segell que distingeix els establiments que adopten mesures per reduir el seu impacte ambiental i que t\u00e9 per objectiu fer m\u00e9s sostenible la destinaci\u00f3.&nbsp;<br>&nbsp;<br>Les empreses que han rebut el distintiu s\u00f3n el C\u00e0mping Rodas, el C\u00e0mping Salat\u00e0 i la Ciutat de Vacances Montjoi, juntament amb set altres empreses del municipi.&nbsp;<br>&nbsp;<br>Entre les mesures que estan aplicant aquestes empreses hi ha l&#8217;adquisici\u00f3 de vehicles i carregadors el\u00e8ctrics; i la instal\u00b7laci\u00f3 de plaques fotovoltaiques, calderes de biomassa i llums LED. Tamb\u00e9 fan compres a prove\u00efdors locals, controls de consum energ\u00e8tic, reutilitzen caixes de prove\u00efdors i fan campanyes de conscienciaci\u00f3 a les xarxes socials.&nbsp;<\/p>\n\n\n\n<p>M\u00e9s info: <a href=\"https:\/\/www.roses.cat\/noticies\/deu-empreses-de-roses-obtenen-el-nou-segell-de-bones-practiques-en-gestio-sostenible\" target=\"_blank\" rel=\"noreferrer noopener\">https:\/\/www.roses.cat\/noticies\/deu-empreses-de-roses-obtenen-el-nou-segell-de-bones-practiques-en-gestio-sostenible<\/a>&nbsp;&nbsp;<\/p>\n\n\n\n<figure class=\"wp-block-image size-large\"><img decoding=\"async\" src=\"https:\/\/acg.campingsingirona.com\/wp-content\/uploads\/2023\/04\/Segell-campings-gestio-sostenible-Roses-scaled.jpeg\" alt=\"\" class=\"wp-image-3911\"\/><\/figure>\n\n\n\n<div style=\"height:20px\" aria-hidden=\"true\" class=\"wp-block-spacer\"><\/div>\n\n\n\n<div style=\"height:0px\" aria-hidden=\"true\" class=\"wp-block-spacer\"><\/div>\n\n\n\n<h2 class=\"wp-block-heading\"><strong><strong><strong><strong><strong><strong><strong><strong><strong><strong><strong><strong><strong>Premier de Turisme de Catalunya, presentaci\u00f3 de la campanya de turisme de l\u2019ACT<\/strong><\/strong><\/strong><\/strong><\/strong><\/strong><\/strong><\/strong><\/strong><\/strong><\/strong><\/strong><\/strong><\/h2>\n\n\n\n<p>El passat 15 de desembre va tenir lloc la Premier de Turisme de Catalunya, la presentaci\u00f3 de les campanyes de promoci\u00f3 tur\u00edstica de l\u2019Ag\u00e8ncia Catalana de Turisme per posicionar Catalunya com una de les destinacions m\u00e9s importants d\u2019Europa.&nbsp;&nbsp;<\/p>\n\n\n\n<p>Es tracta d\u2019una campanya innovadora que t\u00e9 en compte la sostenibilitat i el respecte envers l\u2019entorn i els seus habitants, basada en sis peces audiovisuals que destaquen per la microsegmentaci\u00f3 de p\u00fablics i la innovaci\u00f3 tecnol\u00f2gica, i amb pres\u00e8ncia de l\u2019oferta de c\u00e0mping del territori.&nbsp;&nbsp;<\/p>\n\n\n\n<p>Algunes de les peces utilitzen nous formats com l\u2019experi\u00e8ncia d\u2019usuari multic\u00e0mera, com &#8220;El viatge de la teva vida&#8221;. I altres contenen contingut interactiu que permet la participaci\u00f3 directa de l\u2019usuari, com el curtmetratge &#8220;Un viatge ple de viatges&#8221;.&nbsp;&nbsp;<\/p>\n\n\n\n<p>M\u00e9s info: <a href=\"https:\/\/escasateva.catalunya.com\/\" target=\"_blank\" rel=\"noreferrer noopener\">https:\/\/escasateva.catalunya.com\/<\/a>&nbsp;&nbsp;<\/p>\n\n\n\n<figure class=\"wp-block-image size-large\"><a href=\"https:\/\/escasateva.catalunya.com\/\" target=\"_blank\" rel=\"noopener\"><img decoding=\"async\" src=\"https:\/\/acg.campingsingirona.com\/wp-content\/uploads\/2023\/04\/El-viatge-de-la-teva-vida.png\" alt=\"\" class=\"wp-image-3917\"\/><\/a><\/figure>\n\n\n\n<div style=\"height:20px\" aria-hidden=\"true\" class=\"wp-block-spacer\"><\/div>\n\n\n\n<h2 class=\"wp-block-heading\"><strong><strong>Parlem del nostre patrocinador: Darn\u00e9s<\/strong><\/strong><\/h2>\n\n\n\n<p>El principal grup de distribuci\u00f3 alimentari del estat espanyol continua un any m\u00e9s el seu comprom\u00eds amb els c\u00e0mpings gironins. Grup Darn\u00e9s \u00e9s el grup referent de la distribuci\u00f3 per al sector hoteler i d\u2019alimentaci\u00f3.&nbsp;<\/p>\n\n\n\n<p>Amb una traject\u00f2ria de m\u00e9s de 60 anys, opera per tota la Pen\u00ednsula Ib\u00e8rica com a l\u00edder, tant en nombre de clients com en \u00e0rea d\u2019actuaci\u00f3, esdevenint el principal grup en distribuci\u00f3 a Horeca.&nbsp;<\/p>\n\n\n\n<p>L\u2019empresa empordanesa fa sis anys que est\u00e0 al costat dels c\u00e0mpings gironins i ha acollit, en diverses ocasions, reunions de junta directiva i assemblees generals de l\u2019ACG en les seves instal\u00b7lacions a Torroella de Montgr\u00ed.&nbsp;<\/p>\n\n\n\n<p>Com sempre, com a patrocinadors i col\u00b7laboradors de l\u2019ACG, resten a la vostra disposici\u00f3 per a qualsevol aspecte, consulta o dubte que necessiteu resoldre.<\/p>\n\n\n\n<div style=\"height:15px\" aria-hidden=\"true\" class=\"wp-block-spacer\"><\/div>\n\n\n\n<h2 class=\"wp-block-heading\"><strong>El Patronat de Turisme Costa Brava Girona presenta el seu Pla d\u2019Accions i Objectius del 2023<\/strong>&nbsp;<\/h2>\n\n\n\n<p>Aquest mes el Patronat de Turisme Costa Brava Girona ha presentat el Pla d\u2019Accions i Objectius 2023 davant el sector tur\u00edstic del territori a l\u2019Auditori Palau de Congressos de Girona.&nbsp;&nbsp;<\/p>\n\n\n\n<p>El resultat \u00e9s un document viu i transversal que incideix en accions adre\u00e7ades als mercats internacionals i amb la sostenibilitat, l\u2019estrat\u00e8gia digital, la intel\u00b7lig\u00e8ncia de mercats i la relaci\u00f3 amb el sector com a l\u00ednies estrat\u00e8giques.&nbsp;&nbsp;<\/p>\n\n\n\n<p>M\u00e9s info:<strong> <\/strong><a href=\"https:\/\/bit.ly\/3Ws0PCf\" target=\"_blank\" rel=\"noreferrer noopener\">https:\/\/bit.ly\/3Ws0PCf<\/a>&nbsp;&nbsp;<\/p>\n\n\n\n<figure class=\"wp-block-image size-large\"><img decoding=\"async\" src=\"https:\/\/acg.campingsingirona.com\/wp-content\/uploads\/2023\/04\/Presentacio-PAO-2023-PTCBG.jpeg\" alt=\"\" class=\"wp-image-3920\"\/><\/figure>\n\n\n\n<div style=\"height:20px\" aria-hidden=\"true\" class=\"wp-block-spacer\"><\/div>\n\n\n\n<h2 class=\"wp-block-heading\"><strong>I Jornada dels c\u00e0mpings de Girona sobre sostenibilitat<\/strong><\/h2>\n\n\n\n<p>L\u20191 de desembre vam celebrar la I Jornada dels c\u00e0mpings de Girona sobre sostenibilitat a Roses, una acci\u00f3 organitzada per l&#8217;Associaci\u00f3 de C\u00e0mpings de Girona, on van participar 32 c\u00e0mpings i 10 empreses.\u202f&nbsp;<\/p>\n\n\n\n<p>Durant la jornada vam escoltar pon\u00e8ncies d&#8217;experts en sostenibilitat del sector c\u00e0mping, vam poder fer una visita guiada a la Ciutadella de Roses de la m\u00e0 de l\u2019alcalde i finalment vam acabar tancant l&#8217;acte amb el tradicional dinar de Nadal.&nbsp;&nbsp;<\/p>\n\n\n\n<p>Una jornada molt enriquidora que esperem que puguem repetir aviat. Gr\u00e0cies a tots per venir!<\/p>\n\n\n\n<figure class=\"wp-block-image size-full\"><img decoding=\"async\" src=\"https:\/\/acg.campingsingirona.com\/wp-content\/uploads\/2023\/04\/Jornada-campings-a-Roses.jpeg\" alt=\"\" class=\"wp-image-3923\"\/><\/figure>\n\n\n\n<div style=\"height:20px\" aria-hidden=\"true\" class=\"wp-block-spacer\"><\/div>\n\n\n\n<h2 class=\"wp-block-heading\"><strong>Arriba el Nadal als c\u00e0mpings de Girona<\/strong><\/h2>\n\n\n\n<p>Passar les vacances als c\u00e0mpings no \u00e9s nom\u00e9s una bona opci\u00f3 per l\u2019estiu, ja que els c\u00e0mpings Open 365 obren tot l\u2019any i permeten celebrar aquestes dates tan assenyalades en un espai natural i tranquil on connectar amb la natura i no haver de preocupar-se per res m\u00e9s que gaudir!&nbsp;<\/p>\n\n\n\n<p>Us deixem aquest article d\u2019inspiraci\u00f3 sobre els mercats i fires nadalenques a Girona perqu\u00e8 el pugueu consultar i fer un tastet de tot el que passa a la prov\u00edncia per Nadal: <a href=\"https:\/\/campingsingirona.com\/ca\/2022\/12\/mercats-de-nadal-de-girona\/\" target=\"_blank\" rel=\"noreferrer noopener\">https:\/\/campingsingirona.com\/ca\/2022\/12\/mercats-de-nadal-de-girona\/<\/a>&nbsp;&nbsp;<\/p>\n\n\n\n<p>Els c\u00e0mpings gironins acaben l\u2019any amb bones sensacions d\u2019aquestes festes de Nadal, despr\u00e9s d&#8217;una tardor amb bons registres i amb la mirada posada a la temporada 2023. Bon any nou i molt de c\u00e0mping!<\/p>\n\n\n\n<figure class=\"wp-block-image size-large\"><img decoding=\"async\" src=\"https:\/\/acg.campingsingirona.com\/wp-content\/uploads\/2023\/04\/Nadal-als-campings-de-Girona-edited.jpeg\" alt=\"\" class=\"wp-image-3929\"\/><\/figure>\n\n\n\n<div style=\"height:11px\" aria-hidden=\"true\" class=\"wp-block-spacer\"><\/div>\n\n\n\n<p><\/p>\n\n\n\n<div style=\"height:11px\" aria-hidden=\"true\" class=\"wp-block-spacer\"><\/div>\n","protected":false},"excerpt":{"rendered":"<p>L\u2019ACG us desitja molt bones festes i un bon 2023! Des de la junta directiva de l\u2019Associaci\u00f3 de C\u00e0mpings de Girona us desitgem unes molt bones festes i una millor temporada tur\u00edstica 2023! Desitgem que el nou any vingui ple de prosperitat, \u00e8xits i molts turistes! La campanya C\u00e0mping Solidari de 2022 recapta 17.500\u20ac Un [&hellip;]<\/p>\n","protected":false},"author":1,"featured_media":97995,"comment_status":"closed","ping_status":"open","sticky":false,"template":"","format":"standard","meta":{"_acf_changed":false,"footnotes":""},"categories":[],"tags":[],"class_list":["post-97994","post","type-post","status-publish","format-standard","has-post-thumbnail","hentry"],"acf":[],"_links":{"self":[{"href":"https:\/\/acg.campingsingirona.com\/ca\/wp-json\/wp\/v2\/posts\/97994","targetHints":{"allow":["GET"]}}],"collection":[{"href":"https:\/\/acg.campingsingirona.com\/ca\/wp-json\/wp\/v2\/posts"}],"about":[{"href":"https:\/\/acg.campingsingirona.com\/ca\/wp-json\/wp\/v2\/types\/post"}],"author":[{"embeddable":true,"href":"https:\/\/acg.campingsingirona.com\/ca\/wp-json\/wp\/v2\/users\/1"}],"replies":[{"embeddable":true,"href":"https:\/\/acg.campingsingirona.com\/ca\/wp-json\/wp\/v2\/comments?post=97994"}],"version-history":[{"count":2,"href":"https:\/\/acg.campingsingirona.com\/ca\/wp-json\/wp\/v2\/posts\/97994\/revisions"}],"predecessor-version":[{"id":104200,"href":"https:\/\/acg.campingsingirona.com\/ca\/wp-json\/wp\/v2\/posts\/97994\/revisions\/104200"}],"wp:featuredmedia":[{"embeddable":true,"href":"https:\/\/acg.campingsingirona.com\/ca\/wp-json\/wp\/v2\/media\/97995"}],"wp:attachment":[{"href":"https:\/\/acg.campingsingirona.com\/ca\/wp-json\/wp\/v2\/media?parent=97994"}],"wp:term":[{"taxonomy":"category","embeddable":true,"href":"https:\/\/acg.campingsingirona.com\/ca\/wp-json\/wp\/v2\/categories?post=97994"},{"taxonomy":"post_tag","embeddable":true,"href":"https:\/\/acg.campingsingirona.com\/ca\/wp-json\/wp\/v2\/tags?post=97994"}],"curies":[{"name":"wp","href":"https:\/\/api.w.org\/{rel}","templated":true}]}}