{"id":97959,"date":"2022-10-03T00:00:00","date_gmt":"2022-10-03T00:00:00","guid":{"rendered":"https:\/\/acg.campingsingirona.com\/en\/blog\/josep-maria-cabeza-camping-treumal-premi-jaume-genover\/"},"modified":"2023-10-18T09:06:19","modified_gmt":"2023-10-18T09:06:19","slug":"josep-maria-cabeza-camping-treumal-premi-jaume-genover","status":"publish","type":"post","link":"https:\/\/acg.campingsingirona.com\/ca\/josep-maria-cabeza-camping-treumal-premi-jaume-genover\/","title":{"rendered":"Josep Maria Cabeza (c\u00e0mping Treumal), premi Jaume Genover i nou premi Girocamping a Imma Bosch"},"content":{"rendered":"\n<p>El vuit\u00e8 premi Jaume Genover i Roig de l\u2019Associaci\u00f3 de C\u00e0mpings de Girona s\u2019ha atorgat a Josep Maria Cabeza, que ha mort recentment i que durant molts anys ha estat el propietari del c\u00e0mping Treumal de Calonge<strong>.<\/strong> El premi \u00e9s per la seva traject\u00f2ria al sector que ha ajudat a posicionar els c\u00e0mpings en el lloc actual i la seva implicaci\u00f3 constant amb l\u2019Associaci\u00f3. Per mitj\u00e0 dels viatges a les fires internacionals, Josep Maria Cabeza va mantenir des dels inicis molts vincles amb l\u2019associaci\u00f3 i sempre anava a les juntes i col\u00b7laborava amb l\u2019entitat. La periodista Imma Bosch ha estat guardonada amb el primer premi Girocamping, que reconeix la seva traject\u00f2ria professional de suport al sector.<\/p>\n\n\n\n<p>L\u2019acte de lliurament dels reconeixements es va dur a terme en el marc de la Nit dels C\u00e0mpings Gironins, que es va celebrar al Castell de Peralada, i va comptar amb la pres\u00e8ncia de la delegada del Govern de la Generalitat a Girona, Laia Ca\u00f1igueral; i del diputat de la Diputaci\u00f3 de Girona i &nbsp;vicepresident del Patronat de Turisme Costa Brava Girona, Jaume Dulsat.<\/p>\n\n\n\n<p>El president de l\u2019Associaci\u00f3 de C\u00e0mpings de Girona, Miquel Gotanegra, ha agra\u00eft la gran tasca que han fet persones com Josep Maria Cabeza, que han perm\u00e8s que el sector del c\u00e0mping del nostre Pa\u00eds sigui un referent a l\u2019\u00e0mbit europeu.<\/p>\n\n\n\n<p>L\u2019acte va ser condu\u00eft per la periodista Clara S\u00e1nchez-Castro.<\/p>\n\n\n\n<p>El c\u00e0mping Treumal de Calonge es va obrir el 1983. L\u2019enginyer Josep Maria&nbsp; Cabeza, que va iniciar la seva traject\u00f2ria al m\u00f3n tur\u00edstic als anys setanta com a director i gerent dels c\u00e0mpings Cala Gog\u00f3, va impulsar la iniciativa d\u2019obrir un nou c\u00e0mping a la Costa Brava, amb un grup de socis. Ell en va ser gerent.<\/p>\n\n\n\n<p>Inicialment tenia 400 parcel\u00b7les i actualment 517 i una cabuda de 1.500 persones. La majoria de clients s\u00f3n estrangers, holandesos, alemanys i francesos principalment. Alguns han repetit estada des dels inicis.<\/p>\n\n\n\n<p>El 2010 el c\u00e0mping Treumal va rebre el premi DCC al millor d\u2019Espanya.<\/p>\n\n\n\n<p><strong>Nou premi Girocamping<\/strong><\/p>\n\n\n\n<p>L\u2019Associaci\u00f3 de C\u00e0mpings de Girona ha lliurat aquest any un nou premi, el Girocamping, a la periodista Imma Bosch, pel seu suport constant al sector per mitj\u00e0 dels seus articles. Aquest premi vol recon\u00e8ixer cada any les persones que ajuden a impulsar un sector capdavanter en oferta tur\u00edstica a nivell europeu. Imma Bosch ha treballat 42 anys al diari El Punt Avui, ha estat col\u00b7laboradora de la revista Editur i el 2011 va rebre el premi de comunicaci\u00f3 local Carles Rahola al millor treball divulgatiu de premsa. El president de l\u2019Associaci\u00f3 de C\u00e0mpings, Miquel Gotanegra, ha agra\u00eft a Imma Bosch la seva col\u00b7laboraci\u00f3 constant i el seu gran suport durant tots aquests anys de traject\u00f2ria period\u00edstica.<\/p>\n","protected":false},"excerpt":{"rendered":"<p>El vuit\u00e8 premi Jaume Genover i Roig de l\u2019Associaci\u00f3 de C\u00e0mpings de Girona s\u2019ha atorgat a Josep Maria Cabeza, que ha mort recentment i que durant molts anys ha estat el propietari del c\u00e0mping Treumal de Calonge. El premi \u00e9s per la seva traject\u00f2ria al sector que ha ajudat a posicionar els c\u00e0mpings en el [&hellip;]<\/p>\n","protected":false},"author":1,"featured_media":97960,"comment_status":"closed","ping_status":"open","sticky":false,"template":"","format":"standard","meta":{"_acf_changed":false,"footnotes":""},"categories":[],"tags":[],"class_list":["post-97959","post","type-post","status-publish","format-standard","has-post-thumbnail","hentry"],"acf":[],"_links":{"self":[{"href":"https:\/\/acg.campingsingirona.com\/ca\/wp-json\/wp\/v2\/posts\/97959","targetHints":{"allow":["GET"]}}],"collection":[{"href":"https:\/\/acg.campingsingirona.com\/ca\/wp-json\/wp\/v2\/posts"}],"about":[{"href":"https:\/\/acg.campingsingirona.com\/ca\/wp-json\/wp\/v2\/types\/post"}],"author":[{"embeddable":true,"href":"https:\/\/acg.campingsingirona.com\/ca\/wp-json\/wp\/v2\/users\/1"}],"replies":[{"embeddable":true,"href":"https:\/\/acg.campingsingirona.com\/ca\/wp-json\/wp\/v2\/comments?post=97959"}],"version-history":[{"count":1,"href":"https:\/\/acg.campingsingirona.com\/ca\/wp-json\/wp\/v2\/posts\/97959\/revisions"}],"predecessor-version":[{"id":104195,"href":"https:\/\/acg.campingsingirona.com\/ca\/wp-json\/wp\/v2\/posts\/97959\/revisions\/104195"}],"wp:featuredmedia":[{"embeddable":true,"href":"https:\/\/acg.campingsingirona.com\/ca\/wp-json\/wp\/v2\/media\/97960"}],"wp:attachment":[{"href":"https:\/\/acg.campingsingirona.com\/ca\/wp-json\/wp\/v2\/media?parent=97959"}],"wp:term":[{"taxonomy":"category","embeddable":true,"href":"https:\/\/acg.campingsingirona.com\/ca\/wp-json\/wp\/v2\/categories?post=97959"},{"taxonomy":"post_tag","embeddable":true,"href":"https:\/\/acg.campingsingirona.com\/ca\/wp-json\/wp\/v2\/tags?post=97959"}],"curies":[{"name":"wp","href":"https:\/\/api.w.org\/{rel}","templated":true}]}}