{"id":97943,"date":"2022-09-02T00:00:00","date_gmt":"2022-09-02T00:00:00","guid":{"rendered":"https:\/\/acg.campingsingirona.com\/en\/blog\/les-noticies-del-mes-dagost-de-2022\/"},"modified":"2023-10-18T09:06:16","modified_gmt":"2023-10-18T09:06:16","slug":"les-noticies-del-mes-dagost-de-2022","status":"publish","type":"post","link":"https:\/\/acg.campingsingirona.com\/ca\/les-noticies-del-mes-dagost-de-2022\/","title":{"rendered":"Les not\u00edcies del mes d&#8217;agost de 2022"},"content":{"rendered":"\n<h2 class=\"wp-block-heading\"><strong>Valoraci\u00f3 pr\u00e8via de la temporada 2022<\/strong><\/h2>\n\n\n\n<p>Finalitza el mes d\u2019agost, per\u00f2 encara no donem per tancada la temporada als c\u00e0mpings gironins, ja que cal esperar encara unes setmanes per a poder fer un balan\u00e7 efica\u00e7 amb totes les dades d&#8217;estades mitjanes i consums.<br><br>Tot i aix\u00f2, des de l&#8217;ACG es valora molt positivament la temporada 2022. La Setmana Santa, la primavera i Sant Joan van suposar un inici molt positiu i durant els mesos d&#8217;estiu s&#8217;han mantingut uns nivells d&#8217;ocupaci\u00f3 semblants als de la temporada 2019, abans de la pand\u00e8mia.<br><br>Els motius d&#8217;aquests bons resultats s\u00f3n la recuperaci\u00f3 del client internacional que ha tornat despr\u00e9s de dos anys d\u2019incertesa, i la fidelitzaci\u00f3 de nous campistes de proximitat que van descobrir el m\u00f3n del c\u00e0mping durant els estius de 2020 i 2021.<\/p>\n\n\n\n<figure class=\"wp-block-image size-large\"><img decoding=\"async\" src=\"https:\/\/acg.campingsingirona.com\/wp-content\/uploads\/2023\/04\/campingagost-scaled.jpg\" alt=\"\" class=\"wp-image-3660\"\/><\/figure>\n\n\n\n<div style=\"height:13px\" aria-hidden=\"true\" class=\"wp-block-spacer\"><\/div>\n\n\n\n<h2 class=\"wp-block-heading\"><strong>Participaci\u00f3 en la fira Caravan Salon D\u00fcsseldorf amb l&#8217;ACT<\/strong><\/h2>\n\n\n\n<p>Del 26 d\u2019agost al 4 de setembre, l\u2019ACG est\u00e0 promocionat la seva oferta campista i les experi\u00e8ncies Camp&amp;Go al Caravan Salon de D\u00fcsseldorf juntament amb l\u2019Ag\u00e8ncia Catalana de Turisme. Aquesta fira internacional d\u2019autocaravanes i caravanes, \u00e9s la m\u00e9s important a escala mundial del sector del carav\u00e0ning.<\/p>\n\n\n\n<p>Enguany, Girona va ser la destinaci\u00f3 escollida per la ind\u00fastria de les autocaravanes per fer la seva presentaci\u00f3 anual i Catalunya ha estat la destinaci\u00f3 convidada a la Fira de D\u00fcsseldorf. L\u2019acci\u00f3 va ser impulsada per l\u2019Oficina de Promoci\u00f3 de l\u2019Ag\u00e8ncia Catalana de Turisme a l\u2019Europa Central, amb la col\u00b7laboraci\u00f3 del Patronat de Turisme Costa Brava Girona de la Diputaci\u00f3 de Girona i de l\u2019Associaci\u00f3 de C\u00e0mpings de Girona.<\/p>\n\n\n\n<p>Una excel\u00b7lent oportunitat per donar a con\u00e8ixer la destinaci\u00f3 entre el perfil autocaravanista internacional.<\/p>\n\n\n\n<figure class=\"wp-block-image size-large\"><img decoding=\"async\" src=\"https:\/\/acg.campingsingirona.com\/wp-content\/uploads\/2023\/04\/Post-para-Linkedin-moderno-minimal-y-digital-agencia-marketing-1.png\" alt=\"\" class=\"wp-image-3663\"\/><\/figure>\n\n\n\n<div style=\"height:12px\" aria-hidden=\"true\" class=\"wp-block-spacer\"><\/div>\n\n\n\n<h2 class=\"wp-block-heading\"><strong><strong><strong><strong><strong><strong><strong><strong><strong><strong><strong><strong><strong><strong><strong>Parlem del nostre patrocinador:&nbsp; Servicios&nbsp;Tur\u00edsticos&nbsp;Heinze&nbsp;Latzke<\/strong><\/strong><\/strong><\/strong><\/strong><\/strong><\/strong><\/strong><\/strong><\/strong><\/strong><\/strong><\/strong><\/strong><\/strong><\/h2>\n\n\n\n<p><strong>Servicios Tur\u00edsticos Heinze Latzke<\/strong>, fa m\u00e9s de cinquanta anys que representen els principals mitjans de comunicaci\u00f3 europeus, especialitzats en el sector c\u00e0mping i carav\u00e0ning, amb l\u2019objectiu d\u2019atreure el p\u00fablic campista cap als c\u00e0mpings i ciutats de vacances d&#8217;Espanya i Portugal.<\/p>\n\n\n\n<p><strong>Els serveis que ofereixen s\u00f3n:<\/strong><\/p>\n\n\n\n<p>&#8211; Ag\u00e8ncia de mitjans<\/p>\n\n\n\n<p>&#8211; Disseny gr\u00e0fic<\/p>\n\n\n\n<p>&#8211; Consultoria estrat\u00e8gica<\/p>\n\n\n\n<p>&#8211; Intel\u00b7lig\u00e8ncia de mercats<\/p>\n\n\n\n<p>&#8211; RRPP internacionals<\/p>\n\n\n\n<p>Des de principis d\u2019estiu, a m\u00e9s,&nbsp;<strong>han llen\u00e7at una s\u00e8rie de p\u00f2dcasts<\/strong>&nbsp;totalment gratu\u00efts. Els podeu trobar al seu&nbsp;<a class=\"\" href=\"https:\/\/www.youtube.com\/channel\/UCqu2zbosw5tk1g8SB-dN19Q\" target=\"_blank\" rel=\"noreferrer noopener\">canal de YouTube<\/a>.&nbsp; La finalitat d\u2019aquest material \u00e9s acostar el coneixement que tenen tots aquests c\u00e0mpings clubs europeus sobre com atreure el campista internacional al nostre pa\u00eds.<\/p>\n\n\n\n<p>Ja est\u00e0 disponible la 2a entrega del p\u00f2dcast Heinze! \u00c9s&nbsp;l\u2019especial Pa\u00efsos Baixos on entrevisten a Ivan Mensink, CEO de CampingDreams, la plataforma campista m\u00e9s gran del m\u00f3n.&nbsp;Alguns detalls de l\u2019entrevista que no us podeu perdre:&nbsp;<strong>Com atreure el campista holand\u00e8s?,&nbsp;Difer\u00e8ncies entre Facebook i Instagram, i el futur del sector a escala internacional.&nbsp;<\/strong>Entre d&#8217;altres reflexions que poden ajudar-vos a entendre molt millor al campista holand\u00e8s.<\/p>\n\n\n\n<p>Us animem a seguir-los a&nbsp;<a class=\"\" href=\"https:\/\/www.youtube.com\/watch?v=oYCSxWN7T4Q&amp;ab_channel=ServiciosTur%C3%ADsticosHeinzeLatzkeS.A\" target=\"_blank\" rel=\"noreferrer noopener\">P\u00f2dcast Heinze: Campingdreams<\/a><\/p>\n\n\n\n<figure class=\"wp-block-embed aligncenter is-type-video is-provider-youtube wp-block-embed-youtube wp-embed-aspect-16-9 wp-has-aspect-ratio\"><div class=\"wp-block-embed__wrapper\">\n<iframe loading=\"lazy\" title=\"Podcast Heinze: Campingdreams\" width=\"500\" height=\"281\" src=\"https:\/\/www.youtube.com\/embed\/oYCSxWN7T4Q?feature=oembed\" frameborder=\"0\" allow=\"accelerometer; autoplay; clipboard-write; encrypted-media; gyroscope; picture-in-picture; web-share\" referrerpolicy=\"strict-origin-when-cross-origin\" allowfullscreen><\/iframe>\n<\/div><\/figure>\n\n\n\n<div style=\"height:10px\" aria-hidden=\"true\" class=\"wp-block-spacer\"><\/div>\n\n\n\n<h2 class=\"wp-block-heading\"><strong><strong><strong><strong><strong><strong><strong><strong class=\"\"><strong class=\"\"><strong><strong><strong><strong>El Girocamping PRO presenta el programa 2022<\/strong><\/strong><\/strong><\/strong><\/strong><\/strong><\/strong><\/strong><\/strong><\/strong><\/strong><\/strong><\/strong><meta charset=\"utf-8\"><meta charset=\"utf-8\"><\/h2>\n\n\n\n<p>El&nbsp;congr\u00e9s especialitzat en el sector c\u00e0mping, el&nbsp;<strong>29 de setembre<\/strong>&nbsp;obrir\u00e0 les portes per tractar temes d\u2019actualitat del sector tur\u00edstic&nbsp;al&nbsp;<strong>Teatre Jard\u00ed de Figueres.<\/strong><br>A finals del mes d&#8217;agost, s&#8217;ha donat a con\u00e8ixer la programaci\u00f3&nbsp;d\u2019aquesta pr\u00f2xima edici\u00f3.&nbsp;<strong>Un programa centrat en la sostenibilitat i l\u2019\u00fas eficient dels recursos<\/strong>. Tamb\u00e9 tindr\u00e0 lloc la presentaci\u00f3 oficial del primer m\u00e0ster europeu en gesti\u00f3 sostenible de c\u00e0mpings i ressorts, el projecte Campmaster.<\/p>\n\n\n\n<p>I com a novetat, a la tarda se celebrar\u00e0 un f\u00f2rum internacional on es debatr\u00e0 sobre els nous reptes de futur del sector c\u00e0mping.<\/p>\n\n\n\n<p>El Girocamping PRO \u00e9s el lloc perfecte per crear sinergies amb tots els actors actius del sector.<\/p>\n\n\n\n<p>Si encara no ho heu fet, podeu:<br>&#x1f39f;&nbsp;<a href=\"https:\/\/campingsingirona.com\/ca\/girocamping-pro\/\">Acreditar-vos aqu\u00ed.<\/a><br>&#x1f449;&nbsp;<a class=\"\" href=\"https:\/\/campingsingirona.com\/ca\/girocamping-pro\/\" target=\"_blank\" rel=\"noreferrer noopener\">Consultar el programa.<\/a><\/p>\n\n\n\n<figure class=\"wp-block-image size-large\"><img decoding=\"async\" src=\"https:\/\/acg.campingsingirona.com\/wp-content\/uploads\/2023\/04\/xprograma-web_page-0001-2.pagespeed.ic_.VrFwesiHVy.jpg\" alt=\"\" class=\"wp-image-3666\"\/><\/figure>\n\n\n\n<div style=\"height:20px\" aria-hidden=\"true\" class=\"wp-block-spacer\"><\/div>\n\n\n\n<h2 class=\"wp-block-heading\"><strong><strong><strong><strong><strong><strong><strong><strong><strong><strong><strong><strong>La directora general de&nbsp;Turisme de Catalunya visita els c\u00e0mpings gironins<\/strong><\/strong><\/strong><\/strong><\/strong><\/strong><\/strong><\/strong><\/strong><\/strong><\/strong><\/strong><meta charset=\"utf-8\"><meta charset=\"utf-8\"><\/h2>\n\n\n\n<p>A finals de mes, la directora general de Turisme de Catalunya, la Sra. Marta Dom\u00e8nech, ha visitat alguns C\u00e0mpings de Girona per con\u00e8ixer de primera m\u00e0 les novetats del sector, aprofitant la seva estada a la Costa Brava.<\/p>\n\n\n\n<p>Durant aquesta visita els empresaris dels c\u00e0mpings gironins han obert les portes dels seus establiments i han pogut intercanviar opinions i sensacions sobre aquesta temporada d&#8217;estiu.<\/p>\n\n\n\n<figure class=\"wp-block-image size-full\"><img decoding=\"async\" src=\"https:\/\/acg.campingsingirona.com\/wp-content\/uploads\/2023\/04\/WhatsApp-Image-2022-09-02-at-09.57.51.jpeg\" alt=\"\" class=\"wp-image-3669\"\/><\/figure>\n\n\n\n<div style=\"height:0px\" aria-hidden=\"true\" class=\"wp-block-spacer\"><\/div>\n\n\n\n<h2 class=\"wp-block-heading\"><strong><strong><strong><strong><strong><strong><strong><strong><strong>Com afecta el Pla d\u2019estalvi energ\u00e8tic del Govern d\u2019Espanya als c\u00e0mpings?<\/strong><\/strong><\/strong><\/strong><\/strong><\/strong><\/strong><\/strong><\/strong><\/h2>\n\n\n\n<p>A principis del mes d&#8217;agost, es publicava el RDL 14\/2022, d\u20191 d\u2019agost, de mesures d\u2019estalvi, efici\u00e8ncia energ\u00e8tica i de reducci\u00f3 de la depend\u00e8ncia energ\u00e8tica del gas natural. Per\u00f2, com afecta aquesta mesura als c\u00e0mpings?<\/p>\n\n\n\n<p>Anem a veure els punts m\u00e9s importants, ja que&nbsp;<strong>els allotjaments tur\u00edstics no estan recollits expressament en aquesta nova normativa<\/strong>.<\/p>\n\n\n\n<p>&#8211; <strong>Regulaci\u00f3 de la temperatura de l\u2019aire<\/strong>: l\u2019article 29 regula la temperatura de l\u2019aire en determinats locals, on entenem que les seves zones comunes i els bars i restaurants existents dins dels c\u00e0mpings s\u00ed que estan afectats. Per als&nbsp;recintes calefactats, a una temperatura no superior a 19 \u00b0C; per als refrigerats, no podr\u00e0 ser inferior a 27 \u00b0C. <\/p>\n\n\n\n<p>Aquests llindars, tanmateix, s\u2019hauran d\u2019ajustar al que es preveu en el&nbsp;<a class=\"\" href=\"https:\/\/www.boe.es\/buscar\/pdf\/1997\/BOE-A-1997-8669-consolidado.pdf\" target=\"_blank\" rel=\"noreferrer noopener\">RD 486\/1997, de 14 d\u2019abril, pel qual s\u2019estableixen les disposicions m\u00ednimes de seguretat i salut en els llocs de treball<\/a>. En aquest diu que en els locals tancats en qu\u00e8&nbsp;es faci un treball lleuger, la temperatura estar\u00e0 compresa entre 14 i 25 \u00b0C.&nbsp;Interpretant aquesta normativa juntament amb la limitaci\u00f3 de l\u2019article 29 del RDL 14\/2022, d\u20191 d\u2019agost, s\u2019haur\u00e0 d\u2019entendre que&nbsp;<strong>cap local d\u2019hostaleria es pot refrigerar per sota dels 25 \u00b0C.<\/strong><\/p>\n\n\n\n<p>&#8211; <strong>Apagat de l\u2019enllumenat d\u2019aparadors a les 22 h:&nbsp;<\/strong>el mateix article 29 ho regula i es refereix al corresponent a senyals, cartells, anuncis lluminosos, enllumenat d\u2019aparadors, mobiliari urb\u00e0, etc. S\u2019exclouen d\u2019aquest tipus tots els senyals i anuncis de tr\u00e0nsit.&nbsp;&nbsp;<\/p>\n\n\n\n<p>&#8211; <strong>Sistema de tancament de portes adequat:&nbsp;<\/strong>els establiments amb acc\u00e9s des del carrer (inclosos restaurants, bars i botigues) han de disposar d\u2019un&nbsp;sistema de tancament de portes adequat, amb la finalitat d\u2019impedir que aquestes romanguin obertes permanentment.<\/p>\n\n\n\n<p><strong>Aquestes limitacions estaran en vigor fins a l\u20191 de novembre de 2023.<\/strong><\/p>\n\n\n\n<p>Finalment, cal assenyalar que aquest Reial decret llei va ser validat pel Congr\u00e9s el passat 25 d\u2019agost.<\/p>\n\n\n\n<div style=\"height:20px\" aria-hidden=\"true\" class=\"wp-block-spacer\"><\/div>\n\n\n\n<h2 class=\"wp-block-heading\"><strong><strong><strong><strong><strong class=\"\"><strong class=\"\"><strong><strong><strong><strong>Parlem del nostre patrocinador: Alzamora Gr\u00e0fiques<\/strong><\/strong><\/strong><\/strong><\/strong><\/strong><\/strong><\/strong><\/strong><\/strong><\/h2>\n\n\n\n<p><strong>Alzamora Gr\u00e0fiques<\/strong>&nbsp;\u00e9s patrocinador i prove\u00efdor de confian\u00e7a de l&#8217;Associaci\u00f3 de C\u00e0mpings de Girona en tots els aspectes relacionats amb les arts gr\u00e0fiques i la impressi\u00f3. El seu enfocament centrat a satisfer les necessitats del client, l&#8217;experi\u00e8ncia i l&#8217;alta qualitat dels seus serveis el converteixen en l&#8217;aliat indispensable a l&#8217;hora de produir materials gr\u00e0fics.<\/p>\n\n\n\n<p>Podeu posar-vos-hi en contacte escrivint a&nbsp;<a href=\"mailto:info@alzamoragrafiques.com\" class=\"\">info@alzamoragrafiques.com<\/a><\/p>\n\n\n\n<figure class=\"wp-block-image size-full\"><img decoding=\"async\" src=\"https:\/\/acg.campingsingirona.com\/wp-content\/uploads\/2023\/04\/Alzamora.jpg\" alt=\"\" class=\"wp-image-3687\"\/><\/figure>\n\n\n\n<div style=\"height:15px\" aria-hidden=\"true\" class=\"wp-block-spacer\"><\/div>\n\n\n\n<h2 class=\"wp-block-heading\"><strong><strong><strong><strong><strong><strong><strong><strong><strong><strong>Catalunya, la destinaci\u00f3 campista m\u00e9s popular de l&#8217;Estat<\/strong><\/strong><\/strong><\/strong><\/strong><\/strong><\/strong><\/strong><\/strong><\/strong><\/h2>\n\n\n\n<p>Segons l&#8217;<strong class=\"\">Enquesta d&#8217;Ocupaci\u00f3 en Allotjaments Tur\u00edstics Extrahotelers<\/strong>&nbsp;publicada per l&#8217;Institut Nacional d&#8217;Estad\u00edstica, els c\u00e0mpings han notat un augment de turistes d&#8217;un 19,8% respecte de les xifres d&#8217;abans de la pand\u00e8mia, contant 748.310 campistes i un 9,4% m\u00e9s de pernoctacions, fins a arribar a les 4.312.909. Amb aquestes xifres, Catalunya es mant\u00e9 com la destinaci\u00f3 campista m\u00e9s popular de l&#8217;Estat.&nbsp;Pel que fa al conjunt de l&#8217;Estat, el nombre de clients allotjats en aquest tipus d&#8217;establiments ha augmentat fins a les 1.856.780 i les pernoctacions s&#8217;eleven a les 9.048.822, un 26,9% m\u00e9s que l&#8217;any passat.<\/p>\n\n\n\n<figure class=\"wp-block-image size-large\"><img decoding=\"async\" src=\"https:\/\/acg.campingsingirona.com\/wp-content\/uploads\/2023\/04\/las-dunas-tobogans.jpeg\" alt=\"\" class=\"wp-image-3675\"\/><\/figure>\n\n\n\n<div style=\"height:15px\" aria-hidden=\"true\" class=\"wp-block-spacer\"><\/div>\n\n\n\n<h2 class=\"wp-block-heading\"><strong><strong class=\"\"><strong class=\"\"><strong><strong><strong><strong>Noves rutes cicloturistes, FEDER<\/strong><\/strong><\/strong><\/strong><\/strong><\/strong><\/strong><\/h2>\n\n\n\n<p>Aquest mes s\u2019han presentat les&nbsp;<strong>4 noves rutes pedalables<\/strong>&nbsp;que se sumen a la xarxa de les Vies Verdes de Girona. Aquestes rutes s\u00f3n: la Via Verda de la Vall d\u2019en Bas, la Vida Verda del Pla Giron\u00e8s Sud, la Via Verda de les Masies i l\u2019enlla\u00e7 de la Ruta del Carrilet amb la Ruta del Tren Petit. Fet que suma gaireb\u00e9&nbsp;<strong>41 quil\u00f2metres nous a les Vies Verdes de Girona<\/strong>.<\/p>\n\n\n\n<p>Les noves rutes s\u2019emmarquen en un context de gran creixement de les Vies Verdes de les comarques gironines, que afavoreixen tamb\u00e9 el turisme familiar i esportiu, a banda de la mobilitat quotidiana. En els dos \u00faltims anys, el mapa de rutes per als senderistes i els ciclistes a la nostra demarcaci\u00f3 ha crescut fins als 170 quil\u00f2metres.<\/p>\n\n\n\n<p>Des de l\u2019Associaci\u00f3 de C\u00e0mpings de Girona i el Consorci de les Vies Verdes mantenim el nostre comprom\u00eds pel cicloturisme i per convertir la demarcaci\u00f3 en una gran destinaci\u00f3 ciclotur\u00edstica. Actualment, hi ha&nbsp;<a href=\"https:\/\/campingsingirona.com\/ca\/experiencies\/bed-bike\/\" target=\"_blank\" class=\"\" rel=\"noreferrer noopener\"><strong>22 c\u00e0mpings que compten amb el segell Bed&amp;Bike<\/strong><\/a>, el distintiu que acredita els establiments que ofereixen serveis especialitzats per a cicloturistes.<\/p>\n\n\n\n<figure class=\"wp-block-image size-full\"><img decoding=\"async\" src=\"https:\/\/acg.campingsingirona.com\/wp-content\/uploads\/2023\/04\/xSant-Feliu-de-Guixols.-Volata.-Arxiu-Imatges-PTCBG.jpg.pagespeed.ic_.ihKu46SNNM.jpeg\" alt=\"\" class=\"wp-image-3678\"\/><\/figure>\n\n\n\n<div style=\"height:5px\" aria-hidden=\"true\" class=\"wp-block-spacer\"><\/div>\n\n\n\n<h2 class=\"wp-block-heading\"><strong>Nou v\u00eddeo del Patronat de Turisme Costa Brava Girona per a la promoci\u00f3 de Natura i Turisme Actiu<\/strong><\/h2>\n\n\n\n<p>Us presentem un nou v\u00eddeo promocional del Patronat de Turisme Costa Brava Girona que t\u00e9 per objectiu descobrir el territori des de totes les perspectives possibles: terra, mar i aire; tot viatjant per les activitats i els paisatges dels Parcs Naturals del Pirineu de Girona i la Costa Brava.<\/p>\n\n\n\n<p>Un v\u00eddeo espectacular per animar al campista a fer estades al territori aquesta propera tardor.<\/p>\n\n\n\n<figure class=\"wp-block-embed is-type-video is-provider-youtube wp-block-embed-youtube wp-embed-aspect-16-9 wp-has-aspect-ratio\"><div class=\"wp-block-embed__wrapper\">\n<iframe loading=\"lazy\" title=\"Del Pirineu de Girona a la Costa Brava: descobreix el parad\u00eds per terra, mar i aire\" width=\"500\" height=\"281\" src=\"https:\/\/www.youtube.com\/embed\/8cRr7jXdJm0?feature=oembed\" frameborder=\"0\" allow=\"accelerometer; autoplay; clipboard-write; encrypted-media; gyroscope; picture-in-picture; web-share\" referrerpolicy=\"strict-origin-when-cross-origin\" allowfullscreen><\/iframe>\n<\/div><\/figure>\n\n\n\n<div style=\"height:11px\" aria-hidden=\"true\" class=\"wp-block-spacer\"><\/div>\n\n\n\n<div style=\"height:11px\" aria-hidden=\"true\" class=\"wp-block-spacer\"><\/div>\n\n\n\n<p><\/p>\n\n\n\n<div style=\"height:11px\" aria-hidden=\"true\" class=\"wp-block-spacer\"><\/div>\n","protected":false},"excerpt":{"rendered":"<p>Valoraci\u00f3 pr\u00e8via de la temporada 2022 Finalitza el mes d\u2019agost, per\u00f2 encara no donem per tancada la temporada als c\u00e0mpings gironins, ja que cal esperar encara unes setmanes per a poder fer un balan\u00e7 efica\u00e7 amb totes les dades d&#8217;estades mitjanes i consums. Tot i aix\u00f2, des de l&#8217;ACG es valora molt positivament la temporada [&hellip;]<\/p>\n","protected":false},"author":1,"featured_media":97953,"comment_status":"closed","ping_status":"open","sticky":false,"template":"","format":"standard","meta":{"_acf_changed":false,"footnotes":""},"categories":[],"tags":[],"class_list":["post-97943","post","type-post","status-publish","format-standard","has-post-thumbnail","hentry"],"acf":[],"_links":{"self":[{"href":"https:\/\/acg.campingsingirona.com\/ca\/wp-json\/wp\/v2\/posts\/97943","targetHints":{"allow":["GET"]}}],"collection":[{"href":"https:\/\/acg.campingsingirona.com\/ca\/wp-json\/wp\/v2\/posts"}],"about":[{"href":"https:\/\/acg.campingsingirona.com\/ca\/wp-json\/wp\/v2\/types\/post"}],"author":[{"embeddable":true,"href":"https:\/\/acg.campingsingirona.com\/ca\/wp-json\/wp\/v2\/users\/1"}],"replies":[{"embeddable":true,"href":"https:\/\/acg.campingsingirona.com\/ca\/wp-json\/wp\/v2\/comments?post=97943"}],"version-history":[{"count":2,"href":"https:\/\/acg.campingsingirona.com\/ca\/wp-json\/wp\/v2\/posts\/97943\/revisions"}],"predecessor-version":[{"id":104192,"href":"https:\/\/acg.campingsingirona.com\/ca\/wp-json\/wp\/v2\/posts\/97943\/revisions\/104192"}],"wp:featuredmedia":[{"embeddable":true,"href":"https:\/\/acg.campingsingirona.com\/ca\/wp-json\/wp\/v2\/media\/97953"}],"wp:attachment":[{"href":"https:\/\/acg.campingsingirona.com\/ca\/wp-json\/wp\/v2\/media?parent=97943"}],"wp:term":[{"taxonomy":"category","embeddable":true,"href":"https:\/\/acg.campingsingirona.com\/ca\/wp-json\/wp\/v2\/categories?post=97943"},{"taxonomy":"post_tag","embeddable":true,"href":"https:\/\/acg.campingsingirona.com\/ca\/wp-json\/wp\/v2\/tags?post=97943"}],"curies":[{"name":"wp","href":"https:\/\/api.w.org\/{rel}","templated":true}]}}