{"id":97910,"date":"2022-07-01T00:00:00","date_gmt":"2022-07-01T00:00:00","guid":{"rendered":"https:\/\/acg.campingsingirona.com\/en\/blog\/les-noticies-del-mes-de-juny-de-2022\/"},"modified":"2023-10-18T09:06:05","modified_gmt":"2023-10-18T09:06:05","slug":"les-noticies-del-mes-de-juny-de-2022","status":"publish","type":"post","link":"https:\/\/acg.campingsingirona.com\/ca\/les-noticies-del-mes-de-juny-de-2022\/","title":{"rendered":"Les not\u00edcies del mes de juny de 2022"},"content":{"rendered":"\n<h2 class=\"wp-block-heading\"><strong><strong><strong><strong><strong><strong class=\"\"><strong>Donem la benvinguda a la temporada d\u2019estiu 2022<\/strong><\/strong><\/strong><\/strong><\/strong><\/strong><\/strong><\/h2>\n\n\n\n<p>El passat 20 de juny vam donar la benvinguda a l\u2019estiu celebrant l\u2019Assemblea General Extraordin\u00e0ria al c\u00e0mping Delf\u00edn Verde Costa Brava Resort de Torroella de Montgr\u00ed que, enguany, celebra el seu 60\u00e8 aniversari. L\u2019acte va comptar amb l\u2019assist\u00e8ncia del vicepresident del Govern de la Generalitat de Catalunya i conseller de Pol\u00edtiques Digitals i Territori, Jordi Puigner\u00f3; l\u2019alcalde de Torroella de Montgr\u00ed, Jordi Colom\u00ed; la delegada de la Generalitat a Girona, Laia Ca\u00f1igueral; i el subdelegat del Govern a Girona, Albert Bramon; entre altres autoritats.<br><\/p>\n\n\n\n<p>El 80% dels associats van participar en una jornada plena d&#8217;activitats relacionades amb la sostenibilitat. Tamb\u00e9 es van entregar reconeixements especials als c\u00e0mpings amb m\u00e9s de 50 anys d&#8217;activitat a la destinaci\u00f3 &#8211; els C\u00e0mpings Daurats &#8211; i als C\u00e0mpings Sostenibles que compten amb certificats d&#8217;alta qualitat mediambiental.<\/p>\n\n\n\n<p>Per a m\u00e9s informaci\u00f3, <a href=\"\/?p=3545\">fes clic aqu\u00ed<\/a>.<\/p>\n\n\n\n<figure class=\"wp-block-image size-large\"><img decoding=\"async\" src=\"https:\/\/acg.campingsingirona.com\/wp-content\/uploads\/2023\/04\/unnamed-6-1-scaled.jpeg\" alt=\"\" class=\"wp-image-3550\"\/><\/figure>\n\n\n\n<div style=\"height:13px\" aria-hidden=\"true\" class=\"wp-block-spacer\"><\/div>\n\n\n\n<h2 class=\"wp-block-heading\"><strong><strong><strong><strong><strong><strong><strong><strong><strong>Reconeixements als c\u00e0mpings daurats, els c\u00e0mpings gironins amb m\u00e9s de cinquanta anys de traject\u00f2ria<\/strong><\/strong><\/strong><\/strong><\/strong><\/strong><\/strong><\/strong><\/strong><\/h2>\n\n\n\n<p>El c\u00e0mping giron\u00ed \u00e9s un dels models tur\u00edstics m\u00e9s consolidats al territori, ja que el 50% dels c\u00e0mpings tenen m\u00e9s de cinquanta anys de traject\u00f2ria professional. Per aquest motiu, l&#8217;Associaci\u00f3 de C\u00e0mpings de Girona va voler recon\u00e8ixer l&#8217;esfor\u00e7 de tots aquells c\u00e0mpings que, gr\u00e0cies a l\u2019esfor\u00e7 i la perseveran\u00e7a, han portat la Costa Brava i el Pirineu de Girona a ser una de les destinacions campistes per excel\u00b7l\u00e8ncia del continent europeu.<\/p>\n\n\n\n<p>A l\u2019Associaci\u00f3 ja hi ha 36 c\u00e0mpings amb una traject\u00f2ria de m\u00e9s de 50 anys, un fet que demostra la consolidaci\u00f3 d\u2019aquest sector i el gran recorregut que ha fet fins a convertir les instal\u00b7lacions en mod\u00e8liques i amb un gran nombre de serveis. Aquest 2022 celebren 50 anys o m\u00e9s: l\u2019Aquarius de Sant Pere Pescador (50 anys); i C\u00e0mping Bella Terra; C\u00e0mping Internacional de Palam\u00f3s; Delf\u00edn Verde Costa Brava Resort; c\u00e0mping Rifort; i c\u00e0mping Tres Estrelles Costa Brava, que celebren aquest any els 60 anys.<\/p>\n\n\n\n<figure class=\"wp-block-image size-full is-resized\"><img loading=\"lazy\" decoding=\"async\" src=\"https:\/\/acg.campingsingirona.com\/wp-content\/uploads\/2023\/04\/unnamed-6-1-1.jpeg\" alt=\"\" class=\"wp-image-3553\" width=\"841\" height=\"491\"\/><\/figure>\n\n\n\n<div style=\"height:12px\" aria-hidden=\"true\" class=\"wp-block-spacer\"><\/div>\n\n\n\n<h2 class=\"wp-block-heading\"><strong><strong><strong><strong><strong><strong><strong><strong><strong><strong><strong><strong><strong>Els c\u00e0mpings gironins reconeguts per la m\u00e0xima excel\u00b7l\u00e8ncia en sostenibilitat<\/strong><\/strong><\/strong><\/strong><\/strong><\/strong><\/strong><\/strong><\/strong><\/strong><\/strong><\/strong><\/strong><\/h2>\n\n\n\n<p>Divuit c\u00e0mpings de les comarques gironines &#8211; el 25% del conjunt &#8211; han estat reconeguts per la m\u00e0xima excel\u00b7l\u00e8ncia en sostenibilitat i l\u2019Associaci\u00f3 de C\u00e0mpings de Girona els ha entregat un diploma, durant l\u2019assemblea extraordin\u00e0ria anual.<\/p>\n\n\n\n<p>Els diplomes s\u2019han lliurat a tots aquells c\u00e0mpings que compten amb segells d\u2019alta qualitat mediambiental.\u00a0Aquests c\u00e0mpings\u00a0disposen de nombrosos certificats atorgats per entitats externes que deixen\u00a0const\u00e0ncia de la seva traject\u00f2ria en qualitat ambiental, en inversions constants i en un treball a favor de la sostenibilitat i el medi ambient. Es tracta de certificats com l\u2019ISO14001, Biosphere, IDA Dark Sky, ISO9001, EMAS, Distintiu de Qualitat Ambiental de la Generalitat de Catalunya i CETS Carta Europea del Turisme Sostenible. <\/p>\n\n\n\n<p>El president de l\u2019Associaci\u00f3 de C\u00e0mpings de Girona, Miquel Gotanegra, destaca que \u201caquests reconeixements demostren un cop m\u00e9s l\u2019excel\u00b7l\u00e8ncia dels establiments gironins i la seva aposta per la sostenibilitat i per ser referents en el sector\u201d.<\/p>\n\n\n\n<figure class=\"wp-block-image size-full is-resized\"><img loading=\"lazy\" decoding=\"async\" src=\"https:\/\/acg.campingsingirona.com\/wp-content\/uploads\/2023\/04\/unnamed-6-2.jpeg\" alt=\"\" class=\"wp-image-3556\" width=\"845\" height=\"493\"\/><\/figure>\n\n\n\n<div style=\"height:10px\" aria-hidden=\"true\" class=\"wp-block-spacer\"><\/div>\n\n\n\n<h2 class=\"wp-block-heading\"><strong><strong><strong><strong><strong><strong><strong><strong class=\"\"><strong class=\"\"><strong><strong>Final de la campanya WeCare 2022<\/strong><\/strong><\/strong><\/strong><\/strong><\/strong><\/strong><\/strong><\/strong><\/strong><\/strong><meta charset=\"utf-8\"><meta charset=\"utf-8\"><\/h2>\n\n\n\n<p>Aquest any, despr\u00e9s de l\u2019\u00e8xit en les anteriors campanyes, s\u2019ha tornat a activar la campanya WeCare enfocada en termes de sostenibilitat. En aquesta l\u00ednia s\u2019han organitzat formacions i jornades workshop, s\u2019ha digitalitzat el material gr\u00e0fic de l\u2019ACG i s\u2019ha impr\u00e8s en paper reciclat i s\u2019ha editat una senyalitzaci\u00f3 homog\u00e8nia sobre sostenibilitat. Aquestes accions tenen per objectiu incentivar el comportament respectu\u00f3s amb el medi ambient entre la clientela dels c\u00e0mpings gironins.<\/p>\n\n\n\n<p>El dilluns 20 de juny, per culminar la campanya WeCare 2022, van tenir lloc dues activitats relacionades amb la preservaci\u00f3 del medi ambient. En primer lloc, vam poder gaudir d&#8217;una interessant&nbsp;<strong>pon\u00e8ncia a c\u00e0rrec d&#8217;Oriol Dalmau,<\/strong>&nbsp;bi\u00f2leg expert en la creaci\u00f3 d&#8217;ecosistemes en establiments tur\u00edstics a l&#8217;aire lliure, i tamb\u00e9, d&#8217;un&nbsp;<strong>workshop d&#8217;activitats d&#8217;animaci\u00f3 tur\u00edstica sostenibles<\/strong>&nbsp;a c\u00e0rrec del GAP Serveis Tur\u00edstics, l&#8217;Institut Illa de Rodes de Roses i Raquel Mart\u00ednez cap d&#8217;Animaci\u00f3 del C\u00e0mping Bungalow Resort &amp; Spa La Ballena Alegre Costa.<\/p>\n\n\n\n<p>Gr\u00e0cies al patrocinador Camps Motor, l\u2019ACG ha comptat amb un vehicle retolat amb el lema WeCare, que ha perm\u00e8s fer visites als c\u00e0mpings gironins.<\/p>\n\n\n\n<figure class=\"wp-block-image size-large\"><img decoding=\"async\" src=\"https:\/\/acg.campingsingirona.com\/wp-content\/uploads\/2023\/04\/unnamed-6-3.jpeg\" alt=\"\" class=\"wp-image-3559\"\/><\/figure>\n\n\n\n<div style=\"height:20px\" aria-hidden=\"true\" class=\"wp-block-spacer\"><\/div>\n\n\n\n<h2 class=\"wp-block-heading\"><strong><strong><strong><strong><strong><strong><strong><strong><strong>L&#8217;ACG s&#8217;acomiada d\u2019en Ward<\/strong><\/strong><\/strong><\/strong><\/strong><\/strong><\/strong><\/strong><\/strong><meta charset=\"utf-8\"><meta charset=\"utf-8\"><\/h2>\n\n\n\n<p>Des de l\u2019any 2010 fins a aquest mes de juny, Ward Wijngaert ha fet tota la seva carrera professional a l\u2019ACG, on ha desenvolupat diferents funcions, des de la promoci\u00f3, la formaci\u00f3 acad\u00e8mica a les universitats i la ger\u00e8ncia des dels \u00faltims cinc anys. Durant els \u00faltims 3 anys tamb\u00e9 s\u2019ha ocupat de la gesti\u00f3 de la Federaci\u00f3 Catalana de C\u00e0mpings amb la coordinaci\u00f3 del president Miquel Gotanegra. Ara comen\u00e7a un nou cam\u00ed, per\u00f2 amb la intenci\u00f3 de continuar creixent en el sector del c\u00e0mping que tant estima.<\/p>\n\n\n\n<figure class=\"wp-block-image size-full is-resized\"><img loading=\"lazy\" decoding=\"async\" src=\"https:\/\/acg.campingsingirona.com\/wp-content\/uploads\/2023\/04\/unnamed-4.png\" alt=\"\" class=\"wp-image-3562\" width=\"839\" height=\"489\"\/><\/figure>\n\n\n\n<div style=\"height:0px\" aria-hidden=\"true\" class=\"wp-block-spacer\"><\/div>\n\n\n\n<h2 class=\"wp-block-heading\"><strong><strong><strong><strong><strong><strong><strong>Els c\u00e0mpings gironins celebren el Dia Mundial del Medi Ambient<\/strong><\/strong><\/strong><\/strong><\/strong><\/strong><\/strong><\/h2>\n\n\n\n<p>El passat 5 de juny, els\u00a0c\u00e0mpings de les comarques gironines es van sumar a la celebraci\u00f3 del Dia Mundial del Medi Ambient amb diferents activitats per refermar la preocupaci\u00f3 del sector per la protecci\u00f3 i millora de l\u2019entorn i per conscienciar als participants de la import\u00e0ncia de tenir cura del planeta.<\/p>\n\n\n\n<p>En concret, setze c\u00e0mpings adherits a l\u2019Associaci\u00f3 de C\u00e0mpings de Girona van organitzar la celebraci\u00f3, tallers i jocs de sensibilitzaci\u00f3 ambiental i de reciclatge, passejades de descoberta de l\u2019entorn, plantada d\u2019arbres, i recollida de brossa, entre d\u2019altres.<br><br>Per a m\u00e9s informaci\u00f3,\u00a0<a href=\"\/?p=3537\" target=\"_blank\" rel=\"noreferrer noopener\">fes clic aqu\u00ed<\/a>.<\/p>\n\n\n\n<figure class=\"wp-block-image size-large\"><img decoding=\"async\" src=\"https:\/\/acg.campingsingirona.com\/wp-content\/uploads\/2023\/04\/unnamed-6-4.jpeg\" alt=\"\" class=\"wp-image-3565\"\/><\/figure>\n\n\n\n<div style=\"height:20px\" aria-hidden=\"true\" class=\"wp-block-spacer\"><\/div>\n\n\n\n<h2 class=\"wp-block-heading\"><strong><strong><strong><strong><strong class=\"\"><strong class=\"\"><strong>L&#8217;ACG participa en la roda de premsa de presentaci\u00f3:\u00a0Perspectives i Previsions de l\u2019Estiu 2022 a la Costa Brava i el Pirineu de Girona<\/strong><\/strong><\/strong><\/strong><\/strong><\/strong><\/strong><\/h2>\n\n\n\n<p>A inicis del mes de juny, l&#8217;Associaci\u00f3 de C\u00e0mpings de Girona va participar en la roda de premsa de presentaci\u00f3 de les perspectives i previsions de l\u2019estiu 2022 a la Costa Brava i al Pirineu de Girona, organitzada pel Patronat de Turisme Costa Brava Girona.<\/p>\n\n\n\n<p>Durant la presentaci\u00f3 es van destacar les bones perspectives de recuperaci\u00f3 del sector arribant a nivells d&#8217;activitat tur\u00edstica de l&#8217;any 2019, l&#8217;increment notable del turisme internacional i el manteniment de la demanda del turisme de proximitat.<\/p>\n\n\n\n<p>Pel que fa al sector c\u00e0mping giron\u00ed, Miquel Gotanegra, president de l&#8217;ACG, augura una bona temporada d&#8217;estiu i un increment del turista s\u00e8nior fora de temporada alta.<\/p>\n\n\n\n<figure class=\"wp-block-image size-large\"><img decoding=\"async\" src=\"https:\/\/acg.campingsingirona.com\/wp-content\/uploads\/2023\/04\/unnamed-6-5.jpeg\" alt=\"\" class=\"wp-image-3568\"\/><\/figure>\n\n\n\n<div style=\"height:15px\" aria-hidden=\"true\" class=\"wp-block-spacer\"><\/div>\n\n\n\n<h2 class=\"wp-block-heading\"><strong><strong><strong><strong><strong><strong><strong><strong><strong>Reuni\u00f3 final de Campmaster a Cro\u00e0cia<\/strong><\/strong><\/strong><\/strong><\/strong><\/strong><\/strong><\/strong><\/strong><\/h2>\n\n\n\n<p>Aquesta mes de juny, t\u00e8cnics de l&#8217;ACG han viatjat fins a Cro\u00e0cia per reunir-se amb les sis entitats i universitats coorganitzadores del CampMaster, el primer M\u00e0ster Europeu en Gesti\u00f3 Sostenible d&#8217;Hostaleria a l&#8217;Aire lliure. Conjuntament amb l\u2019ACG, la University of Rijeka, Breda University of Applied Sciences, Universitat de Girona, Leading Campings of Europe i Croatian Campings Association; han col\u00b7laborat en la creaci\u00f3 d\u2019aquest projecte.<\/p>\n\n\n\n<p>El programa ja est\u00e0 a la recta final de la fase de preparaci\u00f3 i obrir\u00e0 les inscripcions l&#8217;1 de novembre de 2022, despr\u00e9s de la seva presentaci\u00f3 oficial al congr\u00e9s Girocamping Pro del pr\u00f2xim 29 de setembre.<\/p>\n\n\n\n<figure class=\"wp-block-image size-large\"><img decoding=\"async\" src=\"https:\/\/acg.campingsingirona.com\/wp-content\/uploads\/2023\/04\/unnamed-6-6.jpeg\" alt=\"\" class=\"wp-image-3571\"\/><\/figure>\n\n\n\n<div style=\"height:15px\" aria-hidden=\"true\" class=\"wp-block-spacer\"><\/div>\n\n\n\n<h2 class=\"wp-block-heading\"><strong><strong class=\"\"><strong class=\"\"><strong>Jornada de turisme de qualitat i reptes de futur a S\u2019Agar\u00f3<\/strong><\/strong><\/strong><\/strong><\/h2>\n\n\n\n<p>El Diari de Girona amb el patrocini de CaixaBank i la col\u00b7laboraci\u00f3 de l\u2019Ajuntament de Castell-Platja d\u2019Aro i S\u2019Agar\u00f3, van organitzar una jornada de turisme de qualitat.\u00a0 Aquesta, va tenir lloc a S\u2019Agar\u00f3 Hotel Wellness &amp; Spa de la platja de Sant Pol, el dijous 16 de juny.<\/p>\n\n\n\n<p>El president Miquel Gotangra va participar en la taula rodona, que tamb\u00e9 va comptar amb el president d\u2019Empord\u00e0 Turisme i propietari de c\u00e0mping, Esteve Guerra, i el secretari general de la Fecasarm, Joaquim Boadas de Quintana.<\/p>\n\n\n\n<p>Entre les q\u00fcestions que es van plantejar en destaquen l\u2019important creixement que ha experimentat el turisme de proximitat durant els \u00faltims anys i les opcions per mantenir-lo, les dificultats que est\u00e0 trobant el m\u00f3n de l\u2019hostaleria i el paper que juga l\u2019administraci\u00f3 en el futur del turisme i totes les q\u00fcestions relacionades amb la sostenibilitat.<\/p>\n\n\n\n<figure class=\"wp-block-image size-large\"><img decoding=\"async\" src=\"https:\/\/acg.campingsingirona.com\/wp-content\/uploads\/2023\/04\/unnamed-6-7.jpeg\" alt=\"\" class=\"wp-image-3574\"\/><\/figure>\n\n\n\n<div style=\"height:5px\" aria-hidden=\"true\" class=\"wp-block-spacer\"><\/div>\n\n\n\n<h2 class=\"wp-block-heading\"><strong><strong><strong><strong><strong class=\"\"><strong><strong><strong>I Comissi\u00f3 de seguiment del PDUAC<\/strong><\/strong><\/strong><\/strong><\/strong><\/strong><\/strong><\/strong><\/h2>\n\n\n\n<p>El passat dilluns 20 de juny, l\u2019ACG va assistir a la I Comissi\u00f3 de seguiment del PDU de c\u00e0mpings. Aquesta comissi\u00f3 vetlla pel compliment ambiental i per l\u2019aplicaci\u00f3 de les mesures establertes en el pla, per tal de fer un seguiment dels impactes generats i per proposar noves mesures si escau. Aquesta comissi\u00f3 t\u00e9 una composici\u00f3 transversal i est\u00e0 integrada per la Secretaria de l\u2019Agenda Urbana i Territori, la Secretaria de Medi Ambient, la Direcci\u00f3 General de Turisme, el Conselh Generau d\u2019Aran i representants del territori i del sector.<\/p>\n\n\n\n<p>Durant aquesta reuni\u00f3 es va fer una presentaci\u00f3 dels membres designats per a la comissi\u00f3 de seguiment i una valoraci\u00f3 de l\u2019aplicaci\u00f3 del PDU durant aquest any i mig de vig\u00e8ncia. Tamb\u00e9 es va fer un rep\u00e0s dels tr\u00e0mits de c\u00e0mpings a les Comissions Territorials d\u2019Urbanisme des de l\u2019any passat fins a l\u2019actualitat.<\/p>\n\n\n\n<div style=\"height:11px\" aria-hidden=\"true\" class=\"wp-block-spacer\"><\/div>\n\n\n\n<h2 class=\"wp-block-heading\"><strong><strong><strong><strong><strong><strong><strong><strong>Viatge de premsa amb prescriptors del Caravan Salon<\/strong><\/strong><\/strong><\/strong><\/strong><\/strong><\/strong><\/strong><\/h2>\n\n\n\n<p>Girona ha estat la destinaci\u00f3 escollida per la ind\u00fastria de les autocaravanes per fer la seva presentaci\u00f3 anual.<\/p>\n\n\n\n<p>Disset nous models d\u2019autocaravanes han recorregut la Costa Brava i el Pirineu de Girona en un viatge de premsa de descoberta de la destinaci\u00f3 i els c\u00e0mpings gironins, en qu\u00e8 participen una trentena de periodistes i prescriptors alemanys. L\u2019acci\u00f3 ha estat impulsada per l\u2019ACT dins del Grand Tour de Catalunya i amb col\u00b7laboraci\u00f3 del PTCBG de la Diputaci\u00f3 de Girona i l\u2019ACG. Aquest \u00e9s un dels productes estrat\u00e8gics en la reactivaci\u00f3 del sector i encaixa a la perfecci\u00f3 amb el p\u00fablic caravanista, ja que es tracta d\u2019una ruta per con\u00e8ixer, descobrir i gaudir del territori en vehicle, tant al medi rural com urb\u00e0, i en qualsevol \u00e8poca de l\u2019any.<\/p>\n\n\n\n<p>A m\u00e9s, Catalunya ser\u00e0 la destinaci\u00f3 convidada al Caravan Salon 2022 de la Fira de D\u00fcsseldorf que tindr\u00e0 lloc del 26 d\u2019agost al 4 de setembre.<\/p>\n\n\n\n<figure class=\"wp-block-image size-large\"><img decoding=\"async\" src=\"https:\/\/acg.campingsingirona.com\/wp-content\/uploads\/2023\/04\/unnamed-6-8.jpeg\" alt=\"\" class=\"wp-image-3577\"\/><\/figure>\n\n\n\n<div style=\"height:11px\" aria-hidden=\"true\" class=\"wp-block-spacer\"><\/div>\n\n\n\n<h2 class=\"wp-block-heading\"><strong><strong><strong><strong><strong><strong><strong><strong><strong class=\"\"><strong class=\"\"><strong>Prove\u00efdors sostenibles per uns c\u00e0mpings sostenibles<\/strong><\/strong><\/strong><\/strong><\/strong><\/strong><\/strong><\/strong><\/strong><\/strong><\/strong><\/h2>\n\n\n\n<p>Des de l&#8217;ACG comptem amb prove\u00efdors que aposten per la sostenibilitat tal com nosaltres mateixos ho fem. Productes de neteja ecol\u00f2gics, solucions energ\u00e8tiques sostenibles, vehicles el\u00e8ctrics, certificacions de qualitat, arquitectura responsable, instal\u00b7lacions adaptades, impressions en material reciclat, entre d&#8217;altres.<\/p>\n\n\n\n<p>Per altra banda, els c\u00e0mpings gironins han invertit 30 milions d&#8217;euros de cara a aquesta temporada per ser encara m\u00e9s sostenibles.<\/p>\n\n\n\n<p>La majoria d&#8217;aquests diners s&#8217;han destinat a millorar l&#8217;efici\u00e8ncia energ\u00e8tica de les instal\u00b7lacions: plaques solars fotovoltaiques i t\u00e8rmiques per subministrar energia a les instal\u00b7lacions; instal\u00b7lacions d&#8217;energia geot\u00e8rmica, carregadors de vehicles el\u00e8ctrics i adquisici\u00f3 de vehicle el\u00e8ctrics.<\/p>\n\n\n\n<p>El comprom\u00eds dels c\u00e0mpings gironins s\u2019emmarca en l\u2019aposta per un turisme responsable, i per seguir implementant mesures que contribueixin a reduir l\u2019efecte del canvi clim\u00e0tic i fer-ho en conson\u00e0ncia amb la consci\u00e8ncia de molts dels visitants de respecte per l\u2019entorn.<\/p>\n\n\n\n<div style=\"height:11px\" aria-hidden=\"true\" class=\"wp-block-spacer\"><\/div>\n","protected":false},"excerpt":{"rendered":"<p>Donem la benvinguda a la temporada d\u2019estiu 2022 El passat 20 de juny vam donar la benvinguda a l\u2019estiu celebrant l\u2019Assemblea General Extraordin\u00e0ria al c\u00e0mping Delf\u00edn Verde Costa Brava Resort de Torroella de Montgr\u00ed que, enguany, celebra el seu 60\u00e8 aniversari. L\u2019acte va comptar amb l\u2019assist\u00e8ncia del vicepresident del Govern de la Generalitat de Catalunya [&hellip;]<\/p>\n","protected":false},"author":1,"featured_media":97921,"comment_status":"closed","ping_status":"open","sticky":false,"template":"","format":"standard","meta":{"_acf_changed":false,"footnotes":""},"categories":[],"tags":[],"class_list":["post-97910","post","type-post","status-publish","format-standard","has-post-thumbnail","hentry"],"acf":[],"_links":{"self":[{"href":"https:\/\/acg.campingsingirona.com\/ca\/wp-json\/wp\/v2\/posts\/97910","targetHints":{"allow":["GET"]}}],"collection":[{"href":"https:\/\/acg.campingsingirona.com\/ca\/wp-json\/wp\/v2\/posts"}],"about":[{"href":"https:\/\/acg.campingsingirona.com\/ca\/wp-json\/wp\/v2\/types\/post"}],"author":[{"embeddable":true,"href":"https:\/\/acg.campingsingirona.com\/ca\/wp-json\/wp\/v2\/users\/1"}],"replies":[{"embeddable":true,"href":"https:\/\/acg.campingsingirona.com\/ca\/wp-json\/wp\/v2\/comments?post=97910"}],"version-history":[{"count":1,"href":"https:\/\/acg.campingsingirona.com\/ca\/wp-json\/wp\/v2\/posts\/97910\/revisions"}],"predecessor-version":[{"id":104186,"href":"https:\/\/acg.campingsingirona.com\/ca\/wp-json\/wp\/v2\/posts\/97910\/revisions\/104186"}],"wp:featuredmedia":[{"embeddable":true,"href":"https:\/\/acg.campingsingirona.com\/ca\/wp-json\/wp\/v2\/media\/97921"}],"wp:attachment":[{"href":"https:\/\/acg.campingsingirona.com\/ca\/wp-json\/wp\/v2\/media?parent=97910"}],"wp:term":[{"taxonomy":"category","embeddable":true,"href":"https:\/\/acg.campingsingirona.com\/ca\/wp-json\/wp\/v2\/categories?post=97910"},{"taxonomy":"post_tag","embeddable":true,"href":"https:\/\/acg.campingsingirona.com\/ca\/wp-json\/wp\/v2\/tags?post=97910"}],"curies":[{"name":"wp","href":"https:\/\/api.w.org\/{rel}","templated":true}]}}