{"id":97906,"date":"2022-06-02T00:00:00","date_gmt":"2022-06-02T00:00:00","guid":{"rendered":"https:\/\/acg.campingsingirona.com\/en\/blog\/els-campings-gironins-celebren-el-dia-mundial-del-medi-ambient-amb-tallers-jocs-plantada-darbres-i-recollida-de-brossa\/"},"modified":"2023-10-18T09:06:03","modified_gmt":"2023-10-18T09:06:03","slug":"els-campings-gironins-celebren-el-dia-mundial-del-medi-ambient-amb-tallers-jocs-plantada-darbres-i-recollida-de-brossa","status":"publish","type":"post","link":"https:\/\/acg.campingsingirona.com\/ca\/els-campings-gironins-celebren-el-dia-mundial-del-medi-ambient-amb-tallers-jocs-plantada-darbres-i-recollida-de-brossa\/","title":{"rendered":"Els c\u00e0mpings gironins \u00a0celebren el Dia Mundial del Medi Ambient amb tallers, jocs, plantada d\u2019arbres i recollida de brossa"},"content":{"rendered":"\n<p>Els c\u00e0mpings de les comarques gironines se sumen a la celebraci\u00f3 del Dia Mundial del Medi Ambient amb diferents activitats per refermar la preocupaci\u00f3 del sector per la protecci\u00f3 i millora de l\u2019entorn i per conscienciar als participants de la import\u00e0ncia de tenir cura del planeta. &nbsp;Aix\u00ed, setze c\u00e0mpings adherits a l\u2019Associaci\u00f3 de C\u00e0mpings de Girona han organitzat &nbsp;per aquest proper diumenge 5 de juny, dia en que es commemora la celebraci\u00f3, tallers i jocs de sensibilitzaci\u00f3 ambiental i de reciclatge, passejades de descoberta de l\u2019entorn, plantada d\u2019arbres, i recollida de brossa, entre d\u2019altres. Les activitats estan adre\u00e7ades a les persones que s\u2019hi allotgen amb el prop\u00f2sit de recon\u00e8ixer la import\u00e0ncia de la biodiversitat i reclamar l\u2019atenci\u00f3 pels reptes de futur en la defensa i protecci\u00f3 de la natura.<\/p>\n\n\n\n<p>En conjunt, els c\u00e0mpings gironins promouen actuacions en aquesta l\u00ednia al llarg de la temporada &nbsp;i duen a terme inversions per reduir la petjada ecol\u00f2gica i ser cada vegada m\u00e9s sostenibles.<\/p>\n\n\n\n<p>El proper diumenge 5 de juny per celebrar el Dia Mundial del Medi Ambient, al <strong>c\u00e0mping Vidr\u00e0<\/strong> hi haur\u00e0 un taller de caixes niu; al <strong>Cypsela Resort, <\/strong>de Pals,han organitzat un taller de reciclatge i una plantada d\u2019arbres; al <strong>Salat\u00e0<\/strong> de Roses, es dur\u00e0 a terme un taller perqu\u00e8 els infants puguin crear el seu parc verd amb materials reciclats; i a <strong>Cala Montjoi Resort &amp; Bungalow, &nbsp;<\/strong>tamb\u00e9 de Roses, han previst una excursi\u00f3 a la platja o a qualsevol altre espai natural per recollir brossa amb l\u2019objectiu de sensibilitzar als participants de la import\u00e0ncia de la conservaci\u00f3 de l\u2019entorn en un espai tan extraordinari i singular com el Parc Natural de Cap de Creus. Tamb\u00e9 han preparat un taller de creaci\u00f3 de joguines amb materials reciclats. Es tracta de fer el joc de TIK-TAK-TOE, amb cartr\u00f3 reciclat i amb pedres de la platja que els mateixos clients podran anar a buscar. El fons del taulell ser\u00e0 un dibuix que tingui a veure amb el medi ambient i les fitxes tamb\u00e9.<\/p>\n\n\n\n<p>A <strong>Las Dunas, <\/strong>de Sant Pere Pescador,es far\u00e0 un mur i una Gimcana del reciclatge. I al c\u00e0mping<strong> Bungalow Resort &amp; Spa La Ballena Alegre, <\/strong>tamb\u00e9 de Sant Pere Pescador,que aquest 2022 ha estat guardonat per l\u2019ADAC com el c\u00e0mping m\u00e9s sostenible i respectu\u00f3s amb el medi ambient d\u2019Europa, aquest proper diumenge organitzen manualitats amb material reciclat de l\u2019establiment.<\/p>\n\n\n\n<p>El<strong> Bassegoda Park, <\/strong>d\u2019Albany\u00e0, el 28 i 29 de maig va organitzar, amb motiu del Dia Mundial del Medi Ambient, un cap de setmana de natura per con\u00e8ixer l\u2019entorn m\u00e9s proper del c\u00e0mping amb una activitat d\u2019observaci\u00f3 d\u2019ocells dirigida per un expert ornit\u00f2leg i tallers de muntatge d\u2019un hotel d\u2019insectes i de creaci\u00f3 de quadres de flors. A m\u00e9s, el dia 5 de juny comptaran amb un expert en papallones.<\/p>\n\n\n\n<p>I als c\u00e0mpings <strong>Aquarius <\/strong>de Sant Pere Pescador<strong>, Empord\u00e0 <\/strong>de l\u2019Estartit, <strong>Bella Terra Bungalow Park <\/strong>de Blanes<strong>, Valldaro i Riembau <\/strong>de Platja d\u2019Aro<strong>, Interpals <\/strong>de Pals<strong>, Sant Pol <\/strong>de Sant Feliu de Gu\u00edxols<strong>, Eurocamping <\/strong>de Sant Antoni de Calonge<strong>, i l\u2019Internacional de Calonge<\/strong>, en coordinaci\u00f3 amb l\u2019empresa GAP Serveis Tur\u00edstics, s\u2019ha previst un recollida de pedres, fulles i pals i es crear\u00e0 un collage. Tamb\u00e9 es faran cubells de reciclatge i joguines amb materials reciclats.<\/p>\n","protected":false},"excerpt":{"rendered":"<p>Els c\u00e0mpings de les comarques gironines se sumen a la celebraci\u00f3 del Dia Mundial del Medi Ambient amb diferents activitats per refermar la preocupaci\u00f3 del sector per la protecci\u00f3 i millora de l\u2019entorn i per conscienciar als participants de la import\u00e0ncia de tenir cura del planeta. &nbsp;Aix\u00ed, setze c\u00e0mpings adherits a l\u2019Associaci\u00f3 de C\u00e0mpings de [&hellip;]<\/p>\n","protected":false},"author":1,"featured_media":97907,"comment_status":"closed","ping_status":"open","sticky":false,"template":"","format":"standard","meta":{"_acf_changed":false,"footnotes":""},"categories":[],"tags":[],"class_list":["post-97906","post","type-post","status-publish","format-standard","has-post-thumbnail","hentry"],"acf":[],"_links":{"self":[{"href":"https:\/\/acg.campingsingirona.com\/ca\/wp-json\/wp\/v2\/posts\/97906","targetHints":{"allow":["GET"]}}],"collection":[{"href":"https:\/\/acg.campingsingirona.com\/ca\/wp-json\/wp\/v2\/posts"}],"about":[{"href":"https:\/\/acg.campingsingirona.com\/ca\/wp-json\/wp\/v2\/types\/post"}],"author":[{"embeddable":true,"href":"https:\/\/acg.campingsingirona.com\/ca\/wp-json\/wp\/v2\/users\/1"}],"replies":[{"embeddable":true,"href":"https:\/\/acg.campingsingirona.com\/ca\/wp-json\/wp\/v2\/comments?post=97906"}],"version-history":[{"count":1,"href":"https:\/\/acg.campingsingirona.com\/ca\/wp-json\/wp\/v2\/posts\/97906\/revisions"}],"predecessor-version":[{"id":104184,"href":"https:\/\/acg.campingsingirona.com\/ca\/wp-json\/wp\/v2\/posts\/97906\/revisions\/104184"}],"wp:featuredmedia":[{"embeddable":true,"href":"https:\/\/acg.campingsingirona.com\/ca\/wp-json\/wp\/v2\/media\/97907"}],"wp:attachment":[{"href":"https:\/\/acg.campingsingirona.com\/ca\/wp-json\/wp\/v2\/media?parent=97906"}],"wp:term":[{"taxonomy":"category","embeddable":true,"href":"https:\/\/acg.campingsingirona.com\/ca\/wp-json\/wp\/v2\/categories?post=97906"},{"taxonomy":"post_tag","embeddable":true,"href":"https:\/\/acg.campingsingirona.com\/ca\/wp-json\/wp\/v2\/tags?post=97906"}],"curies":[{"name":"wp","href":"https:\/\/api.w.org\/{rel}","templated":true}]}}