{"id":97876,"date":"2022-05-02T00:00:00","date_gmt":"2022-05-02T00:00:00","guid":{"rendered":"https:\/\/acg.campingsingirona.com\/en\/blog\/les-noticies-del-mes-de-abril-de-2022\/"},"modified":"2023-10-18T09:05:58","modified_gmt":"2023-10-18T09:05:58","slug":"les-noticies-del-mes-de-abril-de-2022","status":"publish","type":"post","link":"https:\/\/acg.campingsingirona.com\/ca\/les-noticies-del-mes-de-abril-de-2022\/","title":{"rendered":"Les not\u00edcies del mes d&#8217;abril de 2022"},"content":{"rendered":"\n<h2 class=\"wp-block-heading\"><strong><strong><strong><strong><strong><strong class=\"\">Laura Toso s\u2019incorpora a l\u2019ACG com a nova gerent<\/strong><\/strong><\/strong><\/strong><\/strong><\/strong><\/h2>\n\n\n\n<p>Aquest mes d\u2019abril s\u2019ha incorporat a l\u2019equip t\u00e8cnic de l\u2019Associaci\u00f3 de C\u00e0mpings de Girona, Laura Toso. Ja coneguda per una pr\u00e8via etapa a l\u2019ACG com a t\u00e8cnica de promoci\u00f3 off-line i d&#8217;organitzaci\u00f3 d\u2019esdeveniments, ara ha estat escollida per assumir el c\u00e0rrec de gerent de l\u2019entitat.&nbsp;La Laura \u00e9s ve\u00efna de Vall-ll\u00f2brega i coneix el sector tur\u00edstic i c\u00e0mping giron\u00ed a fons gr\u00e0cies a la seva experi\u00e8ncia professional i familiar.<\/p>\n\n\n\n<p>Podeu contactar-hi a:&nbsp;<a class=\"\" href=\"mailto:laura@campingsingirona.com\" target=\"_blank\" rel=\"noreferrer noopener\"><strong>laura@campingsingirona.com<\/strong><\/a><\/p>\n\n\n\n<figure class=\"wp-block-image size-full is-resized\"><img loading=\"lazy\" decoding=\"async\" src=\"https:\/\/acg.campingsingirona.com\/wp-content\/uploads\/2023\/04\/c2016780-bf5b-428a-9599-64edbe22380b.jpeg\" alt=\"\" class=\"wp-image-3458\" width=\"837\" height=\"564\"\/><\/figure>\n\n\n\n<div style=\"height:13px\" aria-hidden=\"true\" class=\"wp-block-spacer\"><\/div>\n\n\n\n<h2 class=\"wp-block-heading\"><strong><strong><strong><strong><strong><strong><strong><strong>Els c\u00e0mpings gironins tanquen una Setmana Santa amb ocupacions de fins al 95%<\/strong><\/strong><\/strong><\/strong><\/strong><\/strong><\/strong><\/strong><\/h2>\n\n\n\n<p>Els c\u00e0mpings gironins celebren el tancament de Setmana Santa amb dades d\u2019ocupaci\u00f3 semblants a les del 2019 i en alguns casos, superiors. Des de l\u2019Associaci\u00f3 de C\u00e0mpings de Girona es conclou que s\u2019ha arribat a un 95% d\u2019ocupaci\u00f3 en bungalous i mobil homes, i entre un 80 i 85% en parcel\u00b7les.<\/p>\n\n\n\n<p>Durant aquesta Setmana Santa han estat obertes el 80% del total de les places dels c\u00e0mpings de les comarques gironines.<\/p>\n\n\n\n<p><strong><a href=\"\/?p=3420\" target=\"_blank\" rel=\"noreferrer noopener\">Clic aqu\u00ed<\/a>&nbsp;<\/strong>per con\u00e8ixer tots els detalls.<\/p>\n\n\n\n<figure class=\"wp-block-image size-large\"><img decoding=\"async\" src=\"https:\/\/acg.campingsingirona.com\/wp-content\/uploads\/2023\/04\/8f8a23e5-cc43-436e-b74a-8139c2de3db5.jpeg\" alt=\"\" class=\"wp-image-3432\"\/><\/figure>\n\n\n\n<div style=\"height:12px\" aria-hidden=\"true\" class=\"wp-block-spacer\"><\/div>\n\n\n\n<h2 class=\"wp-block-heading\"><strong><strong><strong><strong><strong><strong><strong><strong><strong><strong><strong>L&#8217;Ag\u00e8ncia d&#8217;Assegurances Llort &#8211; Tarradas renova el seu conveni amb l&#8217;ACG<\/strong><\/strong><\/strong><\/strong><\/strong><\/strong><\/strong><\/strong><\/strong><\/strong><\/strong><\/h2>\n\n\n\n<p>El prove\u00efdor de confian\u00e7a d&#8217;assegurances espec\u00edfiques pel sector c\u00e0mping, l\u2019\u00fanic a l\u2019estat espanyol, segueix apostant pel sector c\u00e0mping giron\u00ed a trav\u00e9s dels seus agents Llort-Tardades.<\/p>\n\n\n\n<p>Llort-Tarradas \u00e9s el col\u00b7laborador m\u00e9s antic de l&#8217;entitat, amb m\u00e9s de 12 anys de traject\u00f2ria. La consolidaci\u00f3 d\u2019aquesta col\u00b7laboraci\u00f3 confirma la tranquil\u00b7litat que transmeten els seus productes i serveis espec\u00edfics pel sector C\u00e0mping giron\u00ed.<\/p>\n\n\n\n<p>Podeu contactar-hi a: <a class=\"\" href=\"mailto:info@llort-tarradas.com\" target=\"_blank\" rel=\"noreferrer noopener\"><strong>info@llort-tarradas.com<\/strong><\/a><\/p>\n\n\n\n<figure class=\"wp-block-image size-full\"><img decoding=\"async\" src=\"https:\/\/acg.campingsingirona.com\/wp-content\/uploads\/2023\/04\/14bab123-0e63-4107-ab37-2e5f8005d0ce.png\" alt=\"\" class=\"wp-image-3435\"\/><\/figure>\n\n\n\n<div style=\"height:10px\" aria-hidden=\"true\" class=\"wp-block-spacer\"><\/div>\n\n\n\n<h2 class=\"wp-block-heading\"><strong><strong><strong><strong><strong><strong><strong><strong class=\"\"><strong class=\"\">Jornada de&nbsp;formaci\u00f3&nbsp;en&nbsp;accessibilitat&nbsp;al&nbsp;C\u00e0mping&nbsp;Valldaro<\/strong><\/strong><\/strong><\/strong><\/strong><\/strong><\/strong><\/strong><\/strong><meta charset=\"utf-8\"><meta charset=\"utf-8\"><\/h2>\n\n\n\n<p>El passat dijous 21 d\u2019abril es va celebrar una jornada de formaci\u00f3 enfocada a l&#8217;accessibilitat dels c\u00e0mpings, al C\u00e0mping Valldaro. Per aquesta jornada es va comptar amb el suport del Grup MIFAS i Play&amp;Train que van explicar les principals tasques de les seves organitzacions, i es van enfocar en com aconseguir i millorar l&#8217;accessibilitat i inclusi\u00f3 als c\u00e0mpings. Tamb\u00e9 es va fer \u00e8mfasi a la import\u00e0ncia de la comunicaci\u00f3 per als clients d&#8217;aquest col\u00b7lectiu. Aquesta va ser una jornada patrocinada per Staff Piscines.<\/p>\n\n\n\n<figure class=\"wp-block-image size-large\"><img decoding=\"async\" src=\"https:\/\/acg.campingsingirona.com\/wp-content\/uploads\/2023\/04\/59b830b6-4658-4b66-be66-207ef511d0d6.jpeg\" alt=\"\" class=\"wp-image-3438\"\/><\/figure>\n\n\n\n<div style=\"height:20px\" aria-hidden=\"true\" class=\"wp-block-spacer\"><\/div>\n\n\n\n<h2 class=\"wp-block-heading\"><strong><strong><strong><strong><strong><strong><strong>L\u2019ACG celebra una jornada de team building al nou Espai Cr\u00e0ter d\u2019Olot<\/strong><\/strong><\/strong><\/strong><\/strong><\/strong><\/strong><meta charset=\"utf-8\"><meta charset=\"utf-8\"><\/h2>\n\n\n\n<p>L\u2019Associaci\u00f3 de C\u00e0mpings de Girona va organitzar el dia 25 d\u2019abril una jornada de treball entre tots els associats a Olot. Al llarg de la jornada, els participants van poder visitar l\u2019Espai Cr\u00e0ter, inaugurat recentment a la ciutat d\u2019Olot, i es va dur a terme una reuni\u00f3 de la junta directiva. La jornada va comptar amb la pres\u00e8ncia de l\u2019alcalde d\u2019Olot, Josep Berga, i una pon\u00e8ncia a mans del bi\u00f2leg Oriol Dalmau, expert en biodiversitat en establiments tur\u00edstics.<\/p>\n\n\n\n<p><a class=\"\" href=\"\/?p=3420\"><strong>Clic aqu\u00ed<\/strong><\/a>, per a m\u00e9s informaci\u00f3.<\/p>\n\n\n\n<figure class=\"wp-block-image size-large\"><img decoding=\"async\" src=\"https:\/\/acg.campingsingirona.com\/wp-content\/uploads\/2023\/04\/23a61e7e-49e2-4e0e-886f-f2c07caf68fe.jpeg\" alt=\"\" class=\"wp-image-3441\"\/><\/figure>\n\n\n\n<div style=\"height:20px\" aria-hidden=\"true\" class=\"wp-block-spacer\"><\/div>\n\n\n\n<h2 class=\"wp-block-heading\"><strong><strong><strong><strong><strong><strong>Els C\u00e0mpings de Girona fan arribar la preocupaci\u00f3 pel Parc E\u00f2lic Mar\u00ed a l&#8217;Empord\u00e0<\/strong><\/strong><\/strong><\/strong><\/strong><\/strong><\/h2>\n\n\n\n<p>A mitjans del mes d&#8217;abril, l&#8217;Associaci\u00f3 de C\u00e0mpings de Girona va traslladar la preocupaci\u00f3 que causa al sector, el projecte del Macro Parc E\u00f2lic Mar\u00ed a l&#8217;Empord\u00e0, a la secretaria d&#8217;Acci\u00f3 Clim\u00e0tica de la Generalitat. Preocupaci\u00f3 en gran mesura, pels efectes negatius que pot arribar a causar tant als ecosistemes i la biodiversitat de la zona, com a l&#8217;activitat del sector tur\u00edstic.<\/p>\n\n\n\n<p>Des del Govern es van comprometre a traslladar el missatge al Ministeri de Transici\u00f3 Ecol\u00f2gica i Repte Demogr\u00e0fic del Govern Espanyol i es va acordar amb la secretaria, coordinar el sector tur\u00edstic i la Generalitat per fer un seguiment dels estudis i informes que sorgeixin al voltant del projecte.<\/p>\n\n\n\n<p>Per a&nbsp;<strong><a class=\"\" href=\"https:\/\/www.europapress.es\/catalunya\/noticia-campings-piden-govern-hacer-llegar-gobierno-preocupacion-parque-eolico-marino-20220413181638.html\" target=\"_blank\" rel=\"noreferrer noopener\">m\u00e9s informaci\u00f3 feu clic aqu\u00ed<\/a>.<\/strong><\/p>\n\n\n\n<figure class=\"wp-block-image size-full is-resized\"><img loading=\"lazy\" decoding=\"async\" src=\"https:\/\/acg.campingsingirona.com\/wp-content\/uploads\/2023\/04\/eba9c09f-c339-4a2a-9d0c-ceee5da1549f.jpeg\" alt=\"\" class=\"wp-image-3444\" width=\"836\" height=\"512\"\/><\/figure>\n\n\n\n<div style=\"height:20px\" aria-hidden=\"true\" class=\"wp-block-spacer\"><\/div>\n\n\n\n<h2 class=\"wp-block-heading\"><strong><strong><strong><strong><strong class=\"\">L&#8217;influencer de &#8220;Campings Espa\u00f1a&#8221;, visita els c\u00e0mpings gironins per promocionar els diversos segells de diferenciaci\u00f3<\/strong><\/strong><\/strong><\/strong><\/strong><\/h2>\n\n\n\n<p>El perfil&nbsp;<em><a href=\"https:\/\/campingsingirona.lt.acemlnc.com\/Prod\/link-tracker?notrack=1&amp;notrack=1&amp;redirectUrl=aHR0cHMlM0ElMkYlMkZ3d3cuaW5zdGFncmFtLmNvbSUyRmNhbXBpbmdzZXNwYW5hJTJGJTNGaGwlM0Rlcw==&amp;sig=8e1Mh1859zeBKUQ61jqcpctWpLrVuckoT1MqtLUNYUyQ&amp;iat=1651499709&amp;a=%7C%7C611796586%7C%7C&amp;account=campingsingirona%2Eactivehosted%2Ecom&amp;email=LRRV6glqIfcVPcYsJBrMHi%2FZD%2BmsUFpJrc5fHf6IoVE%3D&amp;s=bad97c655476f96a390a72c05a742011&amp;i=31A27A1A428\" class=\"\" target=\"_blank\" rel=\"noreferrer noopener\">Campings Espa\u00f1a<\/a><\/em>&nbsp;ha estat recorrent diversos c\u00e0mpings gironins durant l\u2019\u00faltima setmana del mes d\u2019abril, per tal de poder crear contingut promocional dels diferents segells de diferenciaci\u00f3 que presenta l\u2019Associaci\u00f3 de C\u00e0mpings de Girona. D\u2019aquesta manera s\u2019aconsegueix nous recursos audiovisuals de qualitat i actual, que destaqui els trets diferenciadors dels c\u00e0mpings gironins.<\/p>\n\n\n\n<p>El perfil de Campings Espa\u00f1a, Agrupa prop de 200.000 seguidors a les seves xarxes i \u00e9s un dels perfils m\u00e9s potents a nivell nacional, pel que fa a contingut relacionat amb el sector c\u00e0mping.<\/p>\n\n\n\n<p>Podeu visualitzar una&nbsp;<a href=\"https:\/\/campingsingirona.lt.acemlnc.com\/Prod\/link-tracker?notrack=1&amp;notrack=1&amp;redirectUrl=aHR0cHMlM0ElMkYlMkZ3d3cuaW5zdGFncmFtLmNvbSUyRnJlZWwlMkZDYzhWWlVkSTlKTSUyRiUzRnV0bV9zb3VyY2UlM0RpZ193ZWJfY29weV9saW5r&amp;sig=5t5v1mZso8Kxs2dSnPZn8Dk6gaJXuiVrmozFyfzvFh5M&amp;iat=1651499709&amp;a=%7C%7C611796586%7C%7C&amp;account=campingsingirona%2Eactivehosted%2Ecom&amp;email=LRRV6glqIfcVPcYsJBrMHi%2FZD%2BmsUFpJrc5fHf6IoVE%3D&amp;s=bad97c655476f96a390a72c05a742011&amp;i=31A27A1A429\" class=\"\" target=\"_blank\" rel=\"noreferrer noopener\">mostra dels continguts<\/a>&nbsp;que ha generat durant la seva estada, als perfils d&#8217;<a href=\"https:\/\/campingsingirona.lt.acemlnc.com\/Prod\/link-tracker?notrack=1&amp;notrack=1&amp;redirectUrl=aHR0cHMlM0ElMkYlMkZ3d3cuaW5zdGFncmFtLmNvbSUyRnJlZWwlMkZDYzhWWlVkSTlKTSUyRiUzRnV0bV9zb3VyY2UlM0RpZ193ZWJfY29weV9saW5r&amp;sig=5t5v1mZso8Kxs2dSnPZn8Dk6gaJXuiVrmozFyfzvFh5M&amp;iat=1651499709&amp;a=%7C%7C611796586%7C%7C&amp;account=campingsingirona%2Eactivehosted%2Ecom&amp;email=LRRV6glqIfcVPcYsJBrMHi%2FZD%2BmsUFpJrc5fHf6IoVE%3D&amp;s=bad97c655476f96a390a72c05a742011&amp;i=31A27A1A429\" class=\"\" target=\"_blank\" rel=\"noreferrer noopener\">Instagram<\/a>&nbsp;o&nbsp;<a href=\"https:\/\/campingsingirona.lt.acemlnc.com\/Prod\/link-tracker?notrack=1&amp;notrack=1&amp;redirectUrl=aHR0cHMlM0ElMkYlMkZ3d3cudGlrdG9rLmNvbSUyRiU0MGNhbXBpbmdzZXNwYW5hJTJGdmlkZW8lMkY3MDkyMzQ1Mzg2MzQ1NDk5OTA5JTNGaXNfY29weV91cmwlM0QxJTI2aXNfZnJvbV93ZWJhcHAlM0R2MQ==&amp;sig=GgGFmKjpFM14w3iB9nuvwFc97xovWcjTW2WSF2YPQd8Z&amp;iat=1651499709&amp;a=%7C%7C611796586%7C%7C&amp;account=campingsingirona%2Eactivehosted%2Ecom&amp;email=LRRV6glqIfcVPcYsJBrMHi%2FZD%2BmsUFpJrc5fHf6IoVE%3D&amp;s=bad97c655476f96a390a72c05a742011&amp;i=31A27A1A430\" class=\"\" target=\"_blank\" rel=\"noreferrer noopener\">TickTock<\/a>.<\/p>\n\n\n\n<div style=\"height:15px\" aria-hidden=\"true\" class=\"wp-block-spacer\"><\/div>\n\n\n\n<h2 class=\"wp-block-heading\"><strong><strong><strong><strong><strong><strong><strong><strong>La fam\u00edlia Mestres, pionera del sector c\u00e0mping giron\u00ed, premiada pel Patronat de Turisme<\/strong><\/strong><\/strong><\/strong><\/strong><\/strong><\/strong><\/strong><\/h2>\n\n\n\n<p>El passat 7 d\u2019abril es va celebrar la setzena edici\u00f3 dels Premis G! de Turisme de les Comarques Gironines, organitzats pel Patronat de Turisme Costa Brava Girona. Durant l&#8217;acte es va premiar amb el premi especial Jordi Comas i Matamala a la fam\u00edlia Mestres, per haver esdevingut una fam\u00edlia capdavantera en la gesti\u00f3 dels c\u00e0mpings, sempre amb afany d\u2019innovar, crear producte i cr\u00e9ixer, tenint present la seguretat, la sostenibilitat, la qualitat i la innovaci\u00f3.<\/p>\n\n\n\n<p>Per a&nbsp;<a class=\"\" href=\"\/?p=3406\" target=\"_blank\" rel=\"noreferrer noopener\">m\u00e9s informaci\u00f3, clic aqu\u00ed<\/a>.<\/p>\n\n\n\n<figure class=\"wp-block-image size-full\"><img decoding=\"async\" src=\"https:\/\/acg.campingsingirona.com\/wp-content\/uploads\/2023\/04\/998aea41-de3a-41e8-94ae-7daf08620b60.jpeg\" alt=\"\" class=\"wp-image-3447\"\/><\/figure>\n\n\n\n<div style=\"height:15px\" aria-hidden=\"true\" class=\"wp-block-spacer\"><\/div>\n\n\n\n<h2 class=\"wp-block-heading\"><strong><strong class=\"\">L&#8217;ACG participa en una jornada digital BookingFax, organitzada pel Patronat de Turisme Costa Brava Girona<\/strong><\/strong><\/h2>\n\n\n\n<p>El 27 d\u2019abril l\u2019ACG va participar en un webinar organitzat pel Patronat de Turisme Costa Brava Girona i l&#8217;empresa BookingFax, on es va presentar l\u2019oferta campista de la destinaci\u00f3 davant de m\u00e9s de 100 agents de viatge i touroperadors de tot el pa\u00eds especialitzats en vacances de natura i turisme actiu.<\/p>\n\n\n\n<p>Tamb\u00e9 va comptar amb la participaci\u00f3 d&#8217;altres empreses com Costa Brava Verd Hotels, Turisme Rural Girona i l\u2019Associaci\u00f3 Tur\u00edstica d\u2019Apartaments; amb qui conjuntament es va presentar la destinaci\u00f3 Costa Brava \u2013 Pirineu de Girona i la seva oferta d\u2019activitats de natura i actiu.<\/p>\n\n\n\n<figure class=\"wp-block-image size-large\"><img decoding=\"async\" src=\"https:\/\/acg.campingsingirona.com\/wp-content\/uploads\/2023\/04\/942e8182-c0c4-4fb1-8838-e906b99a93a8.jpeg\" alt=\"\" class=\"wp-image-3450\"\/><\/figure>\n\n\n\n<div style=\"height:15px\" aria-hidden=\"true\" class=\"wp-block-spacer\"><\/div>\n\n\n\n<h2 class=\"wp-block-heading\"><strong><strong><strong><strong><strong class=\"\">L\u2019ACG col\u00b7labora amb la UdG impartint l\u2019assignatura de Gesti\u00f3 de C\u00e0mpings<\/strong><\/strong><\/strong><\/strong><\/strong><\/h2>\n\n\n\n<p>Un any mes l\u2019ACG imparteix l\u2019assignatura \u201cGesti\u00f3 de C\u00e0mpings\u201d a la Universitat de Girona. Amb un gran \u00e8xit en nombre d\u2019estudiants i majoria d\u2019alumnes d\u2019ERASMUS, l\u2019objectiu d\u2019aquesta assignatura optativa \u00e9s explicar als estudiants el funcionament empresarial d\u2019un c\u00e0mping i poder con\u00e8ixer en primera persona tots els detalls de la gesti\u00f3 i el dia a dia d\u2019aquesta tipologia d&#8217;establiments.<\/p>\n\n\n\n<div style=\"height:11px\" aria-hidden=\"true\" class=\"wp-block-spacer\"><\/div>\n\n\n\n<h2 class=\"wp-block-heading\"><strong><strong><strong><strong><strong><strong><strong>Participaci\u00f3 en les Jornades T\u00e8cniques Universitat-Empresa sobre la gesti\u00f3 del talent al sector tur\u00edstic<\/strong><\/strong><\/strong><\/strong><\/strong><\/strong><\/strong><\/h2>\n\n\n\n<p>El passat 1 d\u2019abril l\u2019Associaci\u00f3 de C\u00e0mpings de Girona va participar en la primera trobada de les Jornades T\u00e8cniques Universitat-Empresa organitzades pel CETT-UB i IQS-URL, en el marc de la B-Travel. <\/p>\n\n\n\n<p>L\u2019objectiu d\u2019aquestes trobades \u00e9s la generaci\u00f3 d\u2019un espai idoni que fomenti la comunicaci\u00f3 propera entre els dos estaments, la generaci\u00f3 de propostes de col\u00b7laboraci\u00f3, i el suport mutu en la promoci\u00f3 de l\u00ednies d\u2019acci\u00f3 que benefici\u00efn el sector.<\/p>\n\n\n\n<figure class=\"wp-block-image size-large\"><img decoding=\"async\" src=\"https:\/\/acg.campingsingirona.com\/wp-content\/uploads\/2023\/04\/24dafef3-7e98-4477-b0ca-f924e424d4f2.jpeg\" alt=\"\" class=\"wp-image-3453\"\/><\/figure>\n\n\n\n<div style=\"height:11px\" aria-hidden=\"true\" class=\"wp-block-spacer\"><\/div>\n\n\n\n<h2 class=\"wp-block-heading\"><strong><strong><strong><strong><strong><strong><strong><strong><strong class=\"\">Tematic Arquitectura renova el seu conveni amb els c\u00e0mpings gironins<\/strong><\/strong><\/strong><\/strong><\/strong><\/strong><\/strong><\/strong><\/strong><\/h2>\n\n\n\n<p>El despatx d\u2019arquitectura per refer\u00e8ncia en el sector c\u00e0mping sud-europeu, Tematic Arquitectura, continua col\u00b7laborant per 5\u00e8 any consecutiu amb l\u2019ACG.<\/p>\n\n\n\n<p>L\u2019aposta per espais singulars i tematitzats s\u00f3n un valor diferencial dels c\u00e0mpings gironins, gr\u00e0cies a la implicaci\u00f3 de l\u2019arquitecte Rafa Tramullas.<\/p>\n\n\n\n<p>Podeu posar-vos en contacte amb Tematic Arquitectura a:&nbsp;<a href=\"mailto:info@tematicarquitectura.com\" target=\"_blank\" rel=\"noreferrer noopener\">info@tematicartquitectura.com<\/a><\/p>\n\n\n\n<figure class=\"wp-block-image size-full\"><img decoding=\"async\" src=\"https:\/\/acg.campingsingirona.com\/wp-content\/uploads\/2023\/04\/c3101a5e-7cc0-47d9-ab1c-4bcb11a8bc12.png\" alt=\"\" class=\"wp-image-3461\"\/><\/figure>\n\n\n\n<div style=\"height:11px\" aria-hidden=\"true\" class=\"wp-block-spacer\"><\/div>\n","protected":false},"excerpt":{"rendered":"<p>Laura Toso s\u2019incorpora a l\u2019ACG com a nova gerent Aquest mes d\u2019abril s\u2019ha incorporat a l\u2019equip t\u00e8cnic de l\u2019Associaci\u00f3 de C\u00e0mpings de Girona, Laura Toso. Ja coneguda per una pr\u00e8via etapa a l\u2019ACG com a t\u00e8cnica de promoci\u00f3 off-line i d&#8217;organitzaci\u00f3 d\u2019esdeveniments, ara ha estat escollida per assumir el c\u00e0rrec de gerent de l\u2019entitat.&nbsp;La Laura [&hellip;]<\/p>\n","protected":false},"author":1,"featured_media":97878,"comment_status":"closed","ping_status":"open","sticky":false,"template":"","format":"standard","meta":{"_acf_changed":false,"footnotes":""},"categories":[],"tags":[],"class_list":["post-97876","post","type-post","status-publish","format-standard","has-post-thumbnail","hentry"],"acf":[],"_links":{"self":[{"href":"https:\/\/acg.campingsingirona.com\/ca\/wp-json\/wp\/v2\/posts\/97876","targetHints":{"allow":["GET"]}}],"collection":[{"href":"https:\/\/acg.campingsingirona.com\/ca\/wp-json\/wp\/v2\/posts"}],"about":[{"href":"https:\/\/acg.campingsingirona.com\/ca\/wp-json\/wp\/v2\/types\/post"}],"author":[{"embeddable":true,"href":"https:\/\/acg.campingsingirona.com\/ca\/wp-json\/wp\/v2\/users\/1"}],"replies":[{"embeddable":true,"href":"https:\/\/acg.campingsingirona.com\/ca\/wp-json\/wp\/v2\/comments?post=97876"}],"version-history":[{"count":1,"href":"https:\/\/acg.campingsingirona.com\/ca\/wp-json\/wp\/v2\/posts\/97876\/revisions"}],"predecessor-version":[{"id":104179,"href":"https:\/\/acg.campingsingirona.com\/ca\/wp-json\/wp\/v2\/posts\/97876\/revisions\/104179"}],"wp:featuredmedia":[{"embeddable":true,"href":"https:\/\/acg.campingsingirona.com\/ca\/wp-json\/wp\/v2\/media\/97878"}],"wp:attachment":[{"href":"https:\/\/acg.campingsingirona.com\/ca\/wp-json\/wp\/v2\/media?parent=97876"}],"wp:term":[{"taxonomy":"category","embeddable":true,"href":"https:\/\/acg.campingsingirona.com\/ca\/wp-json\/wp\/v2\/categories?post=97876"},{"taxonomy":"post_tag","embeddable":true,"href":"https:\/\/acg.campingsingirona.com\/ca\/wp-json\/wp\/v2\/tags?post=97876"}],"curies":[{"name":"wp","href":"https:\/\/api.w.org\/{rel}","templated":true}]}}