{"id":97872,"date":"2022-04-08T00:00:00","date_gmt":"2022-04-08T00:00:00","guid":{"rendered":"https:\/\/acg.campingsingirona.com\/en\/blog\/la-familia-mestres-capdavantera-als-campings-gironins-premiada-pel-patronat-de-turisme\/"},"modified":"2023-10-18T09:05:56","modified_gmt":"2023-10-18T09:05:56","slug":"la-familia-mestres-capdavantera-als-campings-gironins-premiada-pel-patronat-de-turisme","status":"publish","type":"post","link":"https:\/\/acg.campingsingirona.com\/ca\/la-familia-mestres-capdavantera-als-campings-gironins-premiada-pel-patronat-de-turisme\/","title":{"rendered":"La fam\u00edlia Mestres, capdavantera als c\u00e0mpings gironins, premiada pel Patronat de Turisme"},"content":{"rendered":"\n<p><strong>Girona, 8 d\u2019abril de 2022.<\/strong> La fam\u00edlia Mestres, nissaga del sector dels c\u00e0mpings a les comarques de Girona, ha rebut el <strong>premi especial Jordi Comas i Matamala, en el marc dels premis G!, <\/strong>per haver-se convertit en una fam\u00edlia capdavantera en la gesti\u00f3 dels c\u00e0mpings, sempre amb afany d\u2019innovar, crear producte i cr\u00e9ixer, tenint present la seguretat, la sostenibilitat, la qualitat i la innovaci\u00f3. Els premis G! de turisme de les comarques de Girona, organitzats pel Patronat de Turisme Costa Brava Girona de la Diputaci\u00f3 de Girona, han celebrat la setzena edici\u00f3. L\u2019acte de lliurament dels premis es va fer ahir a l\u2019antiga esgl\u00e9sia de Sant Pere de Ripoll. Va ser presidit pel president de la Diputaci\u00f3 de Girona, Miquel Noguer, i hi van assistir m\u00e9s d\u2019un centenar de convidats entre autoritats, guardonats i representants del sector tur\u00edstic giron\u00ed.&nbsp;<\/p>\n\n\n\n<p>Nascut a Llagostera i ve\u00ed de la vila de Platja d&#8217;Aro, Ramon Mestres Full\u00e0 es va casar amb Rosa Brugada Dalmau l&#8217;any 1954. Al 1956 va n\u00e9ixer la primera filla, Marina i dos anys despr\u00e9s, va n\u00e9ixer en Ramon, que sempre ha treballat i viscut a l&#8217;estranger.&nbsp;<\/p>\n\n\n\n<p>Ramon Mestres Full\u00e0 va fundar el c\u00e0mping Valldaro a Platja d&#8217;Aro a l&#8217;any 1963 a l&#8217;edat de 43 anys. Els principis varen \u00e9sser durs per la dist\u00e0ncia que hi havia per arribar a la platja, i per tal de que els campistes es quedessin al c\u00e0mping, va construir una de les primeres piscines i restaurant obert al p\u00fablic en els c\u00e0mpings a l&#8217;any 1969. Les bones temporades varen propiciar les ampliacions, i de les 2 hect\u00e0rees inicials, es va anar ampliant fins arribar a les 22 hect\u00e0rees actuals, situant-lo com a un dels c\u00e0mpings m\u00e9s grans i de refer\u00e8ncia dins el sector.<\/p>\n\n\n\n<p>Marina, Gl\u00f2ria i N\u00faria Mestres Brugada formen la segona generaci\u00f3 que dirigeix i est\u00e0 al capdavant de la gesti\u00f3 dels c\u00e0mpings Valldaro de Platja d\u2019Aro i Interpals i continuen el projecte del seu pare, per tal d\u2019innovar i cr\u00e9ixer. Les tres germanes treballen per un model tur\u00edstic que te com a base els valors de sostenibilitat, qualitat i digitalitzaci\u00f3. Cada una d\u2019elles \u00e9s responsable d\u00b4un departament. El net gran de Ramon, l\u2019Eloi (1981), es va incorporar l\u2019any 2000, sent el responsable de manteniment i posteriorment ajudant de direcci\u00f3 i al 2018, un altre membre de la tercera generaci\u00f3 es va incorporar a l\u2019empresa, la neta Ariadna (1989), com a ajudant de direcci\u00f3 al Camping Interpals.<\/p>\n\n\n\n<p>La fam\u00edlia Mestres \u00e9s capdavantera en qualitat mediambiental, amb certificats els dos c\u00e0mpings amb els segells EMAS i ISO 14001. Tant el Valldaro com l\u2019Interpals tenen el Distintiu \u201cSICTED\u201d de Destinaci\u00f3 Tur\u00edstica de Qualitat. De la mateixa manera que els dos c\u00e0mpings van obtenir el Safe Tourism Certified d\u2019ICTE per certificar el seu pla de conting\u00e8ncia davant de la pand\u00e8mia covid19. El Valldaro tamb\u00e9 hi suma el segell d\u2019accessibilitat \u201cWheelchair Friendly\u201d atorgat per Grup MIFAS i l\u2019Associaci\u00f3 de C\u00e0mpings de Girona.<\/p>\n\n\n\n<p>La fam\u00edlia Mestres tamb\u00e9 \u00e9s sin\u00f2nim de l\u2019associacionisme i sempre han dedicat el seu temps per promoure, engrandir, visibilitzar i cohesionar els c\u00e0mpings.<\/p>\n\n\n\n<p>A l\u00b4any 1992, Gloria Mestres va substituir al seu pare fins a l\u00b4any 2005 a l\u2019Associaci\u00f3 de C\u00e0mpings de Girona i a la Federaci\u00f3 Catalana de C\u00e0mpings, formant part de les juntes directives. Va ser sotspresidenta de la Federaci\u00f3n Espa\u00f1ola de Empresarios del Camping durant aquets anys, essent la primera dona que formava part de totes aquestes juntes directives. La Marina va agafar el relleu familiar i des del 2010 \u00e9s la secret\u00e0ria de l\u2019Associaci\u00f3 de C\u00e0mpings de Girona. Tamb\u00e9 participa activament dins el m\u00f3n associatiu local com a vocal en el consorci publico-privat \u201cAroImpulsa\u201d i amb l\u2019Associaci\u00f3 d\u2019Empresaris&nbsp; del municipi, ADEM.<\/p>\n\n\n\n<h2 class=\"wp-block-heading\">Els c\u00e0mpings&nbsp;<\/h2>\n\n\n\n<p><strong>C\u00e0mping Valldaro <\/strong>\u00e9s un c\u00e0mping a Platja d\u2019Aro categoritzat amb 4 estrelles catalanes i 4,5 estrelles holandeses, atorgat pel prestigi\u00f3s autom\u00f2bil club ANWB, cosa que l\u2019inclou en el selecte club dels \u201c<em>Erkende Camping 2022<\/em>\u201d. Tamb\u00e9 est\u00e0 reconegut amb 4 estrelles alemanyes del autom\u00f2bil club ADAC, que li permet distingir-se amb l\u2019etiqueta \u201c<em>Tipp 2022<\/em>\u201d&nbsp;<\/p>\n\n\n\n<p>L\u2019establiment compta amb 1104 parcel\u00b7les i 210 bungalows, un fet que el converteix en un dels c\u00e0mpings amb m\u00e9s capacitat en parcel\u00b7les del estat espanyol i alberga m\u00e9s de 4.600 turistes al dia en plena temporada.<\/p>\n\n\n\n<p><strong>C\u00e0mping Interpals. <\/strong>Al cap de 12 anys despr\u00e9s d\u2019obertura del primer c\u00e0mping, la fam\u00edlia decideix adquirir un c\u00e0mping existent, l\u2019Interpals, a Pals a l\u2019any 1975. Situat als masos de Pals tamb\u00e9 \u00e9s un c\u00e0mping categoritzat amb 4 estrelles catalanes i tamb\u00e9 forma part del selecte club \u201c<em>Erkende Camping 2022<\/em>\u201d dels c\u00e0mpings premiats a Holanda. El c\u00e0mping t\u00e9 450 parcel\u00b7les i 96 allotjaments, que li permet allotjar uns 2.000 turistes en plena ocupaci\u00f3.<\/p>\n\n\n\n<figure class=\"wp-block-table\"><table><tbody><tr><td><\/td><\/tr><\/tbody><\/table><\/figure>\n\n\n\n<p><em>L\u2019Associaci\u00f3 de c\u00e0mpings de Girona \u00e9s la m\u00e9s antiga d\u2019Espanya, compta amb 73 associats (m\u00e9s del 80 per cent dels c\u00e0mpings de les comarques de Girona) i ofereix&nbsp; unes 120.000 places d\u2019allotjament. El total de places d\u2019allotjament de c\u00e0mpings de la demarcaci\u00f3 \u00e9s de 135.000, una xifra que situa al sector com la primera oferta tur\u00edstica reglada.<\/em><\/p>\n","protected":false},"excerpt":{"rendered":"<p>Girona, 8 d\u2019abril de 2022. La fam\u00edlia Mestres, nissaga del sector dels c\u00e0mpings a les comarques de Girona, ha rebut el premi especial Jordi Comas i Matamala, en el marc dels premis G!, per haver-se convertit en una fam\u00edlia capdavantera en la gesti\u00f3 dels c\u00e0mpings, sempre amb afany d\u2019innovar, crear producte i cr\u00e9ixer, tenint present [&hellip;]<\/p>\n","protected":false},"author":1,"featured_media":97873,"comment_status":"closed","ping_status":"open","sticky":false,"template":"","format":"standard","meta":{"_acf_changed":false,"footnotes":""},"categories":[],"tags":[],"class_list":["post-97872","post","type-post","status-publish","format-standard","has-post-thumbnail","hentry"],"acf":[],"_links":{"self":[{"href":"https:\/\/acg.campingsingirona.com\/ca\/wp-json\/wp\/v2\/posts\/97872","targetHints":{"allow":["GET"]}}],"collection":[{"href":"https:\/\/acg.campingsingirona.com\/ca\/wp-json\/wp\/v2\/posts"}],"about":[{"href":"https:\/\/acg.campingsingirona.com\/ca\/wp-json\/wp\/v2\/types\/post"}],"author":[{"embeddable":true,"href":"https:\/\/acg.campingsingirona.com\/ca\/wp-json\/wp\/v2\/users\/1"}],"replies":[{"embeddable":true,"href":"https:\/\/acg.campingsingirona.com\/ca\/wp-json\/wp\/v2\/comments?post=97872"}],"version-history":[{"count":1,"href":"https:\/\/acg.campingsingirona.com\/ca\/wp-json\/wp\/v2\/posts\/97872\/revisions"}],"predecessor-version":[{"id":104177,"href":"https:\/\/acg.campingsingirona.com\/ca\/wp-json\/wp\/v2\/posts\/97872\/revisions\/104177"}],"wp:featuredmedia":[{"embeddable":true,"href":"https:\/\/acg.campingsingirona.com\/ca\/wp-json\/wp\/v2\/media\/97873"}],"wp:attachment":[{"href":"https:\/\/acg.campingsingirona.com\/ca\/wp-json\/wp\/v2\/media?parent=97872"}],"wp:term":[{"taxonomy":"category","embeddable":true,"href":"https:\/\/acg.campingsingirona.com\/ca\/wp-json\/wp\/v2\/categories?post=97872"},{"taxonomy":"post_tag","embeddable":true,"href":"https:\/\/acg.campingsingirona.com\/ca\/wp-json\/wp\/v2\/tags?post=97872"}],"curies":[{"name":"wp","href":"https:\/\/api.w.org\/{rel}","templated":true}]}}