{"id":97862,"date":"2022-04-01T00:00:00","date_gmt":"2022-04-01T00:00:00","guid":{"rendered":"https:\/\/acg.campingsingirona.com\/en\/blog\/les-noticies-del-mes-de-marc-de-2022\/"},"modified":"2023-10-18T09:05:55","modified_gmt":"2023-10-18T09:05:55","slug":"les-noticies-del-mes-de-marc-de-2022","status":"publish","type":"post","link":"https:\/\/acg.campingsingirona.com\/ca\/les-noticies-del-mes-de-marc-de-2022\/","title":{"rendered":"Les not\u00edcies del mes de mar\u00e7 de 2022"},"content":{"rendered":"\n<h2 class=\"wp-block-heading\"><strong><strong><strong><strong><strong>L&#8217;ACG torna a engegar la campanya WeCare per donar suport a la recuperaci\u00f3 dels c\u00e0mpings&nbsp;<\/strong><\/strong><\/strong><\/strong><\/strong><\/h2>\n\n\n\n<p>Aquest mes de mar\u00e7 l\u2019ACG ha comen\u00e7at la tercera edici\u00f3 de la campanya WeCare, un assessorament i suport personalitzar itinerant per a tots els c\u00e0mpings associats. Dins d&#8217;aquesta campanya, els t\u00e8cnics de l\u2019ACG fan visites a tots els c\u00e0mpings, per tal d\u2019oferir un tracte m\u00e9s proper amb els associats i per donar a con\u00e8ixer totes les accions engegades, les l\u00ednies d\u2019assessorament obertes i les accions de promoci\u00f3 en marxa.&nbsp;<\/p>\n\n\n\n<p>Un any m\u00e9s, des de l\u2019ACG comptem amb un vehicle corporatiu i retolat que acompanya les visites. Aquest any s\u2019ha optat per un Nissan Qashqai Mild Hybrid cedit pel col\u00b7laborador en mobilitat Camps Motor.<\/p>\n\n\n\n<p><a href=\"\/?p=3364\" target=\"_blank\" rel=\"noreferrer noopener\">Clica aqu\u00ed<\/a>&nbsp;per a m\u00e9s informaci\u00f3.<\/p>\n\n\n\n<figure class=\"wp-block-image size-large\"><img decoding=\"async\" src=\"https:\/\/acg.campingsingirona.com\/wp-content\/uploads\/2023\/04\/a1daa2d7-65f8-ebd1-b5ae-cde3f89ae1bd.jpeg\" alt=\"\" class=\"wp-image-3379\"\/><\/figure>\n\n\n\n<div style=\"height:13px\" aria-hidden=\"true\" class=\"wp-block-spacer\"><\/div>\n\n\n\n<h2 class=\"wp-block-heading\"><strong><strong><strong><strong><strong><strong><strong><strong>Sevicios Turisticos Heinze-Latzke renova un any m\u00e9s el seu comprom\u00eds amb els c\u00e0mpings gironins<\/strong><\/strong><\/strong><\/strong><\/strong><\/strong><\/strong><\/strong><\/h2>\n\n\n\n<p>L\u2019empresa especialitzada en publicacions i publicitat especifica del sector c\u00e0mping europeu, segueix apostant pels c\u00e0mpings gironins amb la renovaci\u00f3 del seu comprom\u00eds per 6\u00e8 any consecutiu. &nbsp;<\/p>\n\n\n\n<p>Des de l\u2019ACG, agra\u00efm el seu suport perqu\u00e8 el sector c\u00e0mping est\u00e0 enfocat principalment als mercats nord-europeus i necessitem un col\u00b7laborador internacional com Servicios Turisticos Heinze-Latzke per la seva gran tasca. Gr\u00e0cies a col\u00b7laboracions com aquesta podem comunicar totes les novetats i apostes per unes vacances sostenibles als c\u00e0mpings gironins de manera global.&nbsp;<\/p>\n\n\n\n<figure class=\"wp-block-image size-full\"><img decoding=\"async\" src=\"https:\/\/acg.campingsingirona.com\/wp-content\/uploads\/2023\/04\/8b91dc83-c463-9f16-995a-c9f714d0ba7c.jpeg\" alt=\"\" class=\"wp-image-3382\"\/><\/figure>\n\n\n\n<div style=\"height:12px\" aria-hidden=\"true\" class=\"wp-block-spacer\"><\/div>\n\n\n\n<h2 class=\"wp-block-heading\"><strong><strong><strong><strong><strong><strong><strong><strong><strong><strong>El C\u00e0mping Internacional de Calonge recull el guard\u00f3 DCC Europa-Preis de Plat\u00ed<\/strong><\/strong><\/strong><\/strong><\/strong><\/strong><\/strong><\/strong><\/strong><\/strong><\/h2>\n\n\n\n<p>L\u2019any 2021, el C\u00e0mping Internacional de Calonge va ser guardonat amb el DCC Europa-Preis de Plat\u00ed, una distinci\u00f3 de prestigi atorgada per la DCC (Deutscher Camping Club), el principal club de caravanistes alemany (amb uns 85.000 membres). Aquest any han recollit el seu guard\u00f3, despr\u00e9s que la gala de l&#8217;any passat qued\u00e9s anul\u00b7lada per la crisi de la Covid-19.<\/p>\n\n\n\n<p>Des de l&#8217;Associaci\u00f3 de C\u00e0mpings de Girona felicitem a tot l&#8217;equip del C\u00e0mping Internacional de Calonge per aquest merescut reconeixement.<\/p>\n\n\n\n<figure class=\"wp-block-image size-large\"><img decoding=\"async\" src=\"https:\/\/acg.campingsingirona.com\/wp-content\/uploads\/2023\/04\/a80e50ef-7c08-e451-5d76-ee5a1225191a.jpeg\" alt=\"\" class=\"wp-image-3385\"\/><\/figure>\n\n\n\n<div style=\"height:10px\" aria-hidden=\"true\" class=\"wp-block-spacer\"><\/div>\n\n\n\n<h2 class=\"wp-block-heading\"><strong><strong><strong><strong><strong><strong><strong>Els c\u00e0mpings potencien els esdeveniments per ampliar la temporada tur\u00edstica<\/strong><\/strong><\/strong><\/strong><\/strong><\/strong><\/strong><meta charset=\"utf-8\"><meta charset=\"utf-8\"><\/h2>\n\n\n\n<p>El sector c\u00e0mping giron\u00ed potencia els esdeveniments que es fan a l\u2019entorn de les seves instal\u00b7lacions per atraure m\u00e9s turisme des del mes de mar\u00e7 i fins a l\u2019octubre, amb l&#8217;objectiu de&nbsp;desestacionalitzar el turisme. Aquests esdeveniments mostren el potencial i la variada oferta dels&nbsp;c\u00e0mpings gironins, m\u00e9s enll\u00e0 dels serveis i de les instal\u00b7lacions de gran qualitat que permeten gaudir d\u2019unes vacances de gran valor.&nbsp;<\/p>\n\n\n\n<p><a href=\"\/?p=3360\">Clica aqu\u00ed<\/a> per a m\u00e9s informaci\u00f3.<\/p>\n\n\n\n<figure class=\"wp-block-image size-large\"><img decoding=\"async\" src=\"https:\/\/acg.campingsingirona.com\/wp-content\/uploads\/2023\/04\/830e2d92-70f6-11eb-a757-4d1aac0ef4b2.jpeg\" alt=\"\" class=\"wp-image-3388\"\/><\/figure>\n\n\n\n<div style=\"height:20px\" aria-hidden=\"true\" class=\"wp-block-spacer\"><\/div>\n\n\n\n<h2 class=\"wp-block-heading\"><strong><strong><strong><strong><strong><strong>Els c\u00e0mpings en solidaritat amb Ucra\u00efna<\/strong><\/strong><\/strong><\/strong><\/strong><\/strong><meta charset=\"utf-8\"><meta charset=\"utf-8\"><\/h2>\n\n\n\n<p>La Federaci\u00f3 Catalana de C\u00e0mpings ha posat a disposici\u00f3 llocs de treball i allotjaments dels c\u00e0mpings catalans, per donar suport en l\u2019acollida de refugiats de la guerra d&#8217;Ucra\u00efna. Per altra banda, l\u2019Associaci\u00f3 de C\u00e0mpings de Girona tamb\u00e9 col\u00b7labora econ\u00f2micament amb Creu Roja per poder solucionar els entrebancs log\u00edstics de l&#8217;acollida de refugiats en la guerra d&#8217;Ucra\u00efna que arriben a Catalunya. Per altra banda, tamb\u00e9 s&#8217;ha fet entrega d&#8217;un palet d&#8217;aliments al Consolat d&#8217;Ucra\u00efna a Barcelona via la Federaci\u00f3 d&#8217;Organitzacions Empresarials de Girona (FOEG).<\/p>\n\n\n\n<figure class=\"wp-block-image size-large\"><img decoding=\"async\" src=\"https:\/\/acg.campingsingirona.com\/wp-content\/uploads\/2023\/04\/fd460fb1-8085-cb27-8d18-c2191b9af674.jpeg\" alt=\"\" class=\"wp-image-3391\"\/><\/figure>\n\n\n\n<div style=\"height:20px\" aria-hidden=\"true\" class=\"wp-block-spacer\"><\/div>\n\n\n\n<h2 class=\"wp-block-heading\"><strong><strong><strong><strong><strong><strong>L\u2019ACG fa una donaci\u00f3 d\u2019ordinadors a l\u2019Associaci\u00f3 Nou Sol<\/strong><\/strong><\/strong><\/strong><\/strong><\/strong><\/h2>\n\n\n\n<p>Despr\u00e9s de completar el proc\u00e9s de digitalitzaci\u00f3, l\u2019Associaci\u00f3 de C\u00e0mpings de Girona ha fet una donaci\u00f3 de 6 equips inform\u00e0tics en des\u00fas a l\u2019Associaci\u00f3 NouSol. Aquesta associaci\u00f3 sense \u00e0nim de lucre, \u00e9s una entitat local que t\u00e9 per objectiu l\u2019empoderament de persones i col\u00b7lectius en situaci\u00f3 de vulnerabilitat. D\u2019aquesta manera, s\u2019ha volgut donar una segona vida als ordinadors i una oportunitat als infants que participen en els projectes de l\u2019associaci\u00f3 NouSol.<\/p>\n\n\n\n<figure class=\"wp-block-image size-large\"><img decoding=\"async\" src=\"https:\/\/acg.campingsingirona.com\/wp-content\/uploads\/2023\/04\/0bd865ad-9ed7-2e3b-906a-c7cf2c100fcc.jpeg\" alt=\"\" class=\"wp-image-3394\"\/><\/figure>\n\n\n\n<div style=\"height:20px\" aria-hidden=\"true\" class=\"wp-block-spacer\"><\/div>\n\n\n\n<h2 class=\"wp-block-heading\"><strong><strong><strong>Oportunitat de digitalitzaci\u00f3 per als&nbsp;c\u00e0mpings gironins&nbsp;<\/strong><\/strong><\/strong><\/h2>\n\n\n\n<p>Aquest mes s\u2019ha obert la convocat\u00f2ria del Kit Digital pel primer grup: empreses de 10 a 49 empleats. Des de l\u2019ACG s\u2019ofereix servei d\u2019orientaci\u00f3, tramitaci\u00f3 i contacte directe amb agents digitals.<\/p>\n\n\n\n<p>Per altra banda, l\u2019Ag\u00e8ncia Catalana de Turisme (ACT) lidera el nou projecte TOURBIT, cofinan\u00e7at pel programa COSME de la Uni\u00f3 Europea, que vol fomentar l\u2019adopci\u00f3 de la digitalitzaci\u00f3 i la innovaci\u00f3 de les pimes tur\u00edstiques. En concret, es&nbsp; col\u00b7labora amb entitats de 6 destinacions (B\u00e8lgica, Lap\u00f2nia, Illa de Fran\u00e7a, Isl\u00e0ndia, Portugal, Eslov\u00e8nia) per impulsar tots plegats una transformaci\u00f3 digital m\u00e9s r\u00e0pida del sector tur\u00edstic europeu. Paral\u00b7lelament, s\u2019ha iniciat un Diagn\u00f2stic de Digitalitzaci\u00f3 d\u2019Allotjaments (c\u00e0mpings) amb Eurecat que ha escollit 3 c\u00e0mpings gironins per realitzar aquest estudi forma subvencionada.<meta charset=\"utf-8\"><\/p>\n\n\n\n<div style=\"height:15px\" aria-hidden=\"true\" class=\"wp-block-spacer\"><\/div>\n\n\n\n<h2 class=\"wp-block-heading\"><strong><strong><strong><strong><strong><strong><strong><strong>QtrolPlaga renova el conveni amb l\u2019ACG<\/strong><\/strong><\/strong><\/strong><\/strong><\/strong><\/strong><\/strong><\/h2>\n\n\n\n<p>L\u2019empresa especialitzada en control de plagues, ubicada a Llagostera, renova el seu comprom\u00eds per 4t any consecutiu. QtrolPlaga aposta per t\u00e8cniques sostenibles per controlar les plagues de tota mena: des de desinfeccions a desinsectacions i desratitzacions. La col\u00b7laboraci\u00f3 amb l\u2019empresa gironina assegura poder oferir estades lliures de plagues en entorns naturals i reconfortants.<\/p>\n\n\n\n<figure class=\"wp-block-image size-full\"><img decoding=\"async\" src=\"https:\/\/acg.campingsingirona.com\/wp-content\/uploads\/2023\/04\/7fd768bd-5007-8b26-d234-582e189b8166.jpeg\" alt=\"\" class=\"wp-image-3397\"\/><\/figure>\n\n\n\n<div style=\"height:15px\" aria-hidden=\"true\" class=\"wp-block-spacer\"><\/div>\n\n\n\n<h2 class=\"wp-block-heading\"><strong>El projecte CampMaster entra en la seva recta final&nbsp;<\/strong><\/h2>\n\n\n\n<p>El projecte europeu \u201cCampMaster\u201d, subvencionat per la Uni\u00f3 Europea, ha finalitzat el 75% del seu desenvolupament i es prepara per a la recta final. Durant el proper Girocamping PRO del mes de setembre de 2022, es far\u00e0 la presentaci\u00f3 final del projecte que es materialitzar\u00e0 amb un m\u00e0ster espec\u00edfic en gesti\u00f3 sostenible d\u2019hostaleria d\u2019aire lliure.<\/p>\n\n\n\n<figure class=\"wp-block-image size-large\"><img decoding=\"async\" src=\"https:\/\/acg.campingsingirona.com\/wp-content\/uploads\/2023\/04\/bb836070-0424-5628-640d-d895f440353b-scaled.jpeg\" alt=\"\" class=\"wp-image-3400\"\/><\/figure>\n\n\n\n<div style=\"height:15px\" aria-hidden=\"true\" class=\"wp-block-spacer\"><\/div>\n\n\n\n<h2 class=\"wp-block-heading\"><strong><strong><strong><strong>David Busquets grava el seu nou videoclip al c\u00e0mping Cala Llevad\u00f3<\/strong><\/strong><\/strong><\/strong><\/h2>\n\n\n\n<p>David Busquets ha gravat el seu nou single \u201cTe Invito\u201d al c\u00e0mping Cala Llevad\u00f3, a Tossa de Mar. Un nou single que s\u2019estrena el dia 1 d\u2019abril en diverses plataformes com Spotify, Apple Music o Deezer.<\/p>\n\n\n\n<figure class=\"wp-block-embed is-type-video is-provider-youtube wp-block-embed-youtube wp-embed-aspect-16-9 wp-has-aspect-ratio\"><div class=\"wp-block-embed__wrapper\">\n<iframe loading=\"lazy\" title=\"David Busquets - Te Invito\" width=\"500\" height=\"281\" src=\"https:\/\/www.youtube.com\/embed\/vlRI2elenmM?feature=oembed\" frameborder=\"0\" allow=\"accelerometer; autoplay; clipboard-write; encrypted-media; gyroscope; picture-in-picture; web-share\" referrerpolicy=\"strict-origin-when-cross-origin\" allowfullscreen><\/iframe>\n<\/div><\/figure>\n\n\n\n<div style=\"height:11px\" aria-hidden=\"true\" class=\"wp-block-spacer\"><\/div>\n\n\n\n<h2 class=\"wp-block-heading\"><strong><strong><strong><strong><strong><strong><strong>\u00daltim webinar del cicle informatiu 2022 de la FCC&nbsp;<\/strong><\/strong><\/strong><\/strong><\/strong><\/strong><\/strong><\/h2>\n\n\n\n<p>El quart i \u00faltim webinar del cicle informatiu 2022 de la Federaci\u00f3 Catalana de C\u00e0mpings es va presentar el dia 25 de mar\u00e7. Aquest es va centrar en els impactes econ\u00f2mics que pot tenir el conflicte entre Ucra\u00efna i R\u00fassia, i els afectes col\u00b7laterals pel sector del c\u00e0mping catal\u00e0. CaixaBank tamb\u00e9 va presentar un estudi de perspectives de futur dins el sector tur\u00edstic.<\/p>\n\n\n\n<div style=\"height:11px\" aria-hidden=\"true\" class=\"wp-block-spacer\"><\/div>\n\n\n\n<h2 class=\"wp-block-heading\"><strong><strong><strong><strong><strong><strong><strong><strong>Trobada PIMEC digital: Bases per a un pacte sectorial pel turisme&nbsp;<\/strong><\/strong><\/strong><\/strong><\/strong><\/strong><\/strong><\/strong><\/h2>\n\n\n\n<p>El dimecres 16 de mar\u00e7, PIMEC va organitzar una jornada amb l\u2019objectiu d\u2019establir les bases per a un pacte sectorial pel turisme. Miquel Gotanegra, president de la Federaci\u00f3 Catalana de C\u00e0mpings va participar com a ponent referent del sector. Des dels c\u00e0mpings es dona suport a aquesta iniciativa, ja que aposta per fomentar la posici\u00f3 privilegiada de la nostra destinaci\u00f3.&nbsp;<\/p>\n\n\n\n<p><a href=\"https:\/\/www.campingsdecatalunya.org\/trobada-pimec-digital-bases-per-a-un-pacte-sectorial-pel-turisme\/\" target=\"_blank\" rel=\"noreferrer noopener\">Clica aqu\u00ed<\/a>&nbsp;per a m\u00e9s informaci\u00f3.<\/p>\n\n\n\n<div style=\"height:11px\" aria-hidden=\"true\" class=\"wp-block-spacer\"><\/div>\n","protected":false},"excerpt":{"rendered":"<p>L&#8217;ACG torna a engegar la campanya WeCare per donar suport a la recuperaci\u00f3 dels c\u00e0mpings&nbsp; Aquest mes de mar\u00e7 l\u2019ACG ha comen\u00e7at la tercera edici\u00f3 de la campanya WeCare, un assessorament i suport personalitzar itinerant per a tots els c\u00e0mpings associats. Dins d&#8217;aquesta campanya, els t\u00e8cnics de l\u2019ACG fan visites a tots els c\u00e0mpings, per [&hellip;]<\/p>\n","protected":false},"author":1,"featured_media":97867,"comment_status":"closed","ping_status":"open","sticky":false,"template":"","format":"standard","meta":{"_acf_changed":false,"footnotes":""},"categories":[],"tags":[],"class_list":["post-97862","post","type-post","status-publish","format-standard","has-post-thumbnail","hentry"],"acf":[],"_links":{"self":[{"href":"https:\/\/acg.campingsingirona.com\/ca\/wp-json\/wp\/v2\/posts\/97862","targetHints":{"allow":["GET"]}}],"collection":[{"href":"https:\/\/acg.campingsingirona.com\/ca\/wp-json\/wp\/v2\/posts"}],"about":[{"href":"https:\/\/acg.campingsingirona.com\/ca\/wp-json\/wp\/v2\/types\/post"}],"author":[{"embeddable":true,"href":"https:\/\/acg.campingsingirona.com\/ca\/wp-json\/wp\/v2\/users\/1"}],"replies":[{"embeddable":true,"href":"https:\/\/acg.campingsingirona.com\/ca\/wp-json\/wp\/v2\/comments?post=97862"}],"version-history":[{"count":1,"href":"https:\/\/acg.campingsingirona.com\/ca\/wp-json\/wp\/v2\/posts\/97862\/revisions"}],"predecessor-version":[{"id":104176,"href":"https:\/\/acg.campingsingirona.com\/ca\/wp-json\/wp\/v2\/posts\/97862\/revisions\/104176"}],"wp:featuredmedia":[{"embeddable":true,"href":"https:\/\/acg.campingsingirona.com\/ca\/wp-json\/wp\/v2\/media\/97867"}],"wp:attachment":[{"href":"https:\/\/acg.campingsingirona.com\/ca\/wp-json\/wp\/v2\/media?parent=97862"}],"wp:term":[{"taxonomy":"category","embeddable":true,"href":"https:\/\/acg.campingsingirona.com\/ca\/wp-json\/wp\/v2\/categories?post=97862"},{"taxonomy":"post_tag","embeddable":true,"href":"https:\/\/acg.campingsingirona.com\/ca\/wp-json\/wp\/v2\/tags?post=97862"}],"curies":[{"name":"wp","href":"https:\/\/api.w.org\/{rel}","templated":true}]}}