{"id":97856,"date":"2022-03-11T00:00:00","date_gmt":"2022-03-11T00:00:00","guid":{"rendered":"https:\/\/acg.campingsingirona.com\/en\/blog\/els-campings-potencien-els-esdeveniments-per-ampliar-la-temporada-turistica\/"},"modified":"2023-10-18T09:05:52","modified_gmt":"2023-10-18T09:05:52","slug":"els-campings-potencien-els-esdeveniments-per-ampliar-la-temporada-turistica","status":"publish","type":"post","link":"https:\/\/acg.campingsingirona.com\/ca\/els-campings-potencien-els-esdeveniments-per-ampliar-la-temporada-turistica\/","title":{"rendered":"Els c\u00e0mpings potencien els esdeveniments per ampliar la temporada tur\u00edstica"},"content":{"rendered":"\n<p>El sector del c\u00e0mping giron\u00ed ha potenciat els esdeveniments que es fan a l\u2019entorn de les seves instal\u00b7lacions per atreure m\u00e9s turisme des del mar\u00e7 i fins a l\u2019octubre. <\/p>\n\n\n\n<p>Entre aquests esdeveniments programats, hi ha el del c\u00e0mping N\u00e0utic Almata de Castell\u00f3 d\u2019Emp\u00faries, que ha organitzat el Norai Music &amp; Camp Festival, que se celebrar\u00e0 del 20 al 22 de maig amb actuacions musicals d\u2019artistes del panorama pop independent catal\u00e0 i una programaci\u00f3 d\u2019activitats esportives. Tamb\u00e9 acull el Primavera Van, el gran festival de furgonetes Camper de l\u2019Estat espanyol, que se celebrar\u00e0 del 27 al 29 de maig a Castell\u00f3 d\u2019Emp\u00faries, amb activitats art\u00edstiques, musicals i esportives.<\/p>\n\n\n\n<p>Un altre exemple \u00e9s el c\u00e0mping Bungalow Resort &amp; Spa La Ballena Alegre de Sant Pere Pescador, que tamb\u00e9 organitza esdeveniments previs al pic de la temporada estiuenca. Del 15 al 19 de juny, a la WindBA Costa Brava Optimist Spring Cup, organitzada pel Club de Vela la Ballena Alegre; i del 17 al 19 de juny, s\u2019organitza el Gravel Costa Brava Mussara Hunting Dogs, una modalitat de ciclisme que es practica partint de la base d\u2019una bicicleta de carretera modificada en la seva geometria i mida de pneum\u00e0tics. <\/p>\n\n\n\n<p>La Ballena Alegre te programats 4 esdeveniments m\u00e9s fins el mes d\u2019octubre: la Windsufer Europeans \u201cLa Brava Cup\u201d, del 29 de juny al 3 de juliol; la 23RD Hobie 16 World Championship, del 15 al 29 de setembre; la Costa Brava Fit Challenge 2022, amb una competici\u00f3 per equips de crossfit, del 30 de setembre al 2 d\u2019octubre; i l\u2019Extreme Challenge, amb una competici\u00f3 d\u2019equips tipus Spartan Race, del 7 al 9 d\u2019octubre. La Ballena Alegre ha estat premiat recentment com a Millor c\u00e0mping sostenible i respectu\u00f3s amb el medi ambient d\u2019Europa. El guard\u00f3 el va concedir l\u2019associaci\u00f3 alemanya ADAC -la que t\u00e9 m\u00e9s socis d\u2019aquell pa\u00eds amb m\u00e9s de 20 milions de fam\u00edlies associades.<\/p>\n\n\n\n<p>El Campionat de Catalunya de Raids d\u2019Aventura sortir\u00e0 el 21 de maig del c\u00e0mping Ressort Ciutat de Vacances Cala Montjoi , que acollir\u00e0 el 20 de maig les diverses proves pr\u00e8vies, inscripcions i reunions informatives abans de la cursa. Del 26 de juny al 1 de juliol, al mateix c\u00e0mping s\u2019organitza l\u2019\u00fanic Stage Apnea del plusmarquista mundial Umberto Pelizzari a la pen\u00ednsula, amb cursos en piscina i mar i cursos te\u00f2rics.<\/p>\n\n\n\n<p>El c\u00e0mping Internacional de Calonge participa en el Volcat Costa Brava (de bicicleta de muntanya) el 19 i 20 de mar\u00e7; en la lliga d\u2019aventura Indiketes Adventure Race, el 28 i 29 de maig; el 26 de juny en el Cala Cristus suprace 2\u00e0 edici\u00f3; i del 16 al 18 de setembre en el Festival Diverland, per gaudir del anys vuitanta i noranta, que es duu a terme a les instal\u00b7lacions del c\u00e0mping.<\/p>\n\n\n\n<p>L\u2019Associaci\u00f3 de C\u00e0mpings de Girona destaca que \u201caquests s\u00f3n alguns exemples de l\u2019oferta que hi ha als c\u00e0mpings gironins m\u00e9s enll\u00e0 dels serveis i de les instal\u00b7lacions de gran qualitat, que permeten gaudir d\u2019unes vacances inoblidables en un entorn a l\u2019aire lliure i de gran valor\u201d. \u201cAquests esdeveniments serveixen per desestacionalitzar la demanda, atraure clients fins ara no campistes per mitj\u00e0 d\u2019esdeveniments especialitzats, aconseguir m\u00e9s diversificaci\u00f3 de la tipologia dels clients, i tamb\u00e9 m\u00e9s especialitzaci\u00f3 dels c\u00e0mpings\u201d, indica l\u2019Associaci\u00f3.<\/p>\n","protected":false},"excerpt":{"rendered":"<p>El sector del c\u00e0mping giron\u00ed ha potenciat els esdeveniments que es fan a l\u2019entorn de les seves instal\u00b7lacions per atreure m\u00e9s turisme des del mar\u00e7 i fins a l\u2019octubre. Entre aquests esdeveniments programats, hi ha el del c\u00e0mping N\u00e0utic Almata de Castell\u00f3 d\u2019Emp\u00faries, que ha organitzat el Norai Music &amp; Camp Festival, que se celebrar\u00e0 [&hellip;]<\/p>\n","protected":false},"author":1,"featured_media":97857,"comment_status":"closed","ping_status":"open","sticky":false,"template":"","format":"standard","meta":{"_acf_changed":false,"footnotes":""},"categories":[],"tags":[],"class_list":["post-97856","post","type-post","status-publish","format-standard","has-post-thumbnail","hentry"],"acf":[],"_links":{"self":[{"href":"https:\/\/acg.campingsingirona.com\/ca\/wp-json\/wp\/v2\/posts\/97856","targetHints":{"allow":["GET"]}}],"collection":[{"href":"https:\/\/acg.campingsingirona.com\/ca\/wp-json\/wp\/v2\/posts"}],"about":[{"href":"https:\/\/acg.campingsingirona.com\/ca\/wp-json\/wp\/v2\/types\/post"}],"author":[{"embeddable":true,"href":"https:\/\/acg.campingsingirona.com\/ca\/wp-json\/wp\/v2\/users\/1"}],"replies":[{"embeddable":true,"href":"https:\/\/acg.campingsingirona.com\/ca\/wp-json\/wp\/v2\/comments?post=97856"}],"version-history":[{"count":1,"href":"https:\/\/acg.campingsingirona.com\/ca\/wp-json\/wp\/v2\/posts\/97856\/revisions"}],"predecessor-version":[{"id":104173,"href":"https:\/\/acg.campingsingirona.com\/ca\/wp-json\/wp\/v2\/posts\/97856\/revisions\/104173"}],"wp:featuredmedia":[{"embeddable":true,"href":"https:\/\/acg.campingsingirona.com\/ca\/wp-json\/wp\/v2\/media\/97857"}],"wp:attachment":[{"href":"https:\/\/acg.campingsingirona.com\/ca\/wp-json\/wp\/v2\/media?parent=97856"}],"wp:term":[{"taxonomy":"category","embeddable":true,"href":"https:\/\/acg.campingsingirona.com\/ca\/wp-json\/wp\/v2\/categories?post=97856"},{"taxonomy":"post_tag","embeddable":true,"href":"https:\/\/acg.campingsingirona.com\/ca\/wp-json\/wp\/v2\/tags?post=97856"}],"curies":[{"name":"wp","href":"https:\/\/api.w.org\/{rel}","templated":true}]}}