{"id":97836,"date":"2022-02-01T00:00:00","date_gmt":"2022-02-01T00:00:00","guid":{"rendered":"https:\/\/acg.campingsingirona.com\/en\/blog\/les-noticies-del-mes-de-gener-de-2022\/"},"modified":"2023-10-18T09:05:44","modified_gmt":"2023-10-18T09:05:44","slug":"les-noticies-del-mes-de-gener-de-2022","status":"publish","type":"post","link":"https:\/\/acg.campingsingirona.com\/ca\/les-noticies-del-mes-de-gener-de-2022\/","title":{"rendered":"Les not\u00edcies del mes de gener de 2022"},"content":{"rendered":"\n<h2 class=\"wp-block-heading\"><strong><strong><strong>Els c\u00e0mpings gironins revaliden les 13 distincions europees<\/strong><\/strong><\/strong><\/h2>\n\n\n\n<p>Un any m\u00e9s, els C\u00e0mpings de Girona han revalidat el seu reconeixement global de professionalitat i excel\u00b7l\u00e8ncia, tornant a obtenir tretze reconeixements internacionals. Enguany, s&#8217;han tornat a guanyar 7 de les prestigioses ins\u00edgnies TotCamping concedides per l&#8217;ANWB i 6 SuperPl\u00e4tz que atorga l&#8217;ADAC, que equivalen a la categoria de c\u00e0mpings de cinc estrelles.<\/p>\n\n\n\n<p>Fes clic <a href=\"\/?p=3267\" target=\"_blank\" rel=\"noreferrer noopener\">per a m\u00e9s informaci\u00f3<\/a>.<\/p>\n\n\n\n<div style=\"height:13px\" aria-hidden=\"true\" class=\"wp-block-spacer\"><\/div>\n\n\n\n<h2 class=\"wp-block-heading\"><strong><strong><strong><strong><strong><strong><strong>La Ballena Alegre de Sant Pere Pescador, premiat com a millor c\u00e0mping sostenible d&#8217;Europa<\/strong><\/strong><\/strong><\/strong><\/strong><\/strong><\/strong><\/h2>\n\n\n\n<p>El C\u00e0mping Bungalow Resort &amp; Spa La Ballena Alegre Costa Brava ha estat premiat com a &#8220;Millor c\u00e0mping sostenible i respectu\u00f3s amb el medi ambient d&#8217;Europa&#8221;, als guardons anuals de l&#8217;associaci\u00f3 alemanya ADAC.<\/p>\n\n\n\n<p>En la mateixa celebraci\u00f3, el C\u00e0mping &amp; Bungalow Salat\u00e0 ha quedat finalista en la categoria d&#8217;accessibilitat i canvi demogr\u00e0fic.<\/p>\n\n\n\n<p>Per \u00faltim,&nbsp;un altre c\u00e0mping giron\u00ed, el C\u00e0mping Empord\u00e0 que ha quedat finalista en la categoria de Millor c\u00e0mping familiar, que concedeix l&#8217;associaci\u00f3 automobil\u00edstica ANWB.<\/p>\n\n\n\n<p>Fes clic <a href=\"\/?p=3267\" target=\"_blank\" rel=\"noreferrer noopener\">per a m\u00e9s informaci\u00f3<\/a>.<\/p>\n\n\n\n<figure class=\"wp-block-image size-large\"><img decoding=\"async\" src=\"https:\/\/acg.campingsingirona.com\/wp-content\/uploads\/2023\/04\/3a4f6860-195b-2e5c-6485-20b4d4659c8e.jpeg\" alt=\"\" class=\"wp-image-3291\"\/><\/figure>\n\n\n\n<div style=\"height:12px\" aria-hidden=\"true\" class=\"wp-block-spacer\"><\/div>\n\n\n\n<h2 class=\"wp-block-heading\"><strong><strong><strong><strong><strong><strong><strong><strong>L\u2019ACG assisteix a la Fitur 2022<\/strong><\/strong><\/strong><\/strong><\/strong><\/strong><\/strong><\/strong><\/h2>\n\n\n\n<p>El passat dijous dia 20 de gener l\u2019Associaci\u00f3 de C\u00e0mpings de Girona va assistir a la 42a edici\u00f3 de Fitur.&nbsp;Enguany, es va aprofitar aquesta nova edici\u00f3 per a concertar vuit reunions amb diferents interlocutors del sector, amb la finalitat de promocionar els c\u00e0mpings gironins arreu d\u2019Europa.&nbsp;<\/p>\n\n\n\n<p>A m\u00e9s, es va aprofitar per a con\u00e8ixer les \u00faltimes tend\u00e8ncies,&nbsp;les claus de futur i els aven\u00e7os tecnol\u00f2gics del sector tur\u00edstic que es van aplegar a Madrid.<\/p>\n\n\n\n<figure class=\"wp-block-image size-large\"><img decoding=\"async\" src=\"https:\/\/acg.campingsingirona.com\/wp-content\/uploads\/2023\/04\/73225dbc-08f6-e935-d9da-1a0ee44e3de3.jpeg\" alt=\"\" class=\"wp-image-3288\"\/><\/figure>\n\n\n\n<div style=\"height:10px\" aria-hidden=\"true\" class=\"wp-block-spacer\"><\/div>\n\n\n\n<h2 class=\"wp-block-heading\"><strong><strong><strong><strong><strong>Nou material gr\u00e0fic per als C\u00e0mpings<\/strong><\/strong><\/strong><\/strong><\/strong><meta charset=\"utf-8\"><meta charset=\"utf-8\"><\/h2>\n\n\n\n<p>L&#8217;Associaci\u00f3 de C\u00e0mpings de Girona es&nbsp;reinventa i canvia la guia de c\u00e0mpings, per&nbsp;un mapa tur\u00edstic&nbsp;elaborat a partir del Mapa dels Tresors del&nbsp;Patronat de Turisme Costa Brava&nbsp;Pirineu.<\/p>\n\n\n\n<p>En aquest nou material s&#8217;hi troben recollits tots els c\u00e0mpings\u00a0associats i relacionats\u00a0amb els seus segells d&#8217;experi\u00e8ncies que els diferencia. L&#8217;objectiu d&#8217;aquest mapa, \u00e9s recollir de manera visual a tots els c\u00e0mpings i oferir un material m\u00e9s sostenible que redueix l&#8217;\u00fas del paper.<\/p>\n\n\n\n<figure class=\"wp-block-image size-large\"><img decoding=\"async\" src=\"https:\/\/acg.campingsingirona.com\/wp-content\/uploads\/2023\/04\/0c5615c7-9631-4afd-fb8d-f5425b01e56c-scaled.jpeg\" alt=\"\" class=\"wp-image-3285\"\/><\/figure>\n\n\n\n<div style=\"height:20px\" aria-hidden=\"true\" class=\"wp-block-spacer\"><\/div>\n\n\n\n<h2 class=\"wp-block-heading\"><strong><strong><strong><strong><strong>Ajuts per a la sostenibilitat i digitalitzaci\u00f3\u00a0<\/strong><\/strong><\/strong><\/strong><\/strong><meta charset=\"utf-8\"><meta charset=\"utf-8\"><\/h2>\n\n\n\n<p>En el marc dels Fons Europeus Next Generation, han arribat les primeres convocat\u00f2ries d\u2019ICAEN (Institut Catal\u00e0 d\u2019Energia) per als c\u00e0mpings catalans que apostin per a les energies sostenibles. Tamb\u00e9 s&#8217;ha anunciat l\u2019ajut del Kit Digital que pret\u00e9n promoure la digitalitzaci\u00f3 de les petites i mitjanes empreses.&nbsp;<\/p>\n\n\n\n<p>Des de la Federaci\u00f3 Catalana de C\u00e0mpings i, gr\u00e0cies a Caixabank i Deloitte, es va celebrar el dia 28 de gener, un webinar on es van explicar els objectius d&#8217;aquestes ajudes, les condicions i els passos per a poder sol\u00b7licitar-les.<\/p>\n\n\n\n<figure class=\"wp-block-image size-full is-resized\"><img loading=\"lazy\" decoding=\"async\" src=\"https:\/\/acg.campingsingirona.com\/wp-content\/uploads\/2023\/04\/2e181f2e-5cfb-9bd8-0663-38c4be9db4ba.jpeg\" alt=\"\" class=\"wp-image-3282\" width=\"838\" height=\"550\"\/><\/figure>\n\n\n\n<div style=\"height:20px\" aria-hidden=\"true\" class=\"wp-block-spacer\"><\/div>\n\n\n\n<h2 class=\"wp-block-heading\"><strong><strong><strong><strong>Els canvis de la reforma laboral<\/strong><\/strong><\/strong><\/strong><\/h2>\n\n\n\n<p>El passat dijous dia 20 de gener, l\u2019assessora jur\u00eddica especialista en dret laboral Isolda Coquard va dirigir una sessi\u00f3 informativa per als c\u00e0mpings gironins, on es va explicar els principals canvis que comporta la reforma laboral. Al mateix temps, tamb\u00e9 es va parlar de la repercussi\u00f3 per a les petites i mitjanes empreses.<\/p>\n\n\n\n<p>L&#8217;apartat on es va posar especial \u00e8mfasi, va ser tot el relacionat en els canvis de contractaci\u00f3, en concret del personal fix discontinuo.<\/p>\n\n\n\n<div style=\"height:20px\" aria-hidden=\"true\" class=\"wp-block-spacer\"><\/div>\n\n\n\n<h2 class=\"wp-block-heading\"><strong><strong>L\u2019ACG completa el seu proc\u00e9s de digitalitzaci\u00f3<\/strong><\/strong><meta charset=\"utf-8\"><\/h2>\n\n\n\n<p>Finalment, despr\u00e9s d&#8217;un proc\u00e9s llarg i complex, l&#8217;Associaci\u00f3 de C\u00e0mpings de Girona s&#8217;ha equipat amb nous ordinadors i ha comen\u00e7at a utilitzar el Microsoft Office 365 com a eina de comunicaci\u00f3 interna, gesti\u00f3 documental i emmagatzematge.&nbsp;<\/p>\n\n\n\n<p>Aquests \u00faltims canvis que se sumen a la renovaci\u00f3 de la web, aportaran una millora a l\u2019hora de coordinar projectes amb altres institucions tur\u00edstiques com el Patronat de Turisme Costa Brava Pirineus o l\u2019Ag\u00e8ncia Catalana de Turisme.&nbsp;<\/p>\n\n\n\n<div style=\"height:15px\" aria-hidden=\"true\" class=\"wp-block-spacer\"><\/div>\n\n\n\n<h2 class=\"wp-block-heading\"><strong><strong><strong><strong><strong><strong>Convenis estrat\u00e8gics per l\u2019any 2022\u00a0<\/strong><\/strong><\/strong><\/strong><\/strong><\/strong><\/h2>\n\n\n\n<p>Durant el mes de gener, l&#8217;Associaci\u00f3 de C\u00e0mpings de Girona s&#8217;ha reunit amb entitats amb les quals t\u00e9 convenis &#8211; Vies Verdes, Grup MIFAS, DO Empord\u00e0 i el Col\u00b7legi d&#8217;Enginyers -.<\/p>\n\n\n\n<p>L&#8217;objectiu d&#8217;aquestes reunions ha estat tra\u00e7ar les l\u00ednies estrat\u00e8giques del Pla d&#8217;Accions 2022 i definit les principals accions que es duran&nbsp;a terme al llarg de l&#8217;any.<\/p>\n\n\n\n<div style=\"height:15px\" aria-hidden=\"true\" class=\"wp-block-spacer\"><\/div>\n\n\n\n<h2 class=\"wp-block-heading\"><strong><strong><strong><strong><strong><strong><strong>Staff Grup renova el seu conveni amb l\u2019ACG<\/strong><\/strong><\/strong><\/strong><\/strong><\/strong><\/strong><\/h2>\n\n\n\n<p>L\u2019empresa catalana especialista en piscines i vestuaris Staff Grup renova per 4t any consecutiu el seu conveni amb l\u2019ACG. Els c\u00e0mpings gironins aposten per la constant millora de les seves instal\u00b7lacions i, \u00e9s per aix\u00f2, que convenis com aquest ajuden a la millora de la qualitat del servei del nostre sector.\u00a0<\/p>\n\n\n\n<figure class=\"wp-block-image size-full\"><img decoding=\"async\" src=\"https:\/\/acg.campingsingirona.com\/wp-content\/uploads\/2023\/04\/8e2bbb06-f34d-65d1-fb29-35621a06bff5-1.jpeg\" alt=\"\" class=\"wp-image-3300\"\/><\/figure>\n\n\n\n<div style=\"height:15px\" aria-hidden=\"true\" class=\"wp-block-spacer\"><\/div>\n\n\n\n<h2 class=\"wp-block-heading\"><strong><strong><strong>Nou dossier de premsa de l&#8217;ACG<\/strong><\/strong><\/strong><\/h2>\n\n\n\n<p>A causa de la gran quantitat de&nbsp;novetats del sector c\u00e0mping giron\u00ed, aquest any es presenta un nou dossier de premsa, que s&#8217;ha treballat conjuntament amb&nbsp;el gabinet de premsa&nbsp;6 Comunicaci\u00f3.<\/p>\n\n\n\n<p>Aquest document que t\u00e9 per objectiu donar a periodistes i tothom qui el sol\u00b7liciti, informaci\u00f3 rellevant dels C\u00e0mpings de Girona i el seu entorn. El document s\u2019ha tradu\u00eft a 6 idiomes (catal\u00e0, castell\u00e0, angl\u00e8s, franc\u00e8s, alemany i holandes), ja que s&#8217;oferir\u00e0&nbsp;a professionals i mitjans d&#8217;arreu.<\/p>\n\n\n\n<p>Feu clic per <a href=\"https:\/\/campingsingirona.com\/wp-content\/uploads\/2022\/01\/Dossier-de-premsa-ACG_Cat.pdf &nbsp;\" target=\"_blank\" rel=\"noreferrer noopener\">descarregar-vos el dossier de premsa<\/a>.<\/p>\n\n\n\n<div style=\"height:11px\" aria-hidden=\"true\" class=\"wp-block-spacer\"><\/div>\n\n\n\n<h2 class=\"wp-block-heading\"><strong><strong><strong><strong><strong>Avan\u00e7a l&#8217;assessorament digital als C\u00e0mpings de Girona<\/strong><\/strong><\/strong><\/strong><\/strong><\/h2>\n\n\n\n<p>El passat mes de desembre es va engegar l&#8217;Assessorament en M\u00e0rqueting i Comunicaci\u00f3 Digital ofert per l&#8217;ag\u00e8ncia de m\u00e0rqueting La Magn\u00e9tica, partner digital de l&#8217;Associaci\u00f3 de C\u00e0mpings de Girona.&nbsp;<\/p>\n\n\n\n<p>Els c\u00e0mpings que s&#8217;hi han apuntat, estan podent gaudir d&#8217;un assessorament i un acompanyament de la m\u00e0 d&#8217;experts en l&#8217;entorn digital, que ofereixen un assessorament amb coneixements pr\u00e0ctics i te\u00f2rics per a poder aplicar en el dia a dia dels c\u00e0mpings gironins.&nbsp;<\/p>\n\n\n\n<p>Encara no t&#8217;hi has apuntat? Ho pots fer escrivint a <a href=\"mailto:assessorament.campings@gmail.com\" target=\"_blank\" rel=\"noreferrer noopener\">assessorament.campings@gmail.com<\/a><\/p>\n\n\n\n<figure class=\"wp-block-image size-large\"><img decoding=\"async\" src=\"https:\/\/acg.campingsingirona.com\/wp-content\/uploads\/2023\/04\/3e7848e9-357e-0bbd-490d-35fb37480944-scaled.jpeg\" alt=\"\" class=\"wp-image-3279\"\/><\/figure>\n\n\n\n<h2 class=\"wp-block-heading\"><strong><strong><strong><strong><strong><strong><strong>La Direcci\u00f3 General de Turisme presenta el balan\u00e7 tur\u00edstic de l\u2019any 2021\u00a0<\/strong><\/strong><\/strong><\/strong><\/strong><\/strong><\/strong><\/h2>\n\n\n\n<p>Aquest mes de gener, la Direcci\u00f3 General de Turisme ha presentat el balan\u00e7 tur\u00edstic de l\u2019any 2021, on es parla de la variaci\u00f3 interanual de turistes arribats a Catalunya, tant a escala nacional com internacional. Tamb\u00e9 s&#8217;hi pot trobar la despesa generada per tipologia de turistes, entre altres dades rellevants.<\/p>\n\n\n\n<p>Tot i l&#8217;aparent bon resultat de les dades, l\u2019Associaci\u00f3 de C\u00e0mpings de Girona opina que aquestes dades de creixement no reflecteixen una situaci\u00f3 100% real, ja que estan comparades amb el 2020, un any en qu\u00e8 el turisme va ser for\u00e7a esc\u00e0s.<\/p>\n\n\n\n<p>Clic aqu\u00ed per consultar el <a href=\"https:\/\/campingsingirona.sharepoint.com\/:b:\/s\/AssociacideCmpingsdeGirona\/ETCi_SRCpQpApfwsfARPyaIBtLYImpECZg96JFOWBUS3kw?e=O2Y1eW\" target=\"_blank\" rel=\"noreferrer noopener\">balan\u00e7 tur\u00edstic de l&#8217;any 2021<\/a>.<\/p>\n\n\n\n<div style=\"height:11px\" aria-hidden=\"true\" class=\"wp-block-spacer\"><\/div>\n\n\n\n<div style=\"height:11px\" aria-hidden=\"true\" class=\"wp-block-spacer\"><\/div>\n","protected":false},"excerpt":{"rendered":"<p>Els c\u00e0mpings gironins revaliden les 13 distincions europees Un any m\u00e9s, els C\u00e0mpings de Girona han revalidat el seu reconeixement global de professionalitat i excel\u00b7l\u00e8ncia, tornant a obtenir tretze reconeixements internacionals. Enguany, s&#8217;han tornat a guanyar 7 de les prestigioses ins\u00edgnies TotCamping concedides per l&#8217;ANWB i 6 SuperPl\u00e4tz que atorga l&#8217;ADAC, que equivalen a la [&hellip;]<\/p>\n","protected":false},"author":1,"featured_media":97838,"comment_status":"closed","ping_status":"open","sticky":false,"template":"","format":"standard","meta":{"_acf_changed":false,"footnotes":""},"categories":[],"tags":[],"class_list":["post-97836","post","type-post","status-publish","format-standard","has-post-thumbnail","hentry"],"acf":[],"_links":{"self":[{"href":"https:\/\/acg.campingsingirona.com\/ca\/wp-json\/wp\/v2\/posts\/97836","targetHints":{"allow":["GET"]}}],"collection":[{"href":"https:\/\/acg.campingsingirona.com\/ca\/wp-json\/wp\/v2\/posts"}],"about":[{"href":"https:\/\/acg.campingsingirona.com\/ca\/wp-json\/wp\/v2\/types\/post"}],"author":[{"embeddable":true,"href":"https:\/\/acg.campingsingirona.com\/ca\/wp-json\/wp\/v2\/users\/1"}],"replies":[{"embeddable":true,"href":"https:\/\/acg.campingsingirona.com\/ca\/wp-json\/wp\/v2\/comments?post=97836"}],"version-history":[{"count":1,"href":"https:\/\/acg.campingsingirona.com\/ca\/wp-json\/wp\/v2\/posts\/97836\/revisions"}],"predecessor-version":[{"id":104169,"href":"https:\/\/acg.campingsingirona.com\/ca\/wp-json\/wp\/v2\/posts\/97836\/revisions\/104169"}],"wp:featuredmedia":[{"embeddable":true,"href":"https:\/\/acg.campingsingirona.com\/ca\/wp-json\/wp\/v2\/media\/97838"}],"wp:attachment":[{"href":"https:\/\/acg.campingsingirona.com\/ca\/wp-json\/wp\/v2\/media?parent=97836"}],"wp:term":[{"taxonomy":"category","embeddable":true,"href":"https:\/\/acg.campingsingirona.com\/ca\/wp-json\/wp\/v2\/categories?post=97836"},{"taxonomy":"post_tag","embeddable":true,"href":"https:\/\/acg.campingsingirona.com\/ca\/wp-json\/wp\/v2\/tags?post=97836"}],"curies":[{"name":"wp","href":"https:\/\/api.w.org\/{rel}","templated":true}]}}