{"id":97823,"date":"2021-12-22T00:00:00","date_gmt":"2021-12-22T00:00:00","guid":{"rendered":"https:\/\/acg.campingsingirona.com\/en\/blog\/les-noticies-del-mes-de-desembre-de-2021\/"},"modified":"2023-10-18T09:05:41","modified_gmt":"2023-10-18T09:05:41","slug":"les-noticies-del-mes-de-desembre-de-2021","status":"publish","type":"post","link":"https:\/\/acg.campingsingirona.com\/ca\/les-noticies-del-mes-de-desembre-de-2021\/","title":{"rendered":"Les not\u00edcies del mes de desembre de 2021"},"content":{"rendered":"\n<h2 class=\"wp-block-heading\"><strong><strong>L&#8217;ACG us desitja&nbsp;molt Bones festes&nbsp;i un feli\u00e7 2022<\/strong><\/strong><\/h2>\n\n\n\n<p>Des de la junta directiva de l\u2019Associaci\u00f3 de C\u00e0mpings de Girona us desitgem unes bones festes i una millor temporada tur\u00edstica 2022! Desitgem que el nou any vingui carregat de prosperitat, acompanyat d&#8217;una normalitzaci\u00f3 del turisme i que la pand\u00e8mia de la Covid-19 vagi de baixa.<\/p>\n\n\n\n<figure class=\"wp-block-image size-large\"><img decoding=\"async\" src=\"https:\/\/acg.campingsingirona.com\/wp-content\/uploads\/2023\/04\/53afb07e-eeb8-d60c-905c-b025c912247c-1-scaled.jpeg\" alt=\"\" class=\"wp-image-3246\"\/><\/figure>\n\n\n\n<div style=\"height:13px\" aria-hidden=\"true\" class=\"wp-block-spacer\"><\/div>\n\n\n\n<h2 class=\"wp-block-heading\"><strong><strong><strong><strong><strong><strong>Els C\u00e0mpings Solidaris de Girona recapten m\u00e9s de 12.000\u202f\u20ac<\/strong><\/strong><\/strong><\/strong><\/strong><\/strong><\/h2>\n\n\n\n<p>Un any m\u00e9s, els C\u00e0mpings de Girona han participat en la campanya C\u00e0mping Solidari. Enguany, s\u2019han recaptat 12.500\u202f\u20ac gr\u00e0cies a diferents activitats organitzades durant l&#8217;estiu i coordinades per l\u2019empresa GAP Serveis Tur\u00edstics en diferents c\u00e0mpings del territori. Aix\u00ed doncs, els fons recaptats aniran destinats, en primer lloc, a la investigaci\u00f3 contra el c\u00e0ncer infantil a&nbsp;l&#8217;Hospital Sant Joan de D\u00e9u de Barcelona, i en segon lloc, a la Fundaci\u00f3 Esclerosi M\u00faltiple. A m\u00e9s a m\u00e9s, en el marc dels C\u00e0mpings Solidaris,&nbsp;tamb\u00e9 s\u2019ha participat en diverses&nbsp;campanyes de donaci\u00f3 del Banc de Sang i Teixits.<\/p>\n\n\n\n<figure class=\"wp-block-image size-full\"><img decoding=\"async\" src=\"https:\/\/acg.campingsingirona.com\/wp-content\/uploads\/2023\/04\/e2fe038e-7a7d-4c2e-98bd-dd98930aea6e-1.jpg\" alt=\"\" class=\"wp-image-3222\"\/><\/figure>\n\n\n\n<div style=\"height:12px\" aria-hidden=\"true\" class=\"wp-block-spacer\"><\/div>\n\n\n\n<h2 class=\"wp-block-heading\"><strong><strong><strong><strong><strong><strong><strong>Els C\u00e0mpings de Girona inverteixen 30 milions d&#8217;euros de cara la temporada 2022<\/strong><\/strong><\/strong><\/strong><\/strong><\/strong><\/strong><\/h2>\n\n\n\n<p>Els c\u00e0mpings gironins segueixen apostant per a la millora de la sostenibilitat en les seves instal\u00b7lacions i a reduir l&#8217;impacte mediambiental de la seva activitat. Per aquesta ra\u00f3, els C\u00e0mpings de Girona han realitzat &nbsp;de cara la temporada 2022,&nbsp;inversions per un&nbsp;total aproximat de&nbsp;30 milions d\u2019euros, que es destinaran en gran part,&nbsp;a seguir optimitzant l&#8217;efici\u00e8ncia energ\u00e8tica de les instal\u00b7lacions i a&nbsp;oferir noves experi\u00e8ncies als campistes.<\/p>\n\n\n\n<p>Aix\u00ed doncs, el comprom\u00eds dels c\u00e0mpings gironins s\u2019emmarca en l\u2019aposta per un turisme responsable, i per continuar implementant mesures que contribueixin a reduir l&#8217;impacte mediambiental. Al mateix temps que se segueix actuant en noves propostes per als turistes, com \u00e9s l&#8217;ampliaci\u00f3 destacada de l&#8217;oferta d&#8217;allotjaments dins els c\u00e0mpings, en especial del &#8220;glamping&#8221;, una modalitat que et permet viure l&#8217;ess\u00e8ncia del c\u00e0mping sense renunciar a cap luxe.<\/p>\n\n\n\n<p>Per \u00faltim, la resta d&#8217;inversions van destinades a la millora de les instal\u00b7lacions existents i a la revisi\u00f3 dels espais comuns dels c\u00e0mpings:&nbsp;piscines, sanitaris, gimnasos, zones enjardinades, entre altres.<\/p>\n\n\n\n<p>Llegeix <a href=\"\/?p=3208\">la not\u00edcia sencera aqu\u00ed<\/a>.<\/p>\n\n\n\n<figure class=\"wp-block-image size-large\"><img decoding=\"async\" src=\"https:\/\/acg.campingsingirona.com\/wp-content\/uploads\/2023\/04\/45a35d92-9f9a-46f5-a07e-708b9811488c.jpg\" alt=\"\" class=\"wp-image-3226\"\/><\/figure>\n\n\n\n<div style=\"height:10px\" aria-hidden=\"true\" class=\"wp-block-spacer\"><\/div>\n\n\n\n<h2 class=\"wp-block-heading\"><strong><strong><strong><strong>L&#8217;Associaci\u00f3 de C\u00e0mpings de Barcelona s&#8217;integra a la Federaci\u00f3 Catalana de C\u00e0mpings<\/strong><\/strong><\/strong><\/strong><\/h2>\n\n\n\n<p><meta charset=\"utf-8\"><meta charset=\"utf-8\"><\/p>\n\n\n\n<p>El passat 14 de desembre, al recentment inaugurat c\u00e0mping La Guingueta d&#8217;\u00c0neu, es va celebrar l&#8217;Assemblea Extraordin\u00e0ria de la Federaci\u00f3 Catalana de C\u00e0mpings. Durant la jornada, es va acordar la integraci\u00f3 de l&#8217;Associaci\u00f3 de C\u00e0mpings de Barcelona a la Federaci\u00f3 Catalana de C\u00e0mpings, un fet molt positiu per al sector c\u00e0mping catal\u00e0. A hores d&#8217;ara, la FCC ja representa un 70% dels c\u00e0mpings de Catalunya, un total de 243 federats que sumen 226.857 places d&#8217;allotjament i 11.164 llocs de treball. Aquest fet ajudar\u00e0 a crear noves sinergies i tenir m\u00e9s for\u00e7a davant de l&#8217;administraci\u00f3 p\u00fablica.<\/p>\n\n\n\n<p><br>Llegeix <a href=\"\/?p=3217\">la not\u00edcia sencera aqu\u00ed<\/a>.<\/p>\n\n\n\n<figure class=\"wp-block-image size-large\"><img decoding=\"async\" src=\"https:\/\/acg.campingsingirona.com\/wp-content\/uploads\/2023\/04\/3c69f28c-d9fa-7804-8108-c05083c9f8f5.jpg\" alt=\"\" class=\"wp-image-3229\"\/><\/figure>\n\n\n\n<div style=\"height:20px\" aria-hidden=\"true\" class=\"wp-block-spacer\"><\/div>\n\n\n\n<h2 class=\"wp-block-heading\"><strong><strong><strong><strong>Bones dades d&#8217;ocupaci\u00f3 durant el Pont de la Pur\u00edssima<\/strong><\/strong><\/strong><\/strong><\/h2>\n\n\n\n<p><meta charset=\"utf-8\"><meta charset=\"utf-8\">El sector c\u00e0mping giron\u00ed celebra les bones dades d&#8217;ocupaci\u00f3 durant el Pont de la Pur\u00edssima de principi de desembre, que no nom\u00e9s ha portat turistes de proximitat, sin\u00f3 que tamb\u00e9 ha registrat l&#8217;arribada de turistes internacionals de diferents zones. Aquests indicis fan preveure una recuperaci\u00f3 de les ganes de viatjar del turista internacional cap al territori giron\u00ed, a m\u00e9s d&#8217;una consolidaci\u00f3 del client de proximitat de cara a la temporada 2022.<\/p>\n\n\n\n<div style=\"height:20px\" aria-hidden=\"true\" class=\"wp-block-spacer\"><\/div>\n\n\n\n<h2 class=\"wp-block-heading\"><strong><strong><strong>La Federaci\u00f3 Catalana de C\u00e0mpings rep el reconeixement Banc Sabadell de PIMEC<\/strong><\/strong><\/strong><\/h2>\n\n\n\n<p>Aquest mes de desembre, PIMEC i el Banc de Sabadell han atorgat un reconeixement a les organitzacions&nbsp;que s&#8217;han mantingut al costat de les empreses en els moments m\u00e9s complicats al llarg de la crisi que ha provocat la pand\u00e8mia de la Covid-19 en molts sectors com l&#8217;hostaleria, la restauraci\u00f3, el turisme, entre d&#8217;altres. Aix\u00ed doncs, la Federaci\u00f3 Catalana de C\u00e0mpings, ha rebut el reconeixement d&#8217;ambdues entitats per mantenir-se fermament al costat de les empreses, quan aquestes han hagut de tancar o s&#8217;han vist afectades per les diverses restriccions per fer front a la Covid-19.<\/p>\n\n\n\n<p>Llegeix <a href=\"https:\/\/www.campingsdecatalunya.org\/reconeixment-banc-sabadell-per-la-federacio-durant-els-premis-pimes-2021-de-pimec\/\" target=\"_blank\" rel=\"noopener\">la not\u00edcia sencera aqu\u00ed<\/a>.<\/p>\n\n\n\n<figure class=\"wp-block-image size-full\"><img decoding=\"async\" src=\"https:\/\/acg.campingsingirona.com\/wp-content\/uploads\/2023\/04\/25b43564-e023-8282-4943-3aa23199825c.jpg\" alt=\"\" class=\"wp-image-3232\"\/><\/figure>\n\n\n\n<div style=\"height:20px\" aria-hidden=\"true\" class=\"wp-block-spacer\"><\/div>\n\n\n\n<h2 class=\"wp-block-heading\"><strong>S&#8217;inicia l&#8217;Assessorament en m\u00e0rqueting i comunicaci\u00f3 digital als C\u00e0mpings de Girona<\/strong><meta charset=\"utf-8\"><\/h2>\n\n\n\n<p>Un any m\u00e9s, des de l&#8217;Associaci\u00f3 de C\u00e0mpings de Girona i en col\u00b7laboraci\u00f3 amb el partner digital, LaMagn\u00e9tica; tornem a oferir a tots els c\u00e0mpings membres de l&#8217;ACG, un assessorament personalitzat en m\u00e0rqueting i comunicaci\u00f3 digital. Enguany, els c\u00e0mpings que no van participar en l&#8217;assessorament, podran tornar a gaudir d&#8217;una consultoria per detectar les necessitats digitals del c\u00e0mping, per posteriorment rebre un full de ruta amb els aspectes essencials a treballar. I per altra banda, els c\u00e0mpings repetidors, rebran un assessorament pr\u00e0ctic basat en els dubtes i l&#8217;aplicaci\u00f3 dels aspectes treballats anteriorment.<\/p>\n\n\n\n<p>Amb aquesta acci\u00f3, l&#8217;ACG reitera la seva ferma aposta per la digitalitzaci\u00f3 del sector i ofereix eines a l&#8217;empresariat del&nbsp;sector c\u00e0mping giron\u00ed, perqu\u00e8 pugui adaptar-se als canvis constants de l&#8217;era digital i estigui al dia en termes de promoci\u00f3 i comunicaci\u00f3 digital.<\/p>\n\n\n\n<p>cPodeu apuntar-vos a l&#8217;assessorament enviant un correu a&nbsp;<a href=\"mailto:assessorament.campings@gmail.com\" target=\"_blank\" rel=\"noreferrer noopener\">assessorament.campings@gmail.com<\/a><\/p>\n\n\n\n<figure class=\"wp-block-image size-large\"><img decoding=\"async\" src=\"https:\/\/acg.campingsingirona.com\/wp-content\/uploads\/2023\/04\/490a04d0-b2d6-a2ef-6995-663eb0377127-scaled.jpg\" alt=\"\" class=\"wp-image-3235\"\/><\/figure>\n\n\n\n<div style=\"height:15px\" aria-hidden=\"true\" class=\"wp-block-spacer\"><\/div>\n\n\n\n<h2 class=\"wp-block-heading\"><strong><strong><strong><strong><strong>L&#8217;ACG es reuneix amb el conseller d&#8217;Empresa i Treball<\/strong><\/strong><\/strong><\/strong><\/strong><\/h2>\n\n\n\n<p>El passat 10 de desembre, a trav\u00e9s de la patronal FOEG, es va organitzar una trobada amb el conseller d&#8217;Empresa i Treball, Roger Torrent. En el transcurs de la trobada, es van poder repassar totes les accions previstes per al proper exercici, i espec\u00edficament, es van poder tractar els aven\u00e7os de la nova llei de turisme, on el conseller va agrair la implicaci\u00f3 dels subsectors tur\u00edstics i va assegurar que el resultat final ser\u00e0 satisfactori per a tots els agents implicats.<\/p>\n\n\n\n<div style=\"height:15px\" aria-hidden=\"true\" class=\"wp-block-spacer\"><\/div>\n\n\n\n<h2 class=\"wp-block-heading\"><strong>L&#8217;ACG participa en la&nbsp;Jornada de t\u00e8cniques de&nbsp;la Federaci\u00f3 Catalana de C\u00e0mping<\/strong><\/h2>\n\n\n\n<p>El dia 1 de desembre, l&#8217;Associaci\u00f3 de C\u00e0mpings de Girona va participar en la Jornada de treball amb les diferents secretaries t\u00e8cniques de les associacions membres de la Federaci\u00f3 Catalana de C\u00e0mpings. Aix\u00ed doncs, en aquesta trobada hi van participar les Associacions de C\u00e0mpings de Lleida, Tarragona, Barcelona, Muntanya i Girona van trobar-se al C\u00e0mping Vilanova Park per a poder compartir coneixements, metodologies de treball, i es van crear sinergies per fomentar aix\u00ed, la cooperaci\u00f3 entre totes les associacionsz.<\/p>\n\n\n\n<figure class=\"wp-block-image size-large\"><img decoding=\"async\" src=\"https:\/\/acg.campingsingirona.com\/wp-content\/uploads\/2023\/04\/ccaa3c67-86b4-b16f-1076-84b9dec11abe.jpg\" alt=\"\" class=\"wp-image-3238\"\/><\/figure>\n\n\n\n<div style=\"height:11px\" aria-hidden=\"true\" class=\"wp-block-spacer\"><\/div>\n\n\n\n<h2 class=\"wp-block-heading\"><strong><strong><strong><strong>El Patronat de Turisme Costa Brava Girona &nbsp;presenta el PAO 2022<\/strong><\/strong><\/strong><\/strong><\/h2>\n\n\n\n<p>El passat 15 de desembre el Patronat de Turisme de la Costa Brava Pirineus va presentar el Pla d\u2019Accions i Objectius 2022 del sector tur\u00edstic giron\u00ed. Durant l&#8217;acte de presentaci\u00f3, es va fer un balan\u00e7 de les accions realitzades al llarg del 2021 i es va remarcar la intenci\u00f3 de seguir les l\u00ednies estrat\u00e8giques que ja s\u2019havien planejat al voltant de la sostenibilitat, la digitalitzaci\u00f3, la identitat de marca i la interrelaci\u00f3 del sector.<\/p>\n\n\n\n<p>El Pla d\u2019Accions de l\u2019any 2022, girar\u00e0 al voltant d\u2019accions relacionades amb el m\u00e0rqueting, la comercialitzaci\u00f3, la promoci\u00f3 i la comunicaci\u00f3 tant dels mercats nacionals com dels mercats internacionals. A m\u00e9s, s\u2019han remarcat 9 accions gen\u00e8riques entre les quals s&#8217;hi poden trobar la creaci\u00f3 d\u2019una web tur\u00edstica o la col\u00b7laboraci\u00f3 del nostre sector en el Presstrip de periodistes alemanys al territori giron\u00ed, en qu\u00e8 es presentar\u00e0 la Fira Caravan Salon de D\u00fcsseldorf.<\/p>\n\n\n\n<p>Seguidament, podeu reviure l&#8217;acte de presentaci\u00f3 del PAO 2022:<\/p>\n\n\n\n<figure class=\"wp-block-embed is-type-video is-provider-youtube wp-block-embed-youtube wp-embed-aspect-16-9 wp-has-aspect-ratio\"><div class=\"wp-block-embed__wrapper\">\n<iframe loading=\"lazy\" title=\"Presentaci\u00f3 del PAO 2022\" width=\"500\" height=\"281\" src=\"https:\/\/www.youtube.com\/embed\/_oonC-jnyNw?start=2412&#038;feature=oembed\" frameborder=\"0\" allow=\"accelerometer; autoplay; clipboard-write; encrypted-media; gyroscope; picture-in-picture; web-share\" referrerpolicy=\"strict-origin-when-cross-origin\" allowfullscreen><\/iframe>\n<\/div><\/figure>\n\n\n\n<h2 class=\"wp-block-heading\"><strong><strong><strong><strong><strong><strong>La&nbsp;Direcci\u00f3&nbsp;General&nbsp;de&nbsp;Turisme&nbsp;i&nbsp;TermCat&nbsp;amplien&nbsp;les&nbsp;infografies&nbsp;de&nbsp;turisme<\/strong><\/strong><\/strong><\/strong><\/strong><\/strong><\/h2>\n\n\n\n<p>Despr\u00e9s de l&#8217;\u00e8xit de les&nbsp;primeres infografies&nbsp;del sector tur\u00edstic, el TermCat i la DGT, han decidit ampliar&nbsp;el ventall d&#8217;infografies de turisme amb 3 variants, un que tracta de la terminologia de treball usada en&nbsp;el sector tur\u00edstic, una altra sobre terminologia en&nbsp;el sector d\u2019allotjaments i restauraci\u00f3 i finalment, una pel sector dels transports, en espec\u00edfic de&nbsp;l\u2019aviaci\u00f3.<\/p>\n\n\n\n<p>Podeu <a href=\"https:\/\/www.termcat.cat\/ca\/recursos\/productes-multimedia?thematic_tags%5B%5D=480\" target=\"_blank\" rel=\"noopener\">consultar totes les infografies aqu\u00ed<\/a>.<\/p>\n\n\n\n<div style=\"height:11px\" aria-hidden=\"true\" class=\"wp-block-spacer\"><\/div>\n\n\n\n<div style=\"height:11px\" aria-hidden=\"true\" class=\"wp-block-spacer\"><\/div>\n","protected":false},"excerpt":{"rendered":"<p>L&#8217;ACG us desitja&nbsp;molt Bones festes&nbsp;i un feli\u00e7 2022 Des de la junta directiva de l\u2019Associaci\u00f3 de C\u00e0mpings de Girona us desitgem unes bones festes i una millor temporada tur\u00edstica 2022! Desitgem que el nou any vingui carregat de prosperitat, acompanyat d&#8217;una normalitzaci\u00f3 del turisme i que la pand\u00e8mia de la Covid-19 vagi de baixa. Els [&hellip;]<\/p>\n","protected":false},"author":1,"featured_media":97826,"comment_status":"closed","ping_status":"open","sticky":false,"template":"","format":"standard","meta":{"_acf_changed":false,"footnotes":""},"categories":[],"tags":[],"class_list":["post-97823","post","type-post","status-publish","format-standard","has-post-thumbnail","hentry"],"acf":[],"_links":{"self":[{"href":"https:\/\/acg.campingsingirona.com\/ca\/wp-json\/wp\/v2\/posts\/97823","targetHints":{"allow":["GET"]}}],"collection":[{"href":"https:\/\/acg.campingsingirona.com\/ca\/wp-json\/wp\/v2\/posts"}],"about":[{"href":"https:\/\/acg.campingsingirona.com\/ca\/wp-json\/wp\/v2\/types\/post"}],"author":[{"embeddable":true,"href":"https:\/\/acg.campingsingirona.com\/ca\/wp-json\/wp\/v2\/users\/1"}],"replies":[{"embeddable":true,"href":"https:\/\/acg.campingsingirona.com\/ca\/wp-json\/wp\/v2\/comments?post=97823"}],"version-history":[{"count":1,"href":"https:\/\/acg.campingsingirona.com\/ca\/wp-json\/wp\/v2\/posts\/97823\/revisions"}],"predecessor-version":[{"id":104166,"href":"https:\/\/acg.campingsingirona.com\/ca\/wp-json\/wp\/v2\/posts\/97823\/revisions\/104166"}],"wp:featuredmedia":[{"embeddable":true,"href":"https:\/\/acg.campingsingirona.com\/ca\/wp-json\/wp\/v2\/media\/97826"}],"wp:attachment":[{"href":"https:\/\/acg.campingsingirona.com\/ca\/wp-json\/wp\/v2\/media?parent=97823"}],"wp:term":[{"taxonomy":"category","embeddable":true,"href":"https:\/\/acg.campingsingirona.com\/ca\/wp-json\/wp\/v2\/categories?post=97823"},{"taxonomy":"post_tag","embeddable":true,"href":"https:\/\/acg.campingsingirona.com\/ca\/wp-json\/wp\/v2\/tags?post=97823"}],"curies":[{"name":"wp","href":"https:\/\/api.w.org\/{rel}","templated":true}]}}