{"id":97821,"date":"2021-12-17T00:00:00","date_gmt":"2021-12-17T00:00:00","guid":{"rendered":"https:\/\/acg.campingsingirona.com\/en\/blog\/campings-barcelona-integren-federacio-donara-veu-sector-catala\/"},"modified":"2023-10-18T09:05:39","modified_gmt":"2023-10-18T09:05:39","slug":"campings-barcelona-integren-federacio-donara-veu-sector-catala","status":"publish","type":"post","link":"https:\/\/acg.campingsingirona.com\/ca\/campings-barcelona-integren-federacio-donara-veu-sector-catala\/","title":{"rendered":"Els c\u00e0mpings de Barcelona s\u2019integren a la Federaci\u00f3, que donar\u00e0 veu a tot el sector catal\u00e0"},"content":{"rendered":"\n<p>Els c\u00e0mpings catalans han enfortit la seva unitat amb la integraci\u00f3 dels c\u00e0mpings de Barcelona i a partir d\u2019ara la Federaci\u00f3 Catalana de C\u00e0mpings (FCC) ja ser\u00e0 la portaveu de tot el territori. La incorporaci\u00f3 formal de l\u2019Associaci\u00f3 de C\u00e0mpings de Barcelona s\u2019ha aprovat a l\u2019Assemblea Extraordin\u00e0ria de la FCC, que s\u2019ha celebrat al Nou C\u00e0mping a la Guingueta d\u2019\u00c0neu. \u201cHa estat un dia hist\u00f2ric, ja que s\u2019engloben les associacions del territori en una sola Federaci\u00f3 i s\u2019uneix tot el sector del c\u00e0mping. La bona sintonia i els reptes comuns han unit totes les associacions territorials i finalment s\u2019aconsegueix tenir una sola veu en el sector\u201d, ha destacat el president de la Federaci\u00f3 Catalana de C\u00e0mpings, Miquel Gotanegra. El president de l\u2019Associaci\u00f3 de C\u00e0mpings de Barcelona, Albert Casas, remarca que \u201cel pes que te com a lobby la Federaci\u00f3 \u00e9s molt important i anar junts ens fa molt m\u00e9s forts davant les administracions\u201d.<\/p>\n\n\n\n<p>La Federaci\u00f3 Catalana de C\u00e0mpings est\u00e0 constitu\u00efda per les associacions de c\u00e0mpings de Girona, Costa Daurada i Terres de l\u2019Ebre, Lleida i Muntanya i del Pirineu Catal\u00e0 i a partir d\u2019ara tamb\u00e9 per l\u2019Associaci\u00f3 de C\u00e0mpings de Barcelona. Esta presidida des del 2014 per Miquel Gotanegra, president tamb\u00e9 de l\u2019Associaci\u00f3 de C\u00e0mpings de Girona.<\/p>\n\n\n\n<p><strong>La Federaci\u00f3 en xifres<\/strong><\/p>\n\n\n\n<p><strong>La Federaci\u00f3 ja representa ara el 70% de c\u00e0mpings de Catalunya, amb 243 c\u00e0mpings federats, que sumen 226.858 places (el 83,5% del total) i creen 11.164 llocs de treball (el 82,6% del total del sector).<\/strong> Dels c\u00e0mpings associats, 56 s\u00f3n de la Costa Daurada i Terres de l\u2019Ebre; 73 provenen de l\u2019Associaci\u00f3 de C\u00e0mpings de Girona; 21 de l\u2019Associaci\u00f3 de C\u00e0mpings de Muntanya i el Pirineu Catal\u00e0; 50 de l\u2019Associaci\u00f3 de C\u00e0mpings de Lleida; i la resta de l\u2019Associaci\u00f3 de C\u00e0mpings de Barcelona.&nbsp;<\/p>\n\n\n\n<p class=\"has-normal-font-size\">Els objectius de la Federaci\u00f3 s\u00f3n defensar els interessos dels empresaris dels c\u00e0mpings de Catalunya; ser l\u2019interlocutor del sector davant les administracions i la opini\u00f3 p\u00fablica; assessorar als associats en tots els aspectes de la gesti\u00f3 empresarial; i vetllar per la pres\u00e8ncia dels c\u00e0mpings en els organismes i entitats del sector tur\u00edstic i empresarial.<\/p>\n","protected":false},"excerpt":{"rendered":"<p>Els c\u00e0mpings catalans han enfortit la seva unitat amb la integraci\u00f3 dels c\u00e0mpings de Barcelona i a partir d\u2019ara la Federaci\u00f3 Catalana de C\u00e0mpings (FCC) ja ser\u00e0 la portaveu de tot el territori. La incorporaci\u00f3 formal de l\u2019Associaci\u00f3 de C\u00e0mpings de Barcelona s\u2019ha aprovat a l\u2019Assemblea Extraordin\u00e0ria de la FCC, que s\u2019ha celebrat al Nou [&hellip;]<\/p>\n","protected":false},"author":1,"featured_media":97822,"comment_status":"closed","ping_status":"open","sticky":false,"template":"","format":"standard","meta":{"_acf_changed":false,"footnotes":""},"categories":[],"tags":[],"class_list":["post-97821","post","type-post","status-publish","format-standard","has-post-thumbnail","hentry"],"acf":[],"_links":{"self":[{"href":"https:\/\/acg.campingsingirona.com\/ca\/wp-json\/wp\/v2\/posts\/97821","targetHints":{"allow":["GET"]}}],"collection":[{"href":"https:\/\/acg.campingsingirona.com\/ca\/wp-json\/wp\/v2\/posts"}],"about":[{"href":"https:\/\/acg.campingsingirona.com\/ca\/wp-json\/wp\/v2\/types\/post"}],"author":[{"embeddable":true,"href":"https:\/\/acg.campingsingirona.com\/ca\/wp-json\/wp\/v2\/users\/1"}],"replies":[{"embeddable":true,"href":"https:\/\/acg.campingsingirona.com\/ca\/wp-json\/wp\/v2\/comments?post=97821"}],"version-history":[{"count":1,"href":"https:\/\/acg.campingsingirona.com\/ca\/wp-json\/wp\/v2\/posts\/97821\/revisions"}],"predecessor-version":[{"id":104165,"href":"https:\/\/acg.campingsingirona.com\/ca\/wp-json\/wp\/v2\/posts\/97821\/revisions\/104165"}],"wp:featuredmedia":[{"embeddable":true,"href":"https:\/\/acg.campingsingirona.com\/ca\/wp-json\/wp\/v2\/media\/97822"}],"wp:attachment":[{"href":"https:\/\/acg.campingsingirona.com\/ca\/wp-json\/wp\/v2\/media?parent=97821"}],"wp:term":[{"taxonomy":"category","embeddable":true,"href":"https:\/\/acg.campingsingirona.com\/ca\/wp-json\/wp\/v2\/categories?post=97821"},{"taxonomy":"post_tag","embeddable":true,"href":"https:\/\/acg.campingsingirona.com\/ca\/wp-json\/wp\/v2\/tags?post=97821"}],"curies":[{"name":"wp","href":"https:\/\/api.w.org\/{rel}","templated":true}]}}