{"id":97779,"date":"2021-09-01T00:00:00","date_gmt":"2021-09-01T00:00:00","guid":{"rendered":"https:\/\/acg.campingsingirona.com\/en\/blog\/les-noticies-del-mes-dagost-del-2021\/"},"modified":"2023-10-18T09:05:27","modified_gmt":"2023-10-18T09:05:27","slug":"les-noticies-del-mes-dagost-del-2021","status":"publish","type":"post","link":"https:\/\/acg.campingsingirona.com\/ca\/les-noticies-del-mes-dagost-del-2021\/","title":{"rendered":"Les not\u00edcies del mes d&#8217;agost del 2021"},"content":{"rendered":"\n<h2 class=\"wp-block-heading\"><strong>Primer balan\u00e7 de la temporada<\/strong><\/h2>\n\n\n\n<p>Des de l&#8217;Associaci\u00f3 de C\u00e0mpings de Girona&nbsp;es valora positivament la temporada 2021, en comparaci\u00f3 a la del&nbsp;2020. Els ponts de Setmana Santa i Sant Joan van suposar un inici molt positiu, per\u00f2 l&#8217;arribada de la 5a onada a principis de juliol, va frenar les bones expectatives, amb una allau de cancel\u00b7lacions. A mitjans de juliol, amb l&#8217;arribada del turista holand\u00e8s, es van tornar a animar les reserves.<\/p>\n\n\n\n<p>Amb la millora de les dades de la pand\u00e8mia, el&nbsp;mes d&#8217;agost ha estat un mes positiu&nbsp;i la temporada alta s&#8217;ha pogut allargar una setmana mes de l\u2019habitual gr\u00e0cies al turisme de proximitat, que cada vegada m\u00e9s, escull els c\u00e0mpings i hi fa estades m\u00e9s llargues.<\/p>\n\n\n\n<p>Per \u00faltim, el mes de setembre, es preveu una bona ocupaci\u00f3, si la situaci\u00f3 sanit\u00e0ria no ho impedeix i el temps acompanya. Enguany, es destaca l&#8217;abs\u00e8ncia del client brit\u00e0nic, franc\u00e8s i alemany, contraposat amb l&#8217;arribada del client holand\u00e8s i nacional.<\/p>\n\n\n\n<div style=\"height:13px\" aria-hidden=\"true\" class=\"wp-block-spacer\"><\/div>\n\n\n\n<h2 class=\"wp-block-heading\"><strong><strong>Novetats del Girocamping PRO 2021<\/strong><\/strong><\/h2>\n\n\n\n<p>A causa de la\u00a0situaci\u00f3 sanit\u00e0ria s&#8217;exigir\u00e0 el certificat Covid-19 a tots els assistents, per poder oferir una millor seguretat sanit\u00e0ria a tothom. Ara per ara, seguint les restriccions sanit\u00e0ries, tamb\u00e9 es limitar\u00e0 l&#8217;acc\u00e9s a la Sala Cambra on es realitzaran totes\u00a0les pon\u00e8ncies, ja que l&#8217;aforament de la sala, no podr\u00e0 superar el\u00a070% de la seva capacitat, fet que limita l&#8217;aforament a un m\u00e0xim de 253 butaques.<\/p>\n\n\n\n<p>Per altra banda, es dur\u00e0 a terme una&nbsp;presentaci\u00f3 virtual en directe, amb l&#8217;innovador format d&#8217;holograma, sobre el futur del turisme i els canvis en els h\u00e0bits dels turistes. Aquesta pon\u00e8nciea ser\u00e0 impartida pel futurista i trendwatcher neerland\u00e8s Richard Van Hoojdonk.<\/p>\n\n\n\n<p>Per \u00faltim, es&nbsp;comptar\u00e0 amb la pres\u00e8ncia de t\u00e8cnics de la Secretaria de l\u2019Estat de Turisme del Ministeri d&#8217;Ind\u00fastria, Comer\u00e7 i Turisme del Govern estatal, per explicar l&#8217;actualitat dels fons europeus Next Generation EU, al sector tur\u00edstic.<\/p>\n\n\n\n<p>Per a m\u00e9s informaci\u00f3 o acreditacions podeu accedir a&nbsp;<a href=\"https:\/\/campingsingirona.com\/ca\/girocamping-pro-2021\/\" target=\"_blank\" rel=\"noreferrer noopener\">la web del congr\u00e9s<\/a>.<\/p>\n\n\n\n<figure class=\"wp-block-image size-large\"><img decoding=\"async\" src=\"https:\/\/acg.campingsingirona.com\/wp-content\/uploads\/2023\/04\/R669G2J.jpg\" alt=\"\" class=\"wp-image-3038\"\/><\/figure>\n\n\n\n<div style=\"height:12px\" aria-hidden=\"true\" class=\"wp-block-spacer\"><\/div>\n\n\n\n<h2 class=\"wp-block-heading\"><strong><strong><strong>Els c\u00e0mpings gironins lideren el r\u00e0nquing de caravaning.de<\/strong><\/strong><\/strong><\/h2>\n\n\n\n<p><meta charset=\"utf-8\">Anualment, la revista alamana Caravaning.de publica el r\u00e0nquing amb els&nbsp;c\u00e0mpings espanyols, m\u00e9s ben valorats segons els&nbsp;seus lectors. Una vegada m\u00e9s, els c\u00e0mpings gironins s&#8217;emporten el protagonisme amb 5 c\u00e0mpings gironins dins el top 10, ocupant els 3 primers llocs. Tot i la poca arribada del client alemany al&nbsp;territori nacional, celebrem que els c\u00e0mpings m\u00e9s valorats segueixen sent de Girona i donem l&#8217;enhorabona als 5 c\u00e0mpings guardonats. A la seva p\u00e0gina web podreu&nbsp;<a href=\"https:\/\/www.caravaning.de\/campingplatz-vorstellung\/top-10-bestenliste-campingplaetze-spanien-2021\/\" target=\"_blank\" rel=\"noreferrer noopener\">consultar el TOP 10 dels c\u00e0mpings m\u00e9s valorats<\/a>.<\/p>\n\n\n\n<figure class=\"wp-block-image size-full\"><a href=\"https:\/\/www.caravaning.de\/campingplatz-vorstellung\/top-10-bestenliste-campingplaetze-spanien-2021\/\" target=\"_blank\" rel=\"noopener\"><img decoding=\"async\" src=\"https:\/\/acg.campingsingirona.com\/wp-content\/uploads\/2023\/04\/Caravanning.de_.jpg\" alt=\"\" class=\"wp-image-3026\"\/><\/a><\/figure>\n\n\n\n<div style=\"height:10px\" aria-hidden=\"true\" class=\"wp-block-spacer\"><\/div>\n\n\n\n<h2 class=\"wp-block-heading\"><strong><strong>Llort-Tarradas renova el seu comprom\u00eds amb els C\u00e0mpings de Girona<\/strong><\/strong><\/h2>\n\n\n\n<p><meta charset=\"utf-8\"><meta charset=\"utf-8\">Un any mes, el&nbsp;patrocinador Llort Tarradas renova el seu conveni de col\u00b7laboraci\u00f3 amb l&#8217;Associaci\u00f3 de C\u00e0mpings de Girona,&nbsp;amb el seu servei exclusiu de cobertures espec\u00edfiques per al sector c\u00e0mping.&nbsp; Amb m\u00e9s de 15 anys d&#8217;experi\u00e8ncia i col\u00b7laboracions amb c\u00e0mpings, s\u00f3n molts els associats que gaudeixen de la seva professionalitat i els valoren molt positivament.<br><br>Amb Llort-Tarradas es va formalitzar un dels primers acords de col\u00b7laboraci\u00f3, que es va coure a les oficines del C\u00e0mping Cala Llevado&nbsp;amb el Sr. Aromir.&nbsp;<\/p>\n\n\n\n<p><meta charset=\"utf-8\"><meta charset=\"utf-8\"><meta charset=\"utf-8\">Des de l&#8217;equip de Llort-Tarradas, agraeixen la fidelitat del sector c\u00e0mping giron\u00ed i estan orgullosos de treballar amb l&#8217;ACG, per poder estar al costat dels associats. Amb el temps, l&#8217;equip ha anat guanyant experi\u00e8ncia i s&#8217;ha anat especialitzant en el sector, fet que a hores d&#8217;ara, els permet oferir un valor afegit en els seus serveis. Per aix\u00f2, des de Llort-Tarradas, treballen per millorar en tot moment,&nbsp;adaptant el producte segons les necessitats dels c\u00e0mpings i oferint productes exclusius i \u00fanics en el sector com: La cancel\u00b7laci\u00f3 de reserves i la cobertura conjunta dels vostres clients (per als que disposen de fitxes de clients).<br><br>Si voleu m\u00e9s informaci\u00f3 podeu contactar amb Llort-Tarradas, escrivint a:&nbsp;<a href=\"mailto:anna@llort-tarradas.com\">anna@llort-tarradas.com<\/a>&nbsp;o&nbsp;<a href=\"mailto:jordi@lort-tarradas.com\">jordi@lort-tarradas.com<\/a><\/p>\n\n\n\n<div style=\"height:20px\" aria-hidden=\"true\" class=\"wp-block-spacer\"><\/div>\n\n\n\n<h2 class=\"wp-block-heading\"><strong><strong>Visita del conseller d&#8217;empresa i treball als C\u00e0mpings de Girona<\/strong><\/strong><\/h2>\n\n\n\n<p>A mitjans d&#8217;agost, la Federaci\u00f3 Catalana de C\u00e0mpings, va organitzar una trobada amb el nou conseller d&#8217;Empresa i Treball de la Generalitat, Sr. Roger Torrent; al c\u00e0mping giron\u00ed, C\u00e0mping Senia Cala Gogo. L&#8217;objectiu de la trobada, va ser mantenir les relacions amb el m\u00e0xim responsable del departament d&#8217;Empresa i Treball de Catalunya, presentar el sector c\u00e0mping al recentment nomenat conseller i mostrar&nbsp;la realitat i les preocupacions del sector.<\/p>\n\n\n\n<p><meta charset=\"utf-8\">En&nbsp;la visita hi van participar&nbsp;representants de la Federaci\u00f3 Catalana de C\u00e0mpings, el representant territorial del Departament d&#8217;Empresa a Girona, Sr. Joan Mart\u00ed i la directora general de turisme de la Generalitat de Catalunya,&nbsp;Sra. Marta Domenech.<\/p>\n\n\n\n<figure class=\"wp-block-image size-large\"><img decoding=\"async\" src=\"https:\/\/acg.campingsingirona.com\/wp-content\/uploads\/2023\/04\/e4d846a1-a5c0-6937-0e31-c25d05d86f98.jpeg\" alt=\"\" class=\"wp-image-3029\"\/><\/figure>\n\n\n\n<div style=\"height:20px\" aria-hidden=\"true\" class=\"wp-block-spacer\"><\/div>\n\n\n\n<h2 class=\"wp-block-heading\"><strong><strong>La tarifa Camp&amp;Go s&#8217;expandeix per tot Catalunya<\/strong><\/strong><\/h2>\n\n\n\n<p>La tarifa redu\u00efda de pernocta en c\u00e0mpings, que&nbsp;evita&nbsp;la massificaci\u00f3 d&#8217;autocaravanes en espais p\u00fablics, incentivada per l&#8217;Associaci\u00f3 de C\u00e0mpings de Girona, es replica a tot Catalunya&nbsp; a petici\u00f3 de l&#8217;Ag\u00e8ncia Catalana de Turisme, gr\u00e0cies a l&#8217;\u00e8xit de la iniciativa.&nbsp;<\/p>\n\n\n\n<p>Actualment ja hi ha m\u00e9s de 50 c\u00e0mpings catalans que impulsen la tarifa redu\u00efda de pernoctaci\u00f3, per captar m\u00e9s autocaravanistes i per ajudar als municipis a gestionar l&#8217;increment de les autocaravanes i campers. Per aquest motiu, l&#8217;Ag\u00e8ncia Catalana de Turisme, tamb\u00e9 lliga aquesta iniciativa, amb el seu nou producte de turisme itinerant, anomenat Grand Tour Catalunya, com a opci\u00f3 d&#8217;allotjament ideal, per descobrir Catalunya.&nbsp;<\/p>\n\n\n\n<figure class=\"wp-block-image size-large\"><img decoding=\"async\" src=\"https:\/\/acg.campingsingirona.com\/wp-content\/uploads\/2023\/04\/Grand-Tour-Catalunya.jpg\" alt=\"\" class=\"wp-image-3032\"\/><\/figure>\n\n\n\n<div style=\"height:20px\" aria-hidden=\"true\" class=\"wp-block-spacer\"><\/div>\n\n\n\n<h2 class=\"wp-block-heading\"><strong><strong>L&#8217;ACG col\u00b7labora amb entitats i ajuntaments per gestionar la creixent arribada d&#8217;autocaravanes<\/strong><\/strong><\/h2>\n\n\n\n<p><meta charset=\"utf-8\">Durant el mes d&#8217;agost i tot l&#8217;estiu, s&#8217;han mantingut m\u00faltiples reunions amb ajuntaments i entitats de gesti\u00f3 tur\u00edstica per fer pedagogia sobre l&#8217;acollida de les autocaravanes i campers als espais p\u00fablics. En concret, l\u2019Associaci\u00f3 s\u2019ha reunit amb Turisme Garrotxa i amb l\u2019Ajuntament de Platja d\u2019Aro, per presentar la tarifa redu\u00efda i de pernocta, Camp&amp;Go. Una tarifa pensada exclusivament per al segment dels autocaravanistes, que redueix el cost de les estades als c\u00e0mpings i que t\u00e9 com a objectiu principal, evitar la massificaci\u00f3 d\u2019espais p\u00fablics i el deteriorament d\u2019espais naturals.&nbsp;<a href=\"\/?p=3016\" target=\"_blank\" rel=\"noreferrer noopener\">Aqu\u00ed trobareu m\u00e9s detalls de la not\u00edcia.<\/a><\/p>\n\n\n\n<div style=\"height:15px\" aria-hidden=\"true\" class=\"wp-block-spacer\"><\/div>\n\n\n\n<h2 class=\"wp-block-heading\"><strong><strong>Innocamping visita la Federaci\u00f3 Catalana de C\u00e0mpings<\/strong><\/strong><\/h2>\n\n\n\n<p>El passat divendres 13 d&#8217;agost, es van despla\u00e7ar a Roses el director de Fira de Lleida i el responsable d&#8217;Innocamping, per exposar les novetats de l\u2019esdeveniment i el contingut de les jornades t\u00e8cniques que tindran lloc a Lleida, el dimecres 20 d&#8217;octubre de 2021, en el recinte de Fira de Lleida.<\/p>\n\n\n\n<p>Es tracta d&#8217;unes jornades professionals molt interessants i innovadores pel sector c\u00e0mping. La jornada conclour\u00e0 amb una gala al Parador de Lleida. A m\u00e9s, l&#8217;organitzador posa a disposici\u00f3 de la Federaci\u00f3 Catalana de C\u00e0mpings, un espai per celebrar la junta directiva a la capital lleidatana.&nbsp;<\/p>\n\n\n\n<figure class=\"wp-block-image size-large\"><img decoding=\"async\" src=\"https:\/\/acg.campingsingirona.com\/wp-content\/uploads\/2023\/04\/ee6d5be7-290d-6098-a334-be0ba822fa1f.jpeg\" alt=\"\" class=\"wp-image-3035\"\/><\/figure>\n\n\n\n<div style=\"height:15px\" aria-hidden=\"true\" class=\"wp-block-spacer\"><\/div>\n\n\n\n<h2 class=\"wp-block-heading\"><strong><strong>Els C\u00e0mpings, una alternativa segura de vacances<\/strong><\/strong><\/h2>\n\n\n\n<p>L&#8217;entorn natural, l&#8217;aire lliure i la llibertat s\u00f3n alguns dels motius per als quals anar de c\u00e0mping \u00e9s una opci\u00f3 de vacances ideal! La sensaci\u00f3 de seguretat i la variada oferta d&#8217;allotjaments, est\u00e0 fent que alguns campistes allarguin la seva estada per teletreballar-hi.&nbsp;Aix\u00ed ho expliquen aquests campistes<\/p>\n\n\n\n<figure class=\"wp-block-image size-full is-resized\"><img loading=\"lazy\" decoding=\"async\" src=\"https:\/\/acg.campingsingirona.com\/wp-content\/uploads\/2023\/04\/1cfb7c8b-a45e-b57b-36f6-e72e0b20703d.png\" alt=\"\" class=\"wp-image-3044\" width=\"840\" height=\"473\"\/><\/figure>\n\n\n\n<div style=\"height:11px\" aria-hidden=\"true\" class=\"wp-block-spacer\"><\/div>\n\n\n\n<h2 class=\"wp-block-heading\"><strong>Campanya per contrarestar els missatges alarmistes de l&#8217;estranger<\/strong><\/h2>\n\n\n\n<p>Al llarg del mes d&#8217;agost, s&#8217;ha seguit compartint a les xarxes socials, la campanya de testimonials estrangers \u201cLa Costa Brava i els Pirineus t&#8217;esperen com sempre\u201d, del Patronat de Turisme Costa Brava Girona, que va tenir com a objectiu, contrarestar els missatges alarmistes d&#8217;alguns mitjans europeus. Per seguir transmetent una imatge positiva de seguretat.<\/p>\n\n\n\n<figure class=\"wp-block-embed is-type-video is-provider-youtube wp-block-embed-youtube wp-embed-aspect-16-9 wp-has-aspect-ratio\"><div class=\"wp-block-embed__wrapper\">\n<iframe loading=\"lazy\" title=\"Nederlandse getuigen in Girona\" width=\"500\" height=\"281\" src=\"https:\/\/www.youtube.com\/embed\/ZnMZeYBonso?feature=oembed\" frameborder=\"0\" allow=\"accelerometer; autoplay; clipboard-write; encrypted-media; gyroscope; picture-in-picture; web-share\" referrerpolicy=\"strict-origin-when-cross-origin\" allowfullscreen><\/iframe>\n<\/div><\/figure>\n\n\n\n<div style=\"height:11px\" aria-hidden=\"true\" class=\"wp-block-spacer\"><\/div>\n\n\n\n<div style=\"height:11px\" aria-hidden=\"true\" class=\"wp-block-spacer\"><\/div>\n","protected":false},"excerpt":{"rendered":"<p>Primer balan\u00e7 de la temporada Des de l&#8217;Associaci\u00f3 de C\u00e0mpings de Girona&nbsp;es valora positivament la temporada 2021, en comparaci\u00f3 a la del&nbsp;2020. Els ponts de Setmana Santa i Sant Joan van suposar un inici molt positiu, per\u00f2 l&#8217;arribada de la 5a onada a principis de juliol, va frenar les bones expectatives, amb una allau de [&hellip;]<\/p>\n","protected":false},"author":1,"featured_media":97409,"comment_status":"closed","ping_status":"open","sticky":false,"template":"","format":"standard","meta":{"_acf_changed":false,"footnotes":""},"categories":[],"tags":[],"class_list":["post-97779","post","type-post","status-publish","format-standard","has-post-thumbnail","hentry"],"acf":[],"_links":{"self":[{"href":"https:\/\/acg.campingsingirona.com\/ca\/wp-json\/wp\/v2\/posts\/97779","targetHints":{"allow":["GET"]}}],"collection":[{"href":"https:\/\/acg.campingsingirona.com\/ca\/wp-json\/wp\/v2\/posts"}],"about":[{"href":"https:\/\/acg.campingsingirona.com\/ca\/wp-json\/wp\/v2\/types\/post"}],"author":[{"embeddable":true,"href":"https:\/\/acg.campingsingirona.com\/ca\/wp-json\/wp\/v2\/users\/1"}],"replies":[{"embeddable":true,"href":"https:\/\/acg.campingsingirona.com\/ca\/wp-json\/wp\/v2\/comments?post=97779"}],"version-history":[{"count":1,"href":"https:\/\/acg.campingsingirona.com\/ca\/wp-json\/wp\/v2\/posts\/97779\/revisions"}],"predecessor-version":[{"id":104156,"href":"https:\/\/acg.campingsingirona.com\/ca\/wp-json\/wp\/v2\/posts\/97779\/revisions\/104156"}],"wp:featuredmedia":[{"embeddable":true,"href":"https:\/\/acg.campingsingirona.com\/ca\/wp-json\/wp\/v2\/media\/97409"}],"wp:attachment":[{"href":"https:\/\/acg.campingsingirona.com\/ca\/wp-json\/wp\/v2\/media?parent=97779"}],"wp:term":[{"taxonomy":"category","embeddable":true,"href":"https:\/\/acg.campingsingirona.com\/ca\/wp-json\/wp\/v2\/categories?post=97779"},{"taxonomy":"post_tag","embeddable":true,"href":"https:\/\/acg.campingsingirona.com\/ca\/wp-json\/wp\/v2\/tags?post=97779"}],"curies":[{"name":"wp","href":"https:\/\/api.w.org\/{rel}","templated":true}]}}