{"id":97778,"date":"2021-08-06T00:00:00","date_gmt":"2021-08-06T00:00:00","guid":{"rendered":"https:\/\/acg.campingsingirona.com\/en\/blog\/lacg-collabora-amb-entitats-i-ajuntaments-per-gestionar-la-creixent-arribada-dautocaravanes\/"},"modified":"2023-10-18T09:05:26","modified_gmt":"2023-10-18T09:05:26","slug":"lacg-collabora-amb-entitats-i-ajuntaments-per-gestionar-la-creixent-arribada-dautocaravanes","status":"publish","type":"post","link":"https:\/\/acg.campingsingirona.com\/ca\/lacg-collabora-amb-entitats-i-ajuntaments-per-gestionar-la-creixent-arribada-dautocaravanes\/","title":{"rendered":"L&#8217;ACG col\u00b7labora amb entitats i ajuntaments per gestionar la creixent arribada d&#8217;autocaravanes"},"content":{"rendered":"\n<p><meta charset=\"utf-8\">Amb les vacances d&#8217;estiu, el turisme en autocaravana s&#8217;intensifica i massifica el paisatge i zones urbanes no habilitades per fer-hi pernocta. Per aquest motiu, des de l&#8217;Associaci\u00f3 de C\u00e0mpings de Girona, s&#8217;est\u00e0 col\u00b7laborant estretament amb les administracions p\u00fabliques que pateixen els efectes d&#8217;aquest turisme, per a fer pedagogia i treballar un encaix que tingui en compte els c\u00e0mpings com a mitj\u00e0 per acollir les demandes d&#8217;aquest perfil.<\/p>\n\n\n\n<p>Aquesta setmana, l&#8217;Associaci\u00f3 s&#8217;ha reunit amb Turisme Garrotxa i amb l&#8217;Ajuntament de Platja d&#8217;Aro, per presentar la tarifa de pernocta redu\u00efda, Camp&amp;Go. Una tarifa pensada exclusivament per al segment dels autocaravanistes, que redueix el cost de les estades als c\u00e0mpings i que t\u00e9 com a objectiu principal, evitar la massificaci\u00f3 d&#8217;espais p\u00fablics i el deteriorament d&#8217;espais naturals.<\/p>\n\n\n\n<p>El perfil del turista que viatja en autocaravana, va a l&#8217;al\u00e7a, i \u00e9s una tend\u00e8ncia que ha arribat per quedar-se. Els \u00faltims anys, la venda d&#8217;autocaravanes s&#8217;ha disparat i la pand\u00e8mia ha accelerat aquest tipus de turisme, fenomen que es va explicar en <a href=\"https:\/\/www.canva.com\/design\/DAEJEr3hpBY\/qAL5rX2RAeVgtbhsYD_4nw\/view?utm_content=DAEJEr3hpBY&amp;utm_campaign=designshare&amp;utm_medium=link&amp;utm_source=sharebutton\" target=\"_blank\" rel=\"noopener\">l&#8217;estudi &#8220;Turisme d&#8217;autocaravana en temps de COVID&#8221;<\/a>, dut a terme pel Laboratori Multidisciplinari de Recerca en Turisme de la Universitat de Girona.<\/p>\n","protected":false},"excerpt":{"rendered":"<p>Amb les vacances d&#8217;estiu, el turisme en autocaravana s&#8217;intensifica i massifica el paisatge i zones urbanes no habilitades per fer-hi pernocta. Per aquest motiu, des de l&#8217;Associaci\u00f3 de C\u00e0mpings de Girona, s&#8217;est\u00e0 col\u00b7laborant estretament amb les administracions p\u00fabliques que pateixen els efectes d&#8217;aquest turisme, per a fer pedagogia i treballar un encaix que tingui en [&hellip;]<\/p>\n","protected":false},"author":1,"featured_media":97746,"comment_status":"closed","ping_status":"open","sticky":false,"template":"","format":"standard","meta":{"_acf_changed":false,"footnotes":""},"categories":[],"tags":[],"class_list":["post-97778","post","type-post","status-publish","format-standard","has-post-thumbnail","hentry"],"acf":[],"_links":{"self":[{"href":"https:\/\/acg.campingsingirona.com\/ca\/wp-json\/wp\/v2\/posts\/97778","targetHints":{"allow":["GET"]}}],"collection":[{"href":"https:\/\/acg.campingsingirona.com\/ca\/wp-json\/wp\/v2\/posts"}],"about":[{"href":"https:\/\/acg.campingsingirona.com\/ca\/wp-json\/wp\/v2\/types\/post"}],"author":[{"embeddable":true,"href":"https:\/\/acg.campingsingirona.com\/ca\/wp-json\/wp\/v2\/users\/1"}],"replies":[{"embeddable":true,"href":"https:\/\/acg.campingsingirona.com\/ca\/wp-json\/wp\/v2\/comments?post=97778"}],"version-history":[{"count":1,"href":"https:\/\/acg.campingsingirona.com\/ca\/wp-json\/wp\/v2\/posts\/97778\/revisions"}],"predecessor-version":[{"id":104155,"href":"https:\/\/acg.campingsingirona.com\/ca\/wp-json\/wp\/v2\/posts\/97778\/revisions\/104155"}],"wp:featuredmedia":[{"embeddable":true,"href":"https:\/\/acg.campingsingirona.com\/ca\/wp-json\/wp\/v2\/media\/97746"}],"wp:attachment":[{"href":"https:\/\/acg.campingsingirona.com\/ca\/wp-json\/wp\/v2\/media?parent=97778"}],"wp:term":[{"taxonomy":"category","embeddable":true,"href":"https:\/\/acg.campingsingirona.com\/ca\/wp-json\/wp\/v2\/categories?post=97778"},{"taxonomy":"post_tag","embeddable":true,"href":"https:\/\/acg.campingsingirona.com\/ca\/wp-json\/wp\/v2\/tags?post=97778"}],"curies":[{"name":"wp","href":"https:\/\/api.w.org\/{rel}","templated":true}]}}