{"id":97758,"date":"2021-06-30T00:00:00","date_gmt":"2021-06-30T00:00:00","guid":{"rendered":"https:\/\/acg.campingsingirona.com\/en\/blog\/quatre-campings-gironins-els-primers-en-obtenir-un-nou-segell-de-turisme-accessible\/"},"modified":"2023-10-18T09:05:21","modified_gmt":"2023-10-18T09:05:21","slug":"quatre-campings-gironins-els-primers-en-obtenir-un-nou-segell-de-turisme-accessible","status":"publish","type":"post","link":"https:\/\/acg.campingsingirona.com\/ca\/quatre-campings-gironins-els-primers-en-obtenir-un-nou-segell-de-turisme-accessible\/","title":{"rendered":"Quatre c\u00e0mpings gironins, els primers en obtenir un nou segell de turisme accessible"},"content":{"rendered":"\n<p>Quatre c\u00e0mpings de les comarques gironines: Valldaro de Platja d\u2019Aro; Illa Mateua de l\u2019Escala; Salat\u00e0 de Roses; i \u00c0mfora de Sant Pere Pescador, han estat els primers en obtenir el segell de turisme accessible anomenat <em>weelchair friendly,<\/em> despr\u00e9s del conveni que l\u2019Associaci\u00f3 de C\u00e0mpings de Girona va firmar amb Mifas per desenvolupar iniciatives de col\u00b7laboraci\u00f3 en l\u2019\u00e0mbit de l\u2019accessibilitat tur\u00edstica. Quatre c\u00e0mpings m\u00e9s estan en proc\u00e9s i ja hi ha m\u00e9s c\u00e0mpings interessats en una iniciativa que t\u00e9 per objectiu anar-se estenent als establiments associats.&nbsp;<\/p>\n\n\n\n<p>Es tracta d\u2019una alian\u00e7a entre l\u2019Associaci\u00f3 i Mifas per impulsar el turisme als c\u00e0mpings gironins per a persones amb mobilitat redu\u00efda. Els c\u00e0mpings adherits faciliten unes vacances sense l\u00edmits i amb serveis i activitats inclusives als campistes amb discapacitat.<\/p>\n\n\n\n<p>Els c\u00e0mpings <em>Wheelchair Friendly<\/em> compleixen amb tots els requisits d\u2019accessibilitat, eliminant qualsevol barrera arquitect\u00f2nica, a m\u00e9s d\u2019oferir serveis dissenyats per millorar l\u2019estada de les persones amb mobilitat redu\u00efda. Alguns d\u2019aquests serveis s\u00f3n piscines amb rampes d\u2019acc\u00e9s o cadires hidr\u00e0uliques, rampes per accedir als allotjaments i a les zones comunes, i activitats d\u2019animaci\u00f3 en clau inclusiva, entre moltes altres facilitats. A m\u00e9s, alguns dels c\u00e0mpings posen a la disposici\u00f3 dels campistes propostes d\u2019activitats accessibles per realitzar al territori, a m\u00e9s de material com bicicletes per a persones amb discapacitat, entre d\u2019altres serveis.<\/p>\n\n\n\n<p>El segell va acompanyat d\u2019una inspecci\u00f3 d\u2019un usuari per determinar el grau d\u2019accessibilitat m\u00e9s all\u00e0 del codi d\u2019accessibilitat que marca la Generalitat. Els requisits per obtenir aquest segell s\u00f3n validats per usuaris de Mifas. Amb aquesta iniciativa l\u2019Associaci\u00f3 vol arribar directament al col\u00b7lectiu amb l\u00ednies de promoci\u00f3 espec\u00edfiques de turisme accessible i inclusiu del Patronat de Turisme i de l\u2019Ag\u00e8ncia Catalana de Turisme. Mifas agrupa m\u00e9s de 5.500 membres.<\/p>\n\n\n\n<p>Recordem que l\u2019Associaci\u00f3, que representa 73 c\u00e0mpings i un 82% de l\u2019oferta total de places de c\u00e0mping a les comarques de Girona, segueix des de fa temps una l\u00ednia d\u2019especialitzaci\u00f3 de producte per generar un valor diferencial i qualitatiu i es vol&nbsp; desenvolupar un segment espec\u00edfic de c\u00e0mpings accessibles per a persones amb mobilitat redu\u00efda, seguint les directrius de la pol\u00edtica tur\u00edstica inclusiva i accessible impulsada des de la Generalitat de Catalunya i la Diputaci\u00f3 de Girona.<\/p>\n\n\n\n<p>Als c\u00e0mpings gironins ja hi havia iniciatives d\u2019accessibilitat per al col\u00b7lectiu de persones amb mobilitat redu\u00efda com ara la instal\u00b7laci\u00f3 de cadires amf\u00edbies per accedir al mar i grues per a les piscines; i amb aquest conveni l\u2019objectiu \u00e9s impulsar aquesta modalitat de turisme.<\/p>\n","protected":false},"excerpt":{"rendered":"<p>Quatre c\u00e0mpings de les comarques gironines: Valldaro de Platja d\u2019Aro; Illa Mateua de l\u2019Escala; Salat\u00e0 de Roses; i \u00c0mfora de Sant Pere Pescador, han estat els primers en obtenir el segell de turisme accessible anomenat weelchair friendly, despr\u00e9s del conveni que l\u2019Associaci\u00f3 de C\u00e0mpings de Girona va firmar amb Mifas per desenvolupar iniciatives de col\u00b7laboraci\u00f3 [&hellip;]<\/p>\n","protected":false},"author":1,"featured_media":97759,"comment_status":"closed","ping_status":"open","sticky":false,"template":"","format":"standard","meta":{"_acf_changed":false,"footnotes":""},"categories":[],"tags":[],"class_list":["post-97758","post","type-post","status-publish","format-standard","has-post-thumbnail","hentry"],"acf":[],"_links":{"self":[{"href":"https:\/\/acg.campingsingirona.com\/ca\/wp-json\/wp\/v2\/posts\/97758","targetHints":{"allow":["GET"]}}],"collection":[{"href":"https:\/\/acg.campingsingirona.com\/ca\/wp-json\/wp\/v2\/posts"}],"about":[{"href":"https:\/\/acg.campingsingirona.com\/ca\/wp-json\/wp\/v2\/types\/post"}],"author":[{"embeddable":true,"href":"https:\/\/acg.campingsingirona.com\/ca\/wp-json\/wp\/v2\/users\/1"}],"replies":[{"embeddable":true,"href":"https:\/\/acg.campingsingirona.com\/ca\/wp-json\/wp\/v2\/comments?post=97758"}],"version-history":[{"count":1,"href":"https:\/\/acg.campingsingirona.com\/ca\/wp-json\/wp\/v2\/posts\/97758\/revisions"}],"predecessor-version":[{"id":104151,"href":"https:\/\/acg.campingsingirona.com\/ca\/wp-json\/wp\/v2\/posts\/97758\/revisions\/104151"}],"wp:featuredmedia":[{"embeddable":true,"href":"https:\/\/acg.campingsingirona.com\/ca\/wp-json\/wp\/v2\/media\/97759"}],"wp:attachment":[{"href":"https:\/\/acg.campingsingirona.com\/ca\/wp-json\/wp\/v2\/media?parent=97758"}],"wp:term":[{"taxonomy":"category","embeddable":true,"href":"https:\/\/acg.campingsingirona.com\/ca\/wp-json\/wp\/v2\/categories?post=97758"},{"taxonomy":"post_tag","embeddable":true,"href":"https:\/\/acg.campingsingirona.com\/ca\/wp-json\/wp\/v2\/tags?post=97758"}],"curies":[{"name":"wp","href":"https:\/\/api.w.org\/{rel}","templated":true}]}}