{"id":97664,"date":"2020-08-02T00:00:00","date_gmt":"2020-08-02T00:00:00","guid":{"rendered":"https:\/\/acg.campingsingirona.com\/en\/blog\/les-noticies-del-mes-dagost-2020\/"},"modified":"2023-10-18T09:04:42","modified_gmt":"2023-10-18T09:04:42","slug":"les-noticies-del-mes-dagost-2020","status":"publish","type":"post","link":"https:\/\/acg.campingsingirona.com\/ca\/les-noticies-del-mes-dagost-2020\/","title":{"rendered":"Les not\u00edcies del mes d&#8217;agost 2020"},"content":{"rendered":"\n<h2 class=\"wp-block-heading\">Noves restriccions a Catalunya i com afecta els c\u00e0mpings<\/h2>\n\n\n\n<p>El Govern catal\u00e0 aprova noves restriccions per fer front al repunt de casos de contagis per COVID-19 registrats a finals del mes d&#8217;agost. D&#8217;aquesta manera, queden prohibides les reunions o trobades de m\u00e9s de 10 persones tant en l&#8217;\u00e0mbit p\u00fablic com privat. Pel que fa a l&#8217;afectaci\u00f3 d&#8217;aquesta mesura als c\u00e0mpings, la norma es pot aplicar a totes les instal\u00b7lacions dels c\u00e0mpings evitant la concentraci\u00f3 de grups de m\u00e9s de 10 persones a les parcel\u00b7les, bungalous o espais com terrasses, bars i restaurants. Aix\u00f2 no obstant, queden excloses d&#8217;aquesta normativa, les activitats culturals, les activitats esportives o l\u00fadiques o espais oberts com gimnasos o piscines a l&#8217;aire lliure. Es mantenen les restriccions vigents, la dist\u00e0ncia del metre i mig, l&#8217;\u00fas obligatori de la mascareta i la rentada de mans. A m\u00e9s, tamb\u00e9 continuaran tancats els locals d&#8217;oci nocturn i els bars musicals i hi haur\u00e0 restriccions d&#8217;horaris en bars i restaurants. Beure alcohol i fumar a l&#8217;aire lliure \u2013sempre que no hi hagi dist\u00e0ncia de seguretat\u2013, tamb\u00e9 continuar\u00e0 prohibit. Per a m\u00e9s informaci\u00f3, <a href=\"https:\/\/web.gencat.cat\/ca\/actualitat\/detall\/Prohibides-les-trobades-de-mes-de-10-persones\" target=\"_blank\" rel=\"noreferrer noopener\">segueix el seg\u00fcent enlla\u00e7.<\/a><\/p>\n\n\n\n<h2 class=\"wp-block-heading\">Els pa\u00efsos emissors endureixen les seves resticcions per venir a Catalunya<\/h2>\n\n\n\n<p>Al llarg del mes d&#8217;agost, els governs dels principals pa\u00efsos emissors de turisme a Catalunya han estat pendents de l&#8217;evoluci\u00f3 de la pand\u00e8mia a l&#8217;Estat Espanyol fet que en els moments de m\u00e9s incid\u00e8ncia de casos, ha comportat la restricci\u00f3 o recomanacions de no viatjar al pa\u00eds. En concret, pa\u00efsos com Alemanya, \u00c0ustria, Pa\u00efsos Baixos, Dinamarca, Irlanda, Regne Unit, Finl\u00e0ndia, Noruega, Su\u00efssa, It\u00e0lia, Fran\u00e7a i B\u00e8lgica; recomanen als seus habitants que no viatgin a les zones de m\u00e9s risc com Espanya i en molts pa\u00efsos els demana la presentaci\u00f3 d&#8217;un test negatiu a la tornada o quarantenes de deu dies com \u00e9s el cas dels Pa\u00efsos Baixos.<\/p>\n\n\n\n<h2 class=\"wp-block-heading\">Cancel\u00b7laci\u00f3 del GirocampingPRO 2020<\/h2>\n\n\n\n<p>Despr\u00e9s de fer les valoracions pertinents i davant la incertesa del moment provocada per la crisi de la pand\u00e8mia de la Covid-19, l&#8217;ACG decideix cancel\u00b7lar la tercera edici\u00f3 del Congr\u00e9s Girocampings PRO 2020 prevista pel 23 de setembre. La situaci\u00f3 actual no permet celebrar un congr\u00e9s en les condicions habituals, ni es contempla una edici\u00f3 sense la tradicional gala &#8220;Nit dels C\u00e0mpings Gironins&#8221; i l&#8217;entrega del premi &#8220;Jaume Genover i Roig&#8221;. Aix\u00ed doncs, s&#8217;espera poder reprendre el congr\u00e9s, gala i el premi a la tardor del pr\u00f2xim 2021.<\/p>\n\n\n\n<h2 class=\"wp-block-heading\">Nou reglament de turisme<\/h2>\n\n\n\n<p>A principis del mes d&#8217;agost, el Govern catal\u00e0 va aprovar el nou Decret de Turisme de Catalunya despr\u00e9s d&#8217;un llarg per\u00edode de tramitaci\u00f3 que va comen\u00e7ar l&#8217;any 2015. En el text d&#8217;aquesta normativa queda regulada i definida l&#8217;activitat tur\u00edstica, a m\u00e9s d&#8217;actualitzar els requisits de classificaci\u00f3 i les caracter\u00edstiques dels allotjaments tur\u00edstics eliminant prohibicions antigues per a afavorir la competitivitat en el sector. Pel que fa al sector c\u00e0mping, el reglament presenta novetats en els allotjaments a l&#8217;aire lliure. En concret s&#8217;estableix una nova regulaci\u00f3 per a les \u00e0rees d&#8217;acollida de les autocaravanes en tr\u00e0nsit i estableix un temps m\u00e0xim d&#8217;estada de 48 hores. Altrament, es passa a identificar les categories dels c\u00e0mpings de 2 a 5 estrelles.<\/p>\n\n\n\n<h2 class=\"wp-block-heading\">Finalitza la campanya C\u00e0mpings Solidaris 2020<\/h2>\n\n\n\n<p>Finalitza una nova edici\u00f3 de C\u00e0mpings Solidaris amb la col\u00b7laboraci\u00f3 de quinze c\u00e0mpings \u2013 Eurocamping, C\u00e0mping Aquarius, C\u00e0mping Empord\u00e0, C\u00e0mping Solmar, C\u00e0mping Bellaterra, C\u00e0mping Begur, C\u00e0mping Las Dunas, C\u00e0mping Playa Brava, C\u00e0mping Bassegoda Park, C\u00e0mping La Ballena Alegre, C\u00e0mping les Medes, C\u00e0mping Cala Montjoi, C\u00e0mping Vidr\u00e0, C\u00e0mping Mas Patoxas i C\u00e0mping Esponell\u00e0 &#8211; que enguany han pogut donar suport a diferents iniciatives solid\u00e0ries mitjan\u00e7ant l\u2019organitzaci\u00f3 d\u2019activitats a les seves instal\u00b7lacions.<\/p>\n\n\n\n<p>En concret, s\u2019ha donat suport &nbsp;a les seg\u00fcents iniciatives:<\/p>\n\n\n\n<ul class=\"wp-block-list\"><li>Donacions a l\u2019Hospital Sant Joan de D\u00e9u per la investigaci\u00f3 contra el c\u00e0ncer infantil, mitjan\u00e7ant el suport del GAP i amb l\u2019organitzaci\u00f3 de tallers de creaci\u00f3 de Polseres Candela.<\/li><li>Donacions per l\u2019Associaci\u00f3 Mulla\u2019t per l\u2019Esclerosi M\u00faltiple mitjan\u00e7ant activitats a les piscines dels c\u00e0mpings i la venda de samarretes.<\/li><li>Participaci\u00f3 en la campanya de donaci\u00f3 de sang #etsIMPRESCINDIBLE del Banc de Sang amb un centenar de donacions.<\/li><\/ul>\n\n\n\n<figure class=\"wp-block-image size-large\"><img decoding=\"async\" src=\"https:\/\/acg.campingsingirona.com\/wp-content\/uploads\/2023\/04\/e2fe038e-7a7d-4c2e-98bd-dd98930aea6e.jpg\" alt=\"\" class=\"wp-image-2597\"\/><\/figure>\n\n\n\n<h2 class=\"wp-block-heading\">Aprovada la Llei de Protecci\u00f3 i Ordenaci\u00f3 del Litoral Catal\u00e0<\/h2>\n\n\n\n<p>L\u2019ACG ha informat a tots els membres associats l\u2019aprovaci\u00f3 de la Llei de Protecci\u00f3 i Ordenaci\u00f3 del Litoral Catal\u00e0 que t\u00e9 per objectiu salvaguardar part dels litorals amena\u00e7ats per la possibilitat d\u2019urbanitzar-se mitjan\u00e7ant l\u2019adquisici\u00f3 p\u00fablica de s\u00f2l. Les aportacions econ\u00f2miques per fer-ho possible provindran del pressupost de la Generalitat i d\u2019altres aportacions d\u2019administracions, entitats o agents privats. En aquest sentit, els assessors legals de l\u2019ACG estan treballant per presentar un informe que es presentar\u00e0 al llarg del mes de setembre.<\/p>\n\n\n\n<h2 class=\"wp-block-heading\">L\u2019Associaci\u00f3 de C\u00e0mpings de Girona participar\u00e0 en la creaci\u00f3 d&#8217;un projecte estrat\u00e8gic pel sector tur\u00edstic<\/h2>\n\n\n\n<p>L\u2019Associaci\u00f3 de C\u00e0mpings de Girona, en representaci\u00f3 de la FOEG, formar\u00e0 part d\u2019un grup de treball organitzat per la Comissi\u00f3 de Turisme i Serveis de Foment de Treball. L\u2019objectiu d\u2019aquesta comissi\u00f3 ser\u00e0 treballar per crear una proposta conjunta mitjan\u00e7ant un projecte estrat\u00e8gic i competitiu pel futur del sector tur\u00edstic. Aquesta proposta es presentar\u00e0 a l\u2019administraci\u00f3, abans que l\u2019Estat Espanyol presenti el seu pla el pr\u00f2xim 15 d\u2019octubre 2020.<\/p>\n\n\n\n<h2 class=\"wp-block-heading\">RTL News entrevista als campistes holandesos\u00a0 que s\u2019allotgen als c\u00e0mpings de la Costa Brava<\/h2>\n\n\n\n<p>El canal de televisi\u00f3 holand\u00e8s RTL Nieuws, viatja als c\u00e0mpings de la Costa Brava per con\u00e8ixer les opinions dels campistes holandesos, despr\u00e9s que el govern holand\u00e8s anuncies noves restriccions de viatge als seus ciutadans. En concret, aquestes restriccions fan refer\u00e8ncia a les recomanacions de no viatjar a pa\u00efsos com Espanya si no \u00e9s imprescindibles i la imposici\u00f3 de deu dies de quarantena a la tornada al seu pa\u00eds. Segons les opinions recollides, els campistes holandesos entrevistats se senten segurs als c\u00e0mpings on s&#8217;allotgen, gr\u00e0cies a les mesures de seguretat i de distanciament social aplicades. <a href=\"https:\/\/www.rtlnieuws.nl\/nieuws\/video\/video\/5179442\/naar-huis-niet-coronastress-onder-toeristen-oranje-spanje\" target=\"_blank\" rel=\"noreferrer noopener\">Veure v\u00eddeo<\/a>.<\/p>\n\n\n\n<figure class=\"wp-block-image size-large\"><img decoding=\"async\" src=\"https:\/\/acg.campingsingirona.com\/wp-content\/uploads\/2023\/04\/95829996-f448-4736-b437-a0fc086dee5b.jpg\" alt=\"\" class=\"wp-image-2598\"\/><\/figure>\n\n\n\n<h2 class=\"wp-block-heading\">Defunci\u00f3 Sr. Joaquim Vilahur Esp\u00edgol<\/h2>\n\n\n\n<p>El passat\u00a0divendres 28 d&#8217;agost, va tenir lloc l&#8217;acomiadament del Sr. Joaquim\u00a0Vilahur\u00a0Esp\u00edgol a la Parr\u00f2quia de Sant Mart\u00ed de Palafrugell. El Sr.\u00a0Vilahur\u00a0va ser fundador del\u00a0Kim&#8217;s C\u00e0mping a Palafrugell i va formar part de la primera Junta Directiva fundadora de l&#8217;Associaci\u00f3 de C\u00e0mpings de Girona. L&#8217;any 2019 se li va fer entrega del pin d&#8217;or de l&#8217;ACG\u00a0com a reconeixement, per ser l&#8217;empresari del sector m\u00e9s gran en actiu. Sr.\u00a0Vilahur\u00a0ens ha deixat a l&#8217;edat de\u00a094\u00a0anys. En nom de tota l&#8217;Associaci\u00f3 el nostre condol m\u00e9s sincer a la fam\u00edlia\u00a0Vilahur\u00a0i recordar el seu paper important en la fundaci\u00f3 de la nostra entitat.<\/p>\n\n\n\n<h2 class=\"wp-block-heading\">Defunci\u00f3 Sra.\u00a0Sigrid Ellen Rupp<\/h2>\n\n\n\n<p>Lamentem la\u00a0p\u00e8rdua\u00a0de la Sra.\u00a0Sigrid\u00a0Ellen\u00a0Rupp\u00a0a l&#8217;edat de\u00a089\u00a0anys. La Sra.\u00a0Rupp\u00a0i el seu difunt marit\u00a0Sr.\u00a0Rupp\u00a0van ser els\u00a0fundadors\u00a0del C\u00e0mping\u00a0Aquarius\u00a0a Sant Pere Pescador. La\u00a0fam\u00edlia\u00a0celebrar\u00e0 un acomiadament \u00edntim per recordar-la. En nom de tota l&#8217;Associaci\u00f3 volem expressar el nostre condol m\u00e9s sincer a la fam\u00edlia i recordar el seu paper important en la gesti\u00f3 de les primeres d\u00e8cades del C\u00e0mping\u00a0Aquarius.<\/p>\n\n\n\n<h2 class=\"wp-block-heading\">S&#8217;aprova la creaci\u00f3 del primer M\u00e0ster en Gesti\u00f3 de C\u00e0mpings<\/h2>\n\n\n\n<p>Queda aprovada la creaci\u00f3 del primer M\u00e0ster Oficial en Gesti\u00f3 de C\u00e0mpings. En concret, les universitats de Cro\u00e0cia, Holanda i Girona; comen\u00e7aran a oferir un m\u00e0ster triangular amb formaci\u00f3 reglada, amb l&#8217;objectiu de fer un salt qualitatiu en la formaci\u00f3 dels professionals encarregats de gestionar els c\u00e0mpings, que cada vegada tenen major import\u00e0ncia dins de l&#8217;ecosistema tur\u00edstic.<\/p>\n","protected":false},"excerpt":{"rendered":"<p>Noves restriccions a Catalunya i com afecta els c\u00e0mpings El Govern catal\u00e0 aprova noves restriccions per fer front al repunt de casos de contagis per COVID-19 registrats a finals del mes d&#8217;agost. D&#8217;aquesta manera, queden prohibides les reunions o trobades de m\u00e9s de 10 persones tant en l&#8217;\u00e0mbit p\u00fablic com privat. Pel que fa a [&hellip;]<\/p>\n","protected":false},"author":1,"featured_media":97665,"comment_status":"closed","ping_status":"open","sticky":false,"template":"","format":"standard","meta":{"_acf_changed":false,"footnotes":""},"categories":[],"tags":[],"class_list":["post-97664","post","type-post","status-publish","format-standard","has-post-thumbnail","hentry"],"acf":[],"_links":{"self":[{"href":"https:\/\/acg.campingsingirona.com\/ca\/wp-json\/wp\/v2\/posts\/97664","targetHints":{"allow":["GET"]}}],"collection":[{"href":"https:\/\/acg.campingsingirona.com\/ca\/wp-json\/wp\/v2\/posts"}],"about":[{"href":"https:\/\/acg.campingsingirona.com\/ca\/wp-json\/wp\/v2\/types\/post"}],"author":[{"embeddable":true,"href":"https:\/\/acg.campingsingirona.com\/ca\/wp-json\/wp\/v2\/users\/1"}],"replies":[{"embeddable":true,"href":"https:\/\/acg.campingsingirona.com\/ca\/wp-json\/wp\/v2\/comments?post=97664"}],"version-history":[{"count":1,"href":"https:\/\/acg.campingsingirona.com\/ca\/wp-json\/wp\/v2\/posts\/97664\/revisions"}],"predecessor-version":[{"id":104122,"href":"https:\/\/acg.campingsingirona.com\/ca\/wp-json\/wp\/v2\/posts\/97664\/revisions\/104122"}],"wp:featuredmedia":[{"embeddable":true,"href":"https:\/\/acg.campingsingirona.com\/ca\/wp-json\/wp\/v2\/media\/97665"}],"wp:attachment":[{"href":"https:\/\/acg.campingsingirona.com\/ca\/wp-json\/wp\/v2\/media?parent=97664"}],"wp:term":[{"taxonomy":"category","embeddable":true,"href":"https:\/\/acg.campingsingirona.com\/ca\/wp-json\/wp\/v2\/categories?post=97664"},{"taxonomy":"post_tag","embeddable":true,"href":"https:\/\/acg.campingsingirona.com\/ca\/wp-json\/wp\/v2\/tags?post=97664"}],"curies":[{"name":"wp","href":"https:\/\/api.w.org\/{rel}","templated":true}]}}