{"id":97661,"date":"2020-07-02T00:00:00","date_gmt":"2020-07-02T00:00:00","guid":{"rendered":"https:\/\/acg.campingsingirona.com\/en\/blog\/les-noticies-del-mes-de-juliol-2020\/"},"modified":"2023-10-18T09:04:41","modified_gmt":"2023-10-18T09:04:41","slug":"les-noticies-del-mes-de-juliol-2020","status":"publish","type":"post","link":"https:\/\/acg.campingsingirona.com\/ca\/les-noticies-del-mes-de-juliol-2020\/","title":{"rendered":"Les not\u00edcies del mes de juliol 2020"},"content":{"rendered":"\n<h2 class=\"wp-block-heading\">Els c\u00e0mpings gironins pendents de l&#8217;evoluci\u00f3 de la pand\u00e8mia<\/h2>\n\n\n\n<p>Despr\u00e9s d&#8217;un mes de juliol amb les mirades posades en l&#8217;evoluci\u00f3 de la pand\u00e8mia de la Covid-19 i les mesures sanit\u00e0ries aplicades a cada punt del pa\u00eds, l&#8217;ocupaci\u00f3 dels c\u00e0mpings gironins s&#8217;ha mantingut entre un 30 i un 40%, una difer\u00e8ncia molt notable en comparaci\u00f3 a altres anys. Altrament, cal destacar que les recomanacions dels principals mercats emissors de turistes a la destinaci\u00f3, han frenat el ritme de les reserves i s&#8217;han produ\u00eft cancel\u00b7lacions a causa de la incertesa, la premsa sensacionalista i les quarantenes imposades als viatgers per part d&#8217;alguns pa\u00efsos d&#8217;origen. Malgrat aquesta davallada, s&#8217;espera una petita remuntada a partir del mes d&#8217;agost coincidint amb les vacances del turista de proximitat i la millora de la situaci\u00f3 a les prov\u00edncies m\u00e9s afectades.<\/p>\n\n\n\n<h2 class=\"wp-block-heading\">Adaptaci\u00f3 dels c\u00e0mpings a les noves mesures d&#8217;higiene i seguretat<\/h2>\n\n\n\n<p>Gr\u00e0cies a la preparaci\u00f3 pr\u00e8via a l&#8217;inici de la temporada, els c\u00e0mpings gironins s&#8217;han pogut adaptar f\u00e0cilment a les noves mesures de protecci\u00f3 aplicades pel govern de la Generalitat. Per tal de donar resposta a l&#8217;obligatorietat d&#8217;\u00fas de mascareta tant en espais oberts com tancats, des de l&#8217;ACG, es va repartir entre tots els c\u00e0mpings associats un total de\u00a07.015\u00a0mascaretes tant per \u00fas intern del personal dels c\u00e0mpings, com per als\u00a0turistes\u00a0que no tinguessin la seva mascareta.<\/p>\n\n\n\n<h2 class=\"wp-block-heading\">L&#8217;ACG centra esfor\u00e7os a mantenir la confian\u00e7a dels principals mercats emissors de campistes a les comarques gironines<\/h2>\n\n\n\n<p>Tot i que normalment ja se sol treballar amb intensitat als principals mercats dels c\u00e0mpings gironins &#8211; Holanda, Fran\u00e7a i B\u00e8lgica &#8211; aquest any, la pand\u00e8mia de la Covid-19 ha obligat a l&#8217;ACG\u00a0a estar molt pendents de la percepci\u00f3 de seguretat que els campistes estrangers tenen sobre la Costa Brava i el Pirineu de Girona. Per aquesta ra\u00f3, al llarg del juliol s&#8217;han intensificat les campanyes a trav\u00e9s de mitjans digitals i tradicionals amb l&#8217;objectiu d&#8217;incrementar la confian\u00e7a d&#8217;aquest perfil de turista.<\/p>\n\n\n\n<p>D&#8217;aquestes campanyes destaquem algunes accions com el llan\u00e7ament de diversos anuncis per xarxes socials, l&#8217;organitzaci\u00f3 d&#8217;un viatge de premsa conjuntament amb el Patronat de Turisme Costa Brava per una televisi\u00f3 holandesa pensant en la temporada 2021, entre moltes altres. A la vegada s&#8217;ha estat atent a les <em>fake\u00a0news<\/em>\u00a0que han aparegut en diversos mitjans de diferents pa\u00efsos i s&#8217;han contrarestat a trav\u00e9s d&#8217;informacions reals, demanant als turistes que s&#8217;informin de fonts oficials.<\/p>\n\n\n\n<h2 class=\"wp-block-heading\">Repsol presenta els nous generadors de gas port\u00e0tils perfectes per generar energia a qualsevol lloc<\/h2>\n\n\n\n<p>A finals del mes de juliol, l&#8217;empresa Repsol va presentar a l&#8217;ACG els nous generadors de gas port\u00e0tils ideals per a generar energia en els punts m\u00e9s inaccessibles. La proposta de Respol, \u00e9s vendre el producte als c\u00e0mpings perqu\u00e8 aquests l&#8217;ofereixin com a r\u00e8nting als clients que ho necessitin.<\/p>\n\n\n\n<h2 class=\"wp-block-heading\">Els c\u00e0mpings gironins es promocionen a Holanda<\/h2>\n\n\n\n<p>A mitjans del mes de juliol, el canal de televisi\u00f3 RTL4 va estar gravant en c\u00e0mpings de la Costa Brava i el Pirineu de Girona per donar a con\u00e8ixer als campistes holandesos l&#8217;oferta de c\u00e0mpings de les comarques gironines i els encants del territori. Aquesta producci\u00f3 que s&#8217;emetr\u00e0 al gener de l&#8217;any que ve al programa RTL Kampeert, ha estat possible gr\u00e0cies a l&#8217;estreta col\u00b7laboraci\u00f3 entre el Patronat de Turisme Costa Brava Girona i l&#8217;ACG. Cal esmentar, que aquesta acci\u00f3 forma part de la campanya de promoci\u00f3 al Benelux per refor\u00e7ar la imatge de la destinaci\u00f3 com un territori segur, amb moltes activitats per fer i molts racons per descobrir.<\/p>\n\n\n\n<figure class=\"wp-block-image size-large\"><img decoding=\"async\" src=\"https:\/\/acg.campingsingirona.com\/wp-content\/uploads\/2023\/04\/0c63cdc0-1e11-43d2-97d2-5c654ed5aefe.jpg\" alt=\"\" class=\"wp-image-2593\"\/><\/figure>\n\n\n\n<h2 class=\"wp-block-heading\">Accions C\u00e0mpings Solidaris<\/h2>\n\n\n\n<p>Al llarg del mes de juliol, diversos c\u00e0mpings de la Costa Brava i el Pirineu de Girona col\u00b7laboren en les accions de C\u00e0mping Solidari per recaptar fons per diferents iniciatives solid\u00e0ries. Concretament, el C\u00e0mping Bassegoda Park, C\u00e0mping Les Medes, Camping La Ballena Alegre, Eurocamping i C\u00e0mping Aquarius participen als tallers de &#8220;Pulseres Candela&#8221; organitzats pel GAP Serveis Tur\u00edstics amb l&#8217;objectiu de recaptar fons per la investigaci\u00f3 contra el c\u00e0ncer infantil a l&#8217;Hospital Sant Joan de D\u00e9u.<\/p>\n\n\n\n<p>Per altra banda, de l&#8217;1 al 18 d&#8217;agost, C\u00e0mping Les Medes, C\u00e0mping Cala Montjoi, C\u00e0mping Vidr\u00e0, C\u00e0mping Mas Patoxas, C\u00e0mping Bassegoda Park i Eurocamping; participaran en la campanya #etsIMPRESCINDIBLE del Banc de Sang i Teixits per fer front al descens de donacions que sol ser habitual en els mesos d&#8217;estiu. Per \u00faltim, els c\u00e0mpings La Ballena Alegre, C\u00e0mping Vidr\u00e0, C\u00e0mping Mas Patoxas, C\u00e0mping Bassegoda Park, C\u00e0mping Esponell\u00e0 i C\u00e0mping Interpals; col\u00b7laboraran en les jornades Mulla&#8217;t per l&#8217;Esclerosi M\u00faltiple venent marxandatge de la fundaci\u00f3 i organitzant la remullada conjunta a les piscines dels c\u00e0mpings.<\/p>\n\n\n\n<h2 class=\"wp-block-heading\">Els guanyadors de la campanya &#8220;Dales un aplauso&#8221; gaudeixen de les estades en c\u00e0mpings gironins<\/h2>\n\n\n\n<p>Un cop finalitzat el sorteig &#8220;Dales un aplauso&#8221; impulsat per la Confederaci\u00f3 de C\u00e0mpings del Mediterrani que va repartir 1.000 estades als c\u00e0mpings associats per agrair la implicaci\u00f3 del personal sanitari al llarg de la crisi de la Covid-19. Durant el mes de juliol, alguns dels sanitaris premiats ja han pogut gaudir d&#8217;aquest premi m\u00e9s que merescut, en diversos c\u00e0mpings de la Costa Brava i el Pirineu de Girona.<\/p>\n\n\n\n<h2 class=\"wp-block-heading\">Els c\u00e0mpings gironins ressonen als mitjans de comunicaci\u00f3<\/h2>\n\n\n\n<p>Al llarg del mes de juliol, l&#8217;ACG\u00a0i els c\u00e0mpings gironins han augmentat\u00a0substancialment\u00a0les aparicions als mitjans de comunicaci\u00f3 per tal d&#8217;informar sobre l&#8217;estat actual del sector a la poblaci\u00f3 i per altra banda, desmentir informacions falses aparegudes en mitjans internacionals que parlaven d&#8217;un suposat tancament de les fronteres amb l&#8217;Estat Espanyol. Podeu trobar el recull de premsa del mes de juliol, <a href=\"https:\/\/mcusercontent.com\/4cd03da07d133f28e26dc783d\/files\/1b960a87-63cd-4344-89d8-82a3f7f06a21\/RECULL_DE_PREMSA_JULIOL.pdf\" target=\"_blank\" rel=\"noreferrer noopener\">fent clic al seg\u00fcent enlla\u00e7<\/a>.<\/p>\n\n\n\n<h2 class=\"wp-block-heading\">Participaci\u00f3 en la taula rodona \u201cCap a un model tur\u00edstic sostenible a comarques gironines&#8221; organitzada per les CCOO<\/h2>\n\n\n\n<p>Ward Wijngaert, gerent de l&#8217;ACG va participar en la taula rodona \u201cCap a un model tur\u00edstic sostenible a comarques gironines\u201d celebrada a Lloret de Mar i organitzada per les CCOO Catalunya. La finalitat va ser\u00a0debatre la sostenibilitat del model actual\u00a0a les comarques de Girona, a m\u00e9s d\u2019aspectes m\u00e9s espec\u00edfics com l\u2019allargament dels ERTO fins a finals d\u2019any i els subsidis\u00a0per complementar la p\u00e8rdua de poder adquisitiu.<\/p>\n\n\n\n<figure class=\"wp-block-image size-large\"><img decoding=\"async\" src=\"https:\/\/acg.campingsingirona.com\/wp-content\/uploads\/2023\/04\/b5016033-3050-4a90-b861-5a8b62f08cdb.jpg\" alt=\"\" class=\"wp-image-2594\"\/><\/figure>\n\n\n\n<h2 class=\"wp-block-heading\">La FOEG premia l&#8217;ACG pel seu paper davant la pand\u00e8mia<\/h2>\n\n\n\n<p>La Patronal Gironina FOEG, ha premiat a L&#8217;ACG conjuntament amb altres entitats del sector tur\u00edstic giron\u00ed com Turisme Rural Girona, Associaci\u00f3 Tur\u00edstica d&#8217;Apartaments (ATA), la Federaci\u00f3 d&#8217;Hostaleria de les comarques gironines; i entitats del sector de la salut com l&#8217;Associaci\u00f3 d&#8217;Entitats de Salut de les comarques gironines i l&#8217;Associaci\u00f3 Gironina de Farm\u00e0cies (AGFE) pel servei i el car\u00e0cter proactiu mostrat durant els moments m\u00e9s complicats de la pand\u00e8mia. Malgrat que l&#8217;acte d&#8217;entrega dels guardons s&#8217;havia de celebrar el dia 23 de juliol, aquest ha quedat ajornat pel mes de setembre. Aix\u00ed i tot, des de la FOEG s&#8217;ha fet pal\u00e8s de la import\u00e0ncia de comptar amb un sector sanitari amb bona salut i una economia tamb\u00e9 saludable.<\/p>\n\n\n\n<h2 class=\"wp-block-heading\">C\u00e0mpings de Girona col\u00b7labora amb un estudi de la UdG per con\u00e8ixer el perfil d&#8217;autocaravanistes que viatgen a la prov\u00edncia de Girona<\/h2>\n\n\n\n<p>L&#8217;ACG\u00a0i la Universitat de Girona, col\u00b7laboren per tirar endavant un estudi que t\u00e9 per objectiu con\u00e8ixer amb detall el perfil dels usuaris que viatgen a la Costa Brava en autocaravana\u00a0o furgoneta\u00a0camperitzada. Per aquest motiu, fins a finals d&#8217;agost, un equip de recerca de la UdG realitzar\u00e0 m\u00e9s de 400 enquestes en diferents punts de la comarca i diversos c\u00e0mpings, per con\u00e8ixer les motivacions i els gustos d&#8217;un perfil de turista que aposta per la llibertat.<\/p>\n","protected":false},"excerpt":{"rendered":"<p>Els c\u00e0mpings gironins pendents de l&#8217;evoluci\u00f3 de la pand\u00e8mia Despr\u00e9s d&#8217;un mes de juliol amb les mirades posades en l&#8217;evoluci\u00f3 de la pand\u00e8mia de la Covid-19 i les mesures sanit\u00e0ries aplicades a cada punt del pa\u00eds, l&#8217;ocupaci\u00f3 dels c\u00e0mpings gironins s&#8217;ha mantingut entre un 30 i un 40%, una difer\u00e8ncia molt notable en comparaci\u00f3 a [&hellip;]<\/p>\n","protected":false},"author":1,"featured_media":97662,"comment_status":"closed","ping_status":"open","sticky":false,"template":"","format":"standard","meta":{"_acf_changed":false,"footnotes":""},"categories":[],"tags":[],"class_list":["post-97661","post","type-post","status-publish","format-standard","has-post-thumbnail","hentry"],"acf":[],"_links":{"self":[{"href":"https:\/\/acg.campingsingirona.com\/ca\/wp-json\/wp\/v2\/posts\/97661","targetHints":{"allow":["GET"]}}],"collection":[{"href":"https:\/\/acg.campingsingirona.com\/ca\/wp-json\/wp\/v2\/posts"}],"about":[{"href":"https:\/\/acg.campingsingirona.com\/ca\/wp-json\/wp\/v2\/types\/post"}],"author":[{"embeddable":true,"href":"https:\/\/acg.campingsingirona.com\/ca\/wp-json\/wp\/v2\/users\/1"}],"replies":[{"embeddable":true,"href":"https:\/\/acg.campingsingirona.com\/ca\/wp-json\/wp\/v2\/comments?post=97661"}],"version-history":[{"count":1,"href":"https:\/\/acg.campingsingirona.com\/ca\/wp-json\/wp\/v2\/posts\/97661\/revisions"}],"predecessor-version":[{"id":104121,"href":"https:\/\/acg.campingsingirona.com\/ca\/wp-json\/wp\/v2\/posts\/97661\/revisions\/104121"}],"wp:featuredmedia":[{"embeddable":true,"href":"https:\/\/acg.campingsingirona.com\/ca\/wp-json\/wp\/v2\/media\/97662"}],"wp:attachment":[{"href":"https:\/\/acg.campingsingirona.com\/ca\/wp-json\/wp\/v2\/media?parent=97661"}],"wp:term":[{"taxonomy":"category","embeddable":true,"href":"https:\/\/acg.campingsingirona.com\/ca\/wp-json\/wp\/v2\/categories?post=97661"},{"taxonomy":"post_tag","embeddable":true,"href":"https:\/\/acg.campingsingirona.com\/ca\/wp-json\/wp\/v2\/tags?post=97661"}],"curies":[{"name":"wp","href":"https:\/\/api.w.org\/{rel}","templated":true}]}}