{"id":97652,"date":"2020-05-31T00:00:00","date_gmt":"2020-05-31T00:00:00","guid":{"rendered":"https:\/\/acg.campingsingirona.com\/en\/blog\/les-noticies-del-mes-de-maig-2020\/"},"modified":"2023-10-18T09:04:39","modified_gmt":"2023-10-18T09:04:39","slug":"les-noticies-del-mes-de-maig-2020","status":"publish","type":"post","link":"https:\/\/acg.campingsingirona.com\/ca\/les-noticies-del-mes-de-maig-2020\/","title":{"rendered":"Les not\u00edcies del mes de maig 2020"},"content":{"rendered":"\n<h2 class=\"wp-block-heading\">El Govern central marca la nova normativa del sector<\/h2>\n\n\n\n<p>Una de les not\u00edcies m\u00e9s esperades a principi de maig, va ser la publicaci\u00f3 per part del govern central, la normativa que han de complir els establiments tur\u00edstics per a poder comen\u00e7ar la temporada. Les obligacions descrites a la normativa donen una possible visi\u00f3 de com ser\u00e0 la temporada operativament. Les normes en q\u00fcesti\u00f3 van sortir publicades al BOE el passat 9 de maig fent refer\u00e8ncia a la flexibilitzaci\u00f3 del confinament a la primera fase. El dia 16 del mateix mes, es va detallar la normativa que s&#8217;aplicar\u00e0 un cop s&#8217;inici\u00ef la segona fase. Pel que fa a les normes d&#8217;acompliment m\u00ednim i obligatori, aquestes posen \u00e8mfasi en diversos punts: Mesures sanit\u00e0ries per treballadors, d&#8217;higiene en els establiments, mesures espec\u00edfiques per a cada sector i limitacions d&#8217;aforament segons cada fase. Per a m\u00e9s informaci\u00f3, podeu consultar les <a href=\"https:\/\/www.boe.es\/diario_boe\/\" target=\"_blank\" rel=\"noreferrer noopener\">publicacions al BOE<\/a>.&nbsp;<\/p>\n\n\n\n<h2 class=\"wp-block-heading\">Cobertures de la p\u00f2lissa de Responsabilitat Civil en el marc de la Covid-19<\/h2>\n\n\n\n<p>Des d\u2019Assegurances Llort Tarradas, col\u00b7laborador de l&#8217;ACG, aclareix als assegurats l\u2019abast de les cobertures de la p\u00f2lissa de Responsabilitat Civil, en el suposat cas que un client o un treballador presenti una reclamaci\u00f3 per haver-se infectat a l\u2019interior d\u2019alguna de les nostres instal\u00b7lacions. Tot i aix\u00f2, aquest \u00e9s un fet complicat i encara m\u00e9s dif\u00edcil de demostrar. Per saber-ne m\u00e9s, aqu\u00ed us deixem <a href=\"\/?p=2459\" target=\"_blank\" rel=\"noreferrer noopener\">la not\u00edcia sencera<\/a>.<\/p>\n\n\n\n<h2 class=\"wp-block-heading\">L&#8217;ICTE recomana elaborar un pla de conting\u00e8ncia intern<\/h2>\n\n\n\n<p>Els protocols espec\u00edfics de l&#8217;Institut de Qualitat Tur\u00edstica Espanyola (ICTE) s\u00f3n una guia de recomanacions complement\u00e0ries a la normativa m\u00ednima obligat\u00f2ria anunciada al BOE. Aquestes guies espec\u00edfiques enfocades a cada subsector tur\u00edstic, recomanen disposar d&#8217;un pla de conting\u00e8ncia \u00fanic per a cada establiment, per tal d&#8217;especificar el nou funcionament de cada c\u00e0mping i dels seus departaments. \u00c9s important disposar d&#8217;aquest document intern, ja que facilitar\u00e0 la comunicaci\u00f3 als empleats i als clients sobre les noves normatives internes de l&#8217;establiment. A m\u00e9s, servir\u00e0 de gui\u00f3 a la direcci\u00f3 per minimitzar els riscos de contagi del virus a l&#8217;interior de les instal\u00b7lacions dels c\u00e0mpings. <a href=\"https:\/\/calidadturisticahoy.es\/ESP\/m\/36\/1391\/general\/Inicio\/Guias-para-la-reduccion-del-contagio-por-el-coronavirus-SARS-CoV-2-en-el-sector-turistico\" target=\"_blank\" rel=\"noreferrer noopener\">Podeu consultar les recomanacions de l&#8217;ICTE aqu\u00ed.<\/a><\/p>\n\n\n\n<h2 class=\"wp-block-heading\">Els campistes estrangers no podran arribar fins a principis de juliol<\/h2>\n\n\n\n<p>El president S\u00e1nchez ha anunciat que l&#8217;1 de juliol ser\u00e0 la data d&#8217;obertura de les fronteres als turistes estrangers, fet que suposar\u00e0 l&#8217;aixecament de la quarantena obligat\u00f2ria per a tots els visitants estrangers. Des del sector del c\u00e0mping es considera primordial poder rebre turistes estrangers per poder obrir els establiments al cent per cent. Pel que fa als campistes nacionals que no visquin a la prov\u00edncia, podran fer estades als c\u00e0mpings gironins a partir de la nova normalitat que est\u00e0 programada, pel dilluns 29 juny. Els campistes barcelonins s\u00f3n els m\u00e9s perjudicats, ja que no podran abandonar la seva regi\u00f3 sanit\u00e0ria fins a comen\u00e7ament de juliol.<\/p>\n\n\n\n<h2 class=\"wp-block-heading\">ACG impulsa el projecte *We Care<\/h2>\n\n\n\n<p>A trav\u00e9s del projecte *WeCare, l&#8217;Associaci\u00f3 de C\u00e0mpings de Girona enfoca el que ser\u00e0 la nova normalitat. El projecte consta de 2 objectius, treballar pel retorn a la normalitat dels c\u00e0mpings gironins i per la recuperaci\u00f3 de la confian\u00e7a dels campistes. Per tal de complir amb els objectius del projecte, des de l&#8217;ACG estem treballant amb dues campanyes: Per una banda s&#8217;est\u00e0 duent a terme un assessorament personalitzat on l&#8217;Associaci\u00f3 est\u00e0 visitant de manera personalitzada a cada associat, per resoldre dubtes i respondre preguntes respecte a l&#8217;aplicaci\u00f3 dels protocols obligatoris i voluntaris del Govern central. Pel que fa a la difusi\u00f3 de la campanya *WeCare, es visualitza a trav\u00e9s d&#8217;un vehicle corporatiu i retolat que fa visites a tots els c\u00e0mpings amb la intenci\u00f3 de comunicar de mica en mica, el retorn a la normalitat. Al mateix temps, es treballa amb una campanya de promoci\u00f3 on-line on s&#8217;ha dissenyat una estrat\u00e8gia de promoci\u00f3 dels c\u00e0mpings gironins per reanimar les reserves. Aquesta campanya de la mateixa Associaci\u00f3 es posa a disposici\u00f3 dels associats per compartir les conclusions i els raonaments de cada decisi\u00f3 de promoci\u00f3. D&#8217;aquesta manera volem facilitar les promocions a cada c\u00e0mping i pretenem anar alineats en la mateixa direcci\u00f3 per poder projectar una imatge homog\u00e8nia i unificada dels c\u00e0mpings gironins.<\/p>\n\n\n\n<figure class=\"wp-block-image size-large\"><img decoding=\"async\" src=\"https:\/\/acg.campingsingirona.com\/wp-content\/uploads\/2023\/04\/f8d3bd5b-fefa-483f-9bca-77c42692d5f7.png\" alt=\"\" class=\"wp-image-2578\"\/><\/figure>\n\n\n\n<h2 class=\"wp-block-heading\">La CCM desplega una l\u00ednia de formaci\u00f3 espec\u00edfica<\/h2>\n\n\n\n<p>A causa de la confusi\u00f3 i m\u00faltiples consultes entre els c\u00e0mpings associats de Catalunya i el Pa\u00eds Valenci\u00e0 es va decidir habilitar diverses sessions de webinars formatius des de l&#8217;entitat que representa als c\u00e0mpings del Mediterrani. En total l&#8217;ACG va participar a 3 formacions telem\u00e0tiques enfocades a parlar de les normes obligat\u00f2ries, de les recomanacions de l&#8217;ICTE aplicades al sector c\u00e0mping i de l&#8217;aplicaci\u00f3 de les \u00faltimes novetats respecte als ERTO al sector tur\u00edstic. Podeu tornar a veure les formacions al <a href=\"https:\/\/www.youtube.com\/channel\/UC_GTQs5NFGcmIjgQxlaiZaA\" target=\"_blank\" rel=\"noreferrer noopener\">canal de YouTube de la Confederaci\u00f3 de C\u00e0mpings del Mediterrani<\/a>.<\/p>\n\n\n\n<h2 class=\"wp-block-heading\">El Minsteri de Treball aplica canvis legals als ERTO<\/h2>\n\n\n\n<p>Les darreres novetats respecte als ERTO han estat publicades al RD-Llei 18\/2020, de 12 de maig, que explica les mesures socials en defensa del treball, a m\u00e9s de la Instrucci\u00f3 11\/2020 de 14 de maig de 2020 de la Secretaria General en qu\u00e8 es tracten els procediments administratius per a la tramitaci\u00f3 d&#8217;expedients d&#8217;ocupaci\u00f3 de regulaci\u00f3 temporal, derivats de causes de for\u00e7a major. Per \u00faltim, al Reial Decret Llei 8\/2020 de 17 de mar\u00e7 del 2020, es tracten les mesures urgents i extraordin\u00e0ries per fer front a l&#8217;impacte social i econ\u00f2mic de la COVID-19.<\/p>\n\n\n\n<h2 class=\"wp-block-heading\">L\u2019ACG impulsa reunions obertes setmanals durant el mes de maig<\/h2>\n\n\n\n<p>Al llarg del mes de maig, cada dijous a les 18:00 h, des de l&#8217;ACG hem celebrat reunions informatives i peri\u00f2diques amb tots els c\u00e0mpings associats per a poder aclarir dubtes respecte a les novetats de l&#8217;actualitat. El format de les reunions va aportar una alta participaci\u00f3, en concret van participar activament el 80% dels c\u00e0mpings associats. En el transcurs de les reunions, es va comptar amb la pres\u00e8ncia de representants d&#8217;ACSI, ANWB, ADAC o personalitats del sector tur\u00edstic com Marian Muro, entre altres. Pel que fa al mes de juny, no se seguir\u00e0 amb les reunions, ja que es centraran tots els esfor\u00e7os en la reobertura dels c\u00e0mpings gironins.<\/p>\n\n\n\n<h2 class=\"wp-block-heading\">ACSI ofereix serveis gratu\u00efts a tots els c\u00e0mpings<\/h2>\n\n\n\n<p>L&#8217;intermediari ACSI, conegut com l&#8217;ACSI Card que fixa preu est\u00e0ndard durant la temporada baixa per la majoria del turista s\u00e8nior europeu, ha decidit oferir la seva plataforma de reserves sense comissions als c\u00e0mpings europeus, a la vegada que tamb\u00e9 posa a disposici\u00f3 la seva oferta de publicitat digital en el seu portal &#8220;asci.eu&#8221;. Per altra banda avancem, que per l&#8217;any 2021 faran costat als c\u00e0mpings europeus amb tractes avantatjosos pel que fa a reserves i publicitat. Per con\u00e8ixer els detalls podeu contactar amb el representant estatal Servitur Heinze.<\/p>\n\n\n\n<h2 class=\"wp-block-heading\">Bones pr\u00e0ctiques d&#8217;higiena a c\u00e0mping Riembau<\/h2>\n\n\n\n<p>L&#8217;empresa col\u00b7laboradora Dibosch, ens mostra en <a href=\"https:\/\/www.youtube.com\/watch?v=pfthDCYNJJw)\" target=\"_blank\" rel=\"noreferrer noopener\">aquest v\u00eddeo<\/a> gravat al c\u00e0mping Riembau, el ventall de solucions de neteja i desinfecci\u00f3 professional que ofereix per a c\u00e0mpings.<\/p>\n\n\n\n<h2 class=\"wp-block-heading\">ACG tanca col\u00b7laboraci\u00f3 amb BioTecnal S.L<\/h2>\n\n\n\n<p>Biotecnal \u00e9s un laboratori industrial l\u00edder en el seu sector, amb m\u00e9s de 40 anys d&#8217;experi\u00e8ncia oferint serveis integrals en l&#8217;assegurament de la qualitat, en el sector alimentari, instal\u00b7lacions tur\u00edstiques, hostaleria i restauraci\u00f3. A partir d&#8217;aquest mes de maig, ser\u00e0 el col\u00b7laborador de confian\u00e7a per la certificaci\u00f3 dels plans de conting\u00e8ncia COVID-19 i de les an\u00e0lisis alimentaris, d&#8217;aigua, de superf\u00edcie, entre d&#8217;altres. Per con\u00e8ixer m\u00e9s detalls <a href=\"\/?p=2480\" target=\"_blank\" rel=\"noreferrer noopener\">pots llegir la not\u00edcia sencera aqu\u00ed<\/a>.<\/p>\n\n\n\n<h2 class=\"wp-block-heading\">S&#8217;aplica una morat\u00f2ria per als socorristes que no estiguin registrats al ROPEC<\/h2>\n\n\n\n<p>La Generalitat aplica una morat\u00f2ria a l&#8217;obligatorietat que els socorristes hagin d&#8217;estar registrats al ROPEC fins al 30 de setembre del 2020. Per tant, en cas que Dipsalut faci una inspecci\u00f3 i els professionals no presentin el ROPEC no comportar\u00e0 cap sanci\u00f3 administrativa. Aix\u00f2 no obstant, si hi hagu\u00e9s un accident greu a la piscina, comportaria conseq\u00fc\u00e8ncies penals per no estar registrat al ROPEC.<\/p>\n","protected":false},"excerpt":{"rendered":"<p>El Govern central marca la nova normativa del sector Una de les not\u00edcies m\u00e9s esperades a principi de maig, va ser la publicaci\u00f3 per part del govern central, la normativa que han de complir els establiments tur\u00edstics per a poder comen\u00e7ar la temporada. Les obligacions descrites a la normativa donen una possible visi\u00f3 de com [&hellip;]<\/p>\n","protected":false},"author":1,"featured_media":97653,"comment_status":"closed","ping_status":"open","sticky":false,"template":"","format":"standard","meta":{"_acf_changed":false,"footnotes":""},"categories":[],"tags":[],"class_list":["post-97652","post","type-post","status-publish","format-standard","has-post-thumbnail","hentry"],"acf":[],"_links":{"self":[{"href":"https:\/\/acg.campingsingirona.com\/ca\/wp-json\/wp\/v2\/posts\/97652","targetHints":{"allow":["GET"]}}],"collection":[{"href":"https:\/\/acg.campingsingirona.com\/ca\/wp-json\/wp\/v2\/posts"}],"about":[{"href":"https:\/\/acg.campingsingirona.com\/ca\/wp-json\/wp\/v2\/types\/post"}],"author":[{"embeddable":true,"href":"https:\/\/acg.campingsingirona.com\/ca\/wp-json\/wp\/v2\/users\/1"}],"replies":[{"embeddable":true,"href":"https:\/\/acg.campingsingirona.com\/ca\/wp-json\/wp\/v2\/comments?post=97652"}],"version-history":[{"count":1,"href":"https:\/\/acg.campingsingirona.com\/ca\/wp-json\/wp\/v2\/posts\/97652\/revisions"}],"predecessor-version":[{"id":104119,"href":"https:\/\/acg.campingsingirona.com\/ca\/wp-json\/wp\/v2\/posts\/97652\/revisions\/104119"}],"wp:featuredmedia":[{"embeddable":true,"href":"https:\/\/acg.campingsingirona.com\/ca\/wp-json\/wp\/v2\/media\/97653"}],"wp:attachment":[{"href":"https:\/\/acg.campingsingirona.com\/ca\/wp-json\/wp\/v2\/media?parent=97652"}],"wp:term":[{"taxonomy":"category","embeddable":true,"href":"https:\/\/acg.campingsingirona.com\/ca\/wp-json\/wp\/v2\/categories?post=97652"},{"taxonomy":"post_tag","embeddable":true,"href":"https:\/\/acg.campingsingirona.com\/ca\/wp-json\/wp\/v2\/tags?post=97652"}],"curies":[{"name":"wp","href":"https:\/\/api.w.org\/{rel}","templated":true}]}}