{"id":97651,"date":"2020-04-30T00:00:00","date_gmt":"2020-04-30T00:00:00","guid":{"rendered":"https:\/\/acg.campingsingirona.com\/en\/blog\/les-noticies-del-mes-dabril-2020\/"},"modified":"2023-10-18T09:04:38","modified_gmt":"2023-10-18T09:04:38","slug":"les-noticies-del-mes-dabril-2020","status":"publish","type":"post","link":"https:\/\/acg.campingsingirona.com\/ca\/les-noticies-del-mes-dabril-2020\/","title":{"rendered":"Les not\u00edcies del mes d&#8217;abril 2020"},"content":{"rendered":"\n<h2 class=\"wp-block-heading\">S&#8217;anuncia el calendari de desconfinament&nbsp;<\/h2>\n\n\n\n<p>Els c\u00e0mpings catalans valoren positivament que el Govern espanyol hagi fet&nbsp;p\u00fablic el pla de desescalada del confinament&nbsp;per\u00f2 lamenten la gran incertesa que provoca i mantenen que falten moltes respostes. Des del sector s\u2019est\u00e0 analitzant el document i s\u2019adverteix que&nbsp;calen concretar molts detalls. D\u2019entrada, la Federaci\u00f3 Catalana de C\u00e0mpings considera que la informaci\u00f3 que hi ha en aquests moments sobre el pla no \u00e9s prou clara i precisa.&nbsp;S\u2019est\u00e0 a l\u2019espera de con\u00e8ixer els serrells de la nova normativa ja que aix\u00ed es podran&nbsp;oferir els serveis amb absoluta garantia i seguretat, tant per als clients com per als treballadors. <a href=\"\/?p=2451\" target=\"_blank\" rel=\"noreferrer noopener\">Llegir tot l&#8217;article aqui<\/a>.&nbsp;<\/p>\n\n\n\n<h2 class=\"wp-block-heading\">Sector c\u00e0mping catal\u00e0 presenta el seu llistat de prioritats:<\/h2>\n\n\n\n<p>Despr\u00e9s de les setmanes d&#8217;incertesa i novetats legislatives continues, ara s&#8217;ha pogut redactar les bases d&#8217;una recuperaci\u00f3 del sector c\u00e0mping. Els representants provincials van consensuar un gui\u00f3 de prioritats pel c\u00e0mping catal\u00e0 per aix\u00ed tenir un discurs unificat davant les administracions implicades. A dia d&#8217;avui, el llistat en q\u00fcesti\u00f3 ha estat presentat al M. Hble president de la Generalitat de Catalunya, sr. Quim Torra (via PIMEC); a la Secretaria del Estado de Turisme del Ministeri d&#8217;Industria, Comer\u00e7 i Turisme, sra. Isabel Maria Oliver (via Confederaci\u00f3 de C\u00e0mpings del Mediterr\u00e0ni) i directament a l&#8217;Il\u00b7ltre. Sr. Joan Capdevila, diputat del Congr\u00e9s dels Diputats i actual president de la Comissi\u00f3 d&#8217;Industria, Comer\u00e7 i Turisme.<\/p>\n\n\n\n<h2 class=\"wp-block-heading\">Mahou &#8211; San Miguel aposta per una ajuda privada a l&#8217;hostaleria:<\/h2>\n\n\n\n<p>La cervesera Mahou &#8211; San Miguel ofereix mesures d&#8217;ajuda al sector d&#8217;hostaleria, tamb\u00e9 als bars i restaurants dels c\u00e0mpings. Per una banda ofereixen substituir els barrils comprats a l&#8217;inici de l&#8217;Estat d&#8217;alarma i fan entrega gratu\u00efta d&#8217;un barril de cervesa per cada sortidor conectat. A m\u00e9s, proveeixen aigues de consum setmanal perqu\u00e8 l&#8217;establiment comercialitzar-ho de franc. Per poder gaudir de l&#8217;ajuda cal contactar amb el nostre distribuidor oficial de San Miguel al sector c\u00e0mping, Grup Dibesa &#8211; Darn\u00e9s.<\/p>\n\n\n\n<h2 class=\"wp-block-heading\">Repsol&nbsp;But\u00e0 segueix un any m\u00e9s al costat de l&#8217;Associaci\u00f3<\/h2>\n\n\n\n<p>C\u00e0mpings de Girona renova, un cop m\u00e9s, el comprom\u00eds amb el seu patrocinador Premium, Repsol But\u00e0. El subministrador oficial de gas but\u00e0 de l&#8217;ACG ha fet un v\u00eddeo d&#8217;homenatge als repartidors, els qui demostren l&#8217;esfor\u00e7 i comprom\u00eds diari amb la societat. <a href=\"\/?p=2420\" target=\"_blank\" rel=\"noreferrer noopener\">Per a veure el v\u00eddeo cliqueu aqu\u00ed<\/a>.<\/p>\n\n\n\n<h2 class=\"wp-block-heading\">La Direcci\u00f3 General de Turisme inicia la redacci\u00f3 dels protocols sanitaris pel&nbsp;sector turisme<\/h2>\n\n\n\n<p>S\u2019est\u00e0 treballant en la definici\u00f3 d\u2019un protocol dirigit a establiments tur\u00edstics per garantir la&nbsp;&nbsp;salubritat i la seguretat de clients, treballadors i prove\u00efdors amb l\u2019acompanyament d\u2019una empresa especialitzada i de prestigi reconegut.&nbsp;&nbsp;Un protocol que ser\u00e0 implementat pels diferents establiments i que podr\u00e0 ser verificat en el seu correcte compliment. Aquesta actuaci\u00f3 \u00e9s una mesura que resp\u00f2n a una petici\u00f3 expl\u00edcita feta des del sector i que ha d\u2019ajudar a recuperar la confian\u00e7a dels clients potencials una vegada es reactivi l&#8217;activitat. A tal efecte hi ha&nbsp;6 grups de treball (hotels, c\u00e0mpings, turisme rural, HUTs, restaurants i un darrer anomenat \u201caltres\u201d&nbsp;per donar cobertura a una muni\u00f3 d\u2019activitats del sector). Cada associaci\u00f3 provincial de c\u00e0mping ha assignat un responsable per poder coordinar aquest grup de treball conjuntament amb la DGT.<\/p>\n\n\n\n<h2 class=\"wp-block-heading\">Els c\u00e0mpings gironins demostren la seva solidaritat<\/h2>\n\n\n\n<p>Els c\u00e0mpings gironins regalen 300 estades d\u2019una setmana al personal sanitari en agra\u00efment a l\u2019exemplar comportament dels equips dels hospitals i centres sanitaris davant la pand\u00e8mia del Covid-19. La iniciativa, que s\u2019emmarca en la campanya \u201cDales Un Aplauso\u201d (@dalesunaplauso), est\u00e0 coordinada per la Confederaci\u00f3 de C\u00e0mpings del Mediterrani (CCM), de la qual forma part l\u2019Associaci\u00f3 de C\u00e0mpings de Girona. D\u2019altra banda, els c\u00e0mpings gironins han donat 30 tauletes als hospitals Josep Trueta de Girona i Santa Caterina de Salt,&nbsp;per tal de facilitar la comunicaci\u00f3 entre els pacients ingressats&nbsp;i els seus familiars tenint en compte les estrictes mesures d\u2019a\u00efllament dels malalts. Aquest sistema tamb\u00e9 permetr\u00e0 que els professionals sanitaris&nbsp;es puguin comunicar amb els pacients sense haver d\u2019entrar a l\u2019habitaci\u00f3 en els casos que no sigui d&#8217;urg\u00e8ncia. Aquesta acci\u00f3 ha estat coordinada per l\u2019AENTEG (Associaci\u00f3 d\u2019Empreses de Noves Tecnologies de Girona) i la Cambra de Comer\u00e7 de Girona, en resposta a la crida que s\u2019ha fet els \u00faltims dies des dels dos hospitals gironins. <a href=\"\/?p=2384\" target=\"_blank\" rel=\"noreferrer noopener\">Aqu\u00ed trobareu m\u00e9s informaci\u00f3<\/a>.&nbsp;<\/p>\n\n\n\n<h2 class=\"wp-block-heading\">La FCC organitza webinars espec\u00edfics pel sector c\u00e0mping&nbsp;<\/h2>\n\n\n\n<p>Despr\u00e9s del primer webinar celebrat el passat 15 d\u2019Abril on es parlava d&#8217;un possible pitjor escenari (no obrir)&nbsp;i de quines son les realitats legals i empresarials de la m\u00e1 de la multinacional Price Waterhouse Cooper. La segona sessi\u00f3 es va voler difondre optimisme&nbsp;davant&nbsp;la dif\u00edcil vigent temporada, tot i aix\u00ed, es tenien en compte els escenaris realistes plantejats per els aconteixements actuals.&nbsp;El passat dijous 30 d\u2019abril es va celebrar una sessi\u00f3 en 2 parts; per una banda, el bi\u00f2leg&nbsp;Guillermo Garcia parlava sobre el benefici de l&#8217;estiu davant dels futurs contagis&nbsp;i per l&#8217;altra, el&nbsp;guru d\u2019estrat\u00e8gies de preu i CEO de <a href=\"https:\/\/www.bedsrevenue.com\" target=\"_blank\" rel=\"noreferrer noopener\">Bedsrevenue.com<\/a>,&nbsp;Chema Herrero, presentava el&nbsp;perill d\u2019una guerra de preus i l\u2019arribada definitiva de preus flexibles (revenue management) al sector c\u00e0mping.&nbsp;<\/p>\n\n\n\n<h2 class=\"wp-block-heading\">La Taula Gironina de Turisme segueix amb els debats tur\u00edstics&nbsp;<\/h2>\n\n\n\n<p>L&#8217;entitat de representaci\u00f3 tur\u00edstica proposa un seguit de debats turistics adaptats a la situaci\u00f3 actual i transformant-se&nbsp;cap a un format digital (webinar)&nbsp;amb contingut coherent amb l&#8217;al\u00e7ada de la crisis turistica. De manera regular, cada dijous a les 12.00h, s&#8217;ha radiografiat l&#8217;actualitat del turisme giron\u00ed arrel de la crisi del COVID-19:&nbsp;les conseq\u00fc\u00e8ncies, dades econ\u00f2miques, l&#8217;impacte a l&#8217;oferta de les activitats tur\u00edstiques de dest\u00ed i el disseny de protocols per l&#8217;estiu 2020. En cadascun d&#8217;aquests temes&nbsp;han intervingut professionals privats, experts acad\u00e8mics i responsables pol\u00edtics per donar la visi\u00f3 completa, t\u00e8cnica i professional per tal de&nbsp;respondre a algunes preguntes dels assistents els quals&nbsp;connecten via Zoom &amp; Youtube.<\/p>\n\n\n\n<h2 class=\"wp-block-heading\">C\u00e0mping Illa Mateua, un any m\u00e9s:&nbsp;solidaris&nbsp;<\/h2>\n\n\n\n<p>Per setz\u00e8 any consecutiu, ens trobem novament per a dur a terme&nbsp;l\u2019acte de l&#8217;aportaci\u00f3 solid\u00e0ria del c\u00e0mping escalenc. Aquest, per\u00f2, ser\u00e0 molt diferent degut a les circumst\u00e0ncies que estem vivint.&nbsp;Tal i com ja va fer l\u2019 any passat, el c\u00e0mping Illa Mateua ha apostat per seguir col\u00b7laborant amb el seu entorn i quina millor forma que a trav\u00e9s de C\u00c0RITAS DIOCESANA DE L\u2019ESCALA (entitat que vetlla per ajudar als m\u00e9s desfavorits i realitza una gran tasca social al municipi de l&#8217;Escala). La quantitat ser\u00e0 de 20.000\u20ac i aniran destinats als col\u00b7lectius m\u00e9s vulnerables que l\u2019entitat cregui convenient. Entre aquests col\u00b7lectius cal destacar la gent gran,&nbsp;un grup pel que sentim gran sensibilitat sobretot en temps com aquests. <a href=\"\/?p=2445\" target=\"_blank\" rel=\"noreferrer noopener\">Llegir tot l&#8217;article aqu\u00ed<\/a>.<\/p>\n\n\n\n<h2 class=\"wp-block-heading\">Els c\u00e0mpings i el coronavirus segons Tematic Arquitectura<\/h2>\n\n\n\n<p>El despatx d&#8217;arquitectura especialitzada en el sector c\u00e0mping publica un article d&#8217;opini\u00f3 sobre els avantatges del sector&nbsp;en l&#8217;escenari&nbsp;&#8220;turisme post-covid19&#8221;. Rafa Trumallas, ens presenta una visi\u00f3 optimista on el sector c\u00e0mping pot jugar un paper rellevant en la salut dels turistes, un factor que ser\u00e0 priorit\u00e0ri en un m\u00f3n post-covid19. Per llegir l&#8217;article d&#8217;opini\u00f3 <a href=\"\/?p=2433\" target=\"_blank\" rel=\"noreferrer noopener\">cliqueu aqui<\/a>.&nbsp;&nbsp;<\/p>\n\n\n\n<h2 class=\"wp-block-heading\">Energy Tools segueix com a assessor oficial energ\u00e8tic&nbsp;<\/h2>\n\n\n\n<p>La consultora energ\u00e8tica gironina Energy Tools, actualment assessora&nbsp;la majoria dels c\u00e0mpings de Girona en la reducci\u00f3 de les pot\u00e8ncies electriques i altres mesures que contribueixen a l&#8217;estalvi energ\u00e8tic&nbsp;durant l&#8217;estat d&#8217;alarma. El darrer Real Decret 11\/2020 del 31 de mar\u00e7, va contemplar possibilitats de canvis de pot\u00e8ncia per poder estalviar despeses el\u00e8ctriques i per&nbsp;facilitar la baixa temporal del subministrament si aix\u00ed l&#8217;establiment ho desitja. Per l&#8217;assessorament t\u00e8cnic en aquests tr\u00e0mits poden contactar amb Joan Castro, Key Account Manager d&#8217;Energy Tools.<\/p>\n","protected":false},"excerpt":{"rendered":"<p>S&#8217;anuncia el calendari de desconfinament&nbsp; Els c\u00e0mpings catalans valoren positivament que el Govern espanyol hagi fet&nbsp;p\u00fablic el pla de desescalada del confinament&nbsp;per\u00f2 lamenten la gran incertesa que provoca i mantenen que falten moltes respostes. Des del sector s\u2019est\u00e0 analitzant el document i s\u2019adverteix que&nbsp;calen concretar molts detalls. D\u2019entrada, la Federaci\u00f3 Catalana de C\u00e0mpings considera que [&hellip;]<\/p>\n","protected":false},"author":1,"featured_media":0,"comment_status":"closed","ping_status":"open","sticky":false,"template":"","format":"standard","meta":{"_acf_changed":false,"footnotes":""},"categories":[],"tags":[],"class_list":["post-97651","post","type-post","status-publish","format-standard","hentry"],"acf":[],"_links":{"self":[{"href":"https:\/\/acg.campingsingirona.com\/ca\/wp-json\/wp\/v2\/posts\/97651","targetHints":{"allow":["GET"]}}],"collection":[{"href":"https:\/\/acg.campingsingirona.com\/ca\/wp-json\/wp\/v2\/posts"}],"about":[{"href":"https:\/\/acg.campingsingirona.com\/ca\/wp-json\/wp\/v2\/types\/post"}],"author":[{"embeddable":true,"href":"https:\/\/acg.campingsingirona.com\/ca\/wp-json\/wp\/v2\/users\/1"}],"replies":[{"embeddable":true,"href":"https:\/\/acg.campingsingirona.com\/ca\/wp-json\/wp\/v2\/comments?post=97651"}],"version-history":[{"count":2,"href":"https:\/\/acg.campingsingirona.com\/ca\/wp-json\/wp\/v2\/posts\/97651\/revisions"}],"predecessor-version":[{"id":104118,"href":"https:\/\/acg.campingsingirona.com\/ca\/wp-json\/wp\/v2\/posts\/97651\/revisions\/104118"}],"wp:attachment":[{"href":"https:\/\/acg.campingsingirona.com\/ca\/wp-json\/wp\/v2\/media?parent=97651"}],"wp:term":[{"taxonomy":"category","embeddable":true,"href":"https:\/\/acg.campingsingirona.com\/ca\/wp-json\/wp\/v2\/categories?post=97651"},{"taxonomy":"post_tag","embeddable":true,"href":"https:\/\/acg.campingsingirona.com\/ca\/wp-json\/wp\/v2\/tags?post=97651"}],"curies":[{"name":"wp","href":"https:\/\/api.w.org\/{rel}","templated":true}]}}