{"id":97645,"date":"2020-08-19T00:00:00","date_gmt":"2020-08-19T00:00:00","guid":{"rendered":"https:\/\/acg.campingsingirona.com\/en\/blog\/els-campings-gironins-reforcen-la-campanya-camping-solidari-amb-diferents-accions-altruistes\/"},"modified":"2023-10-18T09:04:35","modified_gmt":"2023-10-18T09:04:35","slug":"els-campings-gironins-reforcen-la-campanya-camping-solidari-amb-diferents-accions-altruistes","status":"publish","type":"post","link":"https:\/\/acg.campingsingirona.com\/ca\/els-campings-gironins-reforcen-la-campanya-camping-solidari-amb-diferents-accions-altruistes\/","title":{"rendered":"Els c\u00e0mpings gironins reforcen la campanya \u201cc\u00e0mping solidari\u201d amb diferents accions altruistes"},"content":{"rendered":"\n<p>Despr\u00e9s del gran \u00e8xit de participaci\u00f3 de l\u2019estiu passat, els c\u00e0mpings gironins han mantingut i refor\u00e7at aquesta temporada la campanya \u201c<strong><em>c\u00e0mping solidari\u201d<\/em><\/strong> que es du a terme en col\u00b7laboraci\u00f3 amb el Banc de Sang i Teixits de Girona, l\u2019Associaci\u00f3 \u201cPolseres Candela\u201d que lluita contra el c\u00e0ncer infantil, i la Fundaci\u00f3 Esclerosi M\u00faltiple.<\/p>\n\n\n\n<p>L\u2019objectiu&nbsp; de la iniciativa \u00e9s, seguint el fil de la campanya iniciada l\u2019any passat, que els establiments i els seus visitants continu\u00efn implicant-se en diferents causes socials que reverteixen en el conjunt de la ciutadania. &nbsp;<\/p>\n\n\n\n<p>Aix\u00ed, per una banda,&nbsp; durant aquest mes d\u2019agost diversos establiments han participat en la campanya #<em>etsIMPRESCINDIBLE<\/em>&nbsp; del Banc de Sang i Teixits per pal\u00b7liar el descens de donacions de sang que sol ser habitual en els mesos d\u2019estiu. Cal tenir en compte que les necessitats de sang s\u00f3n m\u00e9s elevades de l\u2019habitual en aquesta \u00e8poca de l\u2019any per la represa de les operacions ajornades durant la pand\u00e8mia i que durant l\u2019estiu les donacions baixen a tot Catalunya al voltant del 30%.<\/p>\n\n\n\n<p>Per altra banda, durant el mes de juliol diversos c\u00e0mpings gironins han participat en els tallers \u201cPolseres Candela\u201d organitzat per l\u2019empresa GAP Serveis Tur\u00edstics per tal de recaptar fons per a la investigaci\u00f3 contra el c\u00e0ncer infantil a l\u2019Hospital Sant Joan de D\u00e9u de Barcelona.&nbsp; I, per \u00faltim, els c\u00e0mpings gironins han col\u00b7laborat en les jornades Mulla\u2019t per l\u2019Esclerosi M\u00faltiple venent marxandatge de la fundaci\u00f3 i organitzant la remullada conjunta&nbsp; a les piscines dels establiments.<\/p>\n\n\n\n<p>L\u2019Associaci\u00f3 de C\u00e0mpings de Girona destaca que \u201c<em>els c\u00e0mpings gironins han decidit aportar ara m\u00e9s que mai el seu gra de sorra per contribuir a que la vida de les persones sigui una mica millor\u201d.<\/em><\/p>\n\n\n\n<p>La campanya \u201c<strong>c\u00e0mping solidari\u201d<\/strong> s\u2019emmarca en l\u2019aposta dels c\u00e0mpings gironins per la responsabilitat social corporativa que tamb\u00e9 inclou la creaci\u00f3, fa dos anys, de la Fundaci\u00f3 C\u00e0mpings de Girona per donar suport als infants amb malalties i a les seves fam\u00edlies i per a la investigaci\u00f3 d\u2019aquesta problem\u00e0tica .<\/p>\n","protected":false},"excerpt":{"rendered":"<p>Despr\u00e9s del gran \u00e8xit de participaci\u00f3 de l\u2019estiu passat, els c\u00e0mpings gironins han mantingut i refor\u00e7at aquesta temporada la campanya \u201cc\u00e0mping solidari\u201d que es du a terme en col\u00b7laboraci\u00f3 amb el Banc de Sang i Teixits de Girona, l\u2019Associaci\u00f3 \u201cPolseres Candela\u201d que lluita contra el c\u00e0ncer infantil, i la Fundaci\u00f3 Esclerosi M\u00faltiple. L\u2019objectiu&nbsp; de la [&hellip;]<\/p>\n","protected":false},"author":1,"featured_media":97646,"comment_status":"closed","ping_status":"open","sticky":false,"template":"","format":"standard","meta":{"_acf_changed":false,"footnotes":""},"categories":[],"tags":[],"class_list":["post-97645","post","type-post","status-publish","format-standard","has-post-thumbnail","hentry"],"acf":[],"_links":{"self":[{"href":"https:\/\/acg.campingsingirona.com\/ca\/wp-json\/wp\/v2\/posts\/97645","targetHints":{"allow":["GET"]}}],"collection":[{"href":"https:\/\/acg.campingsingirona.com\/ca\/wp-json\/wp\/v2\/posts"}],"about":[{"href":"https:\/\/acg.campingsingirona.com\/ca\/wp-json\/wp\/v2\/types\/post"}],"author":[{"embeddable":true,"href":"https:\/\/acg.campingsingirona.com\/ca\/wp-json\/wp\/v2\/users\/1"}],"replies":[{"embeddable":true,"href":"https:\/\/acg.campingsingirona.com\/ca\/wp-json\/wp\/v2\/comments?post=97645"}],"version-history":[{"count":1,"href":"https:\/\/acg.campingsingirona.com\/ca\/wp-json\/wp\/v2\/posts\/97645\/revisions"}],"predecessor-version":[{"id":104115,"href":"https:\/\/acg.campingsingirona.com\/ca\/wp-json\/wp\/v2\/posts\/97645\/revisions\/104115"}],"wp:featuredmedia":[{"embeddable":true,"href":"https:\/\/acg.campingsingirona.com\/ca\/wp-json\/wp\/v2\/media\/97646"}],"wp:attachment":[{"href":"https:\/\/acg.campingsingirona.com\/ca\/wp-json\/wp\/v2\/media?parent=97645"}],"wp:term":[{"taxonomy":"category","embeddable":true,"href":"https:\/\/acg.campingsingirona.com\/ca\/wp-json\/wp\/v2\/categories?post=97645"},{"taxonomy":"post_tag","embeddable":true,"href":"https:\/\/acg.campingsingirona.com\/ca\/wp-json\/wp\/v2\/tags?post=97645"}],"curies":[{"name":"wp","href":"https:\/\/api.w.org\/{rel}","templated":true}]}}