{"id":97639,"date":"2020-07-01T00:00:00","date_gmt":"2020-07-01T00:00:00","guid":{"rendered":"https:\/\/acg.campingsingirona.com\/en\/blog\/els-campings-gironins-estrenen-una-temporada-curta-i-dificil\/"},"modified":"2023-10-18T09:04:33","modified_gmt":"2023-10-18T09:04:33","slug":"els-campings-gironins-estrenen-una-temporada-curta-i-dificil","status":"publish","type":"post","link":"https:\/\/acg.campingsingirona.com\/ca\/els-campings-gironins-estrenen-una-temporada-curta-i-dificil\/","title":{"rendered":"Els c\u00e0mpings gironins estrenen temporada"},"content":{"rendered":"\n<p>\u201cEstem davant d\u2019una temporada molt curta i dif\u00edcil donada l\u2019actual situaci\u00f3\u201d, segons ha remarcat el president de l\u2019Associaci\u00f3 de C\u00e0mpings de Girona, Miquel Gotanegra, durant l\u2019assemblea que cada any serveix per donar el tret de sortida a la temporada estiuenca i que aquest any s\u2019ha celebrat al c\u00e0mping Interpals de Pals, amb la participaci\u00f3 del secretari d\u2019Empresa i Coneixement, Joaquim Ferrer; l\u2019acalde de Pals, Carles Pi; i el president de l\u2019Associaci\u00f3, Miquel Gotanegra. Tamb\u00e9 hi ha assistit el director general de Turisme de la Generalitat, Octavi Bono. \u201cSabeu que teniu i seguireu tenint el Departament d\u2019Empresa i Coneixement al vostre costat, interpretant adequadament el que sou i el que necessiteu. Hem de poder garantir, m\u00e9s enll\u00e0 del ritme, la capacitat d\u2019entendre, interpretar i diagnosticar de manera adient la realitat que l&#8217;envolta, la realitat d\u2019un sector\u201d, ha manifestat el secretari d\u2019Empresa i Competitivitat. \u201cVull destacar la capacitat&nbsp;competitiva del nostre sistema tur\u00edstic en general, i dels c\u00e0mpings en particular. Aquesta capacitat \u00e9s prou s\u00f2lida, prou estructural com per tenir confian\u00e7a en el futur\u201d, hi ha afegit.<\/p>\n\n\n\n<p>El sector dels c\u00e0mpings depenen sobretot del turisme estranger (que a les comarques gironines representava el 80%) i la poca claredat en la data d\u2019obertura de fronteres ha perjudicat molt. La previsi\u00f3 d\u2019ocupaci\u00f3 dels mesos de juliol i agost dep\u00e8n de la climatologia, l\u2019arribada de campistes estrangers i l\u2019estabilitat de la situaci\u00f3 sanit\u00e0ria. La gran majoria d\u2019instal\u00b7lacions ja han obert.<\/p>\n\n\n\n<p>En relaci\u00f3 al client intern no \u00e9s suficient per cobrir l\u2019oferta de places, tot i que aquest any es valora com a una oportunitat per captar nous clients del Pa\u00eds que mai abans havien anat de c\u00e0mping i que ara ho veuen com a una opci\u00f3 a l\u2019aire lliure i molt segura per passar les seves vacances.<\/p>\n\n\n\n<p>\u201cPensem que el govern hauria de treballar en campanyes per afavorir el turisme intern i impulsar ajudes reals i directes per al sector com poden ser un incentiu amb l\u2019IVA o algun ajut amb seguretat social&#8230;\u201d, afirma el president de l\u2019Associaci\u00f3. &nbsp;El sector ha quedat molt tocat, ja que ha encadenat tres mesos sense cap ingr\u00e9s i ara s\u2019han hagut d\u2019ampliar els equips, augmentar la freq\u00fc\u00e8ncia de les neteges, incorporar panells informatius i fer controls d\u2019aforament.<\/p>\n\n\n\n<p>El total de places d\u2019allotjament de c\u00e0mping de la demarcaci\u00f3 de Girona \u00e9s de 135.000, una xifra que situa al sector com la primera oferta tur\u00edstica reglada. Els c\u00e0mpings de les comarques gironines generen de mitjana al voltant de 10 milions de pernoctacions, i donen ocupaci\u00f3 directa a uns 7.000 treballadors, als que cal sumar els llocs de treball indirectes. Tota la informaci\u00f3 es pot trobar al web <a href=\"http:\/\/www.campingsingirona.com\">www.campingsingirona.com<\/a><\/p>\n\n\n\n<p><strong>M\u00e0xima seguretat i higiene<\/strong><\/p>\n\n\n\n<p>Els equips dels c\u00e0mpings gironins han estat fent durant les \u00faltimes setmanes tota la formaci\u00f3 per complir estrictament amb els protocols. A m\u00e9s, des de l\u2019Associaci\u00f3 de C\u00e0mpings de Girona s\u2019ha impulsat la iniciativa <strong><em>WeCare<\/em><\/strong>, de suport continuat als c\u00e0mpings, per refor\u00e7ar als protocols d\u2019higiene i seguretat i generar confian\u00e7a als clients. L\u2019Associaci\u00f3 tamb\u00e9 demana als clients col\u00b7laboraci\u00f3 i conscienciaci\u00f3 per complir els protocols i garantir la m\u00e0xima protecci\u00f3. &nbsp;Avui s\u2019ha fet una visita a les instal\u00b7lacions del c\u00e0mping Interpals i s\u2019han pogut veure les mesures de seguretat i higiene aplicades.<\/p>\n\n\n\n<p><strong>El c\u00e0mping Interpals celebra enguany el 60 aniversari.<\/strong><\/p>\n\n\n\n<p>El c\u00e0mping i ressort de vacances Interpals, &nbsp;situat a 450 metres de la platja i de la cala Illa Roja, i a prop del poble medieval de Pals, va ser fundat l\u2019any 1960 per Josep Salv\u00e0 Turr\u00f3, que va adquirir uns terrenys a la zona i el va obrir amb el nom Internacional Camping. Al principi, l\u2019Interpals, un dels primers c\u00e0mpings que es va obrir a la Costa Brava, oferia 80 parcel\u00b7les per a acampar i nom\u00e9s un edifici de recepci\u00f3 i un petit grup de sanitaris, com tots els c\u00e0mpings pioners que es van obrir en aquella \u00e8poca. L\u2019any 1975, Josep Salv\u00e0 el va vendre a Ramon Mestres, que ja era propietari del c\u00e0mping Valldaro de Platja d\u2019Aro. Des de llavors, l\u2019establiment gestionat per la fam\u00edlia Mestres ha anat ampliant i millorant les seves instal\u00b7lacions any rere any. <strong>En l\u2019actualitat, ocupa una superf\u00edcie de m\u00e9s de 10 hect\u00e0rees i ofereix 450 parcel\u00b7les d\u2019acampada, 29 tendes de lloguer i 62 bungalous.<\/strong> L\u2019Interpals, de 1\u00aa categoria, est\u00e0 equipat amb piscina, jocs infantils, restaurant, supermercat, bugaderia, zona esportiva,&nbsp; i un mini parc d\u2019aventura per als nens. A m\u00e9s, aplica un sistema de gesti\u00f3 mediambiental avalat per les certificacions EMAS i ISO 14001.<\/p>\n\n\n\n<p>Si en els seus inicis els clients de l\u2019Interpals eren b\u00e0sicament turistes alemanys, holandesos, su\u00efssos i francesos, a partir dels anys setanta i durant els vuitanta l\u2019aflu\u00e8ncia d\u2019holandesos es va incrementar substancialment. A partir de 1983 van comen\u00e7ar a arribar italians i tamb\u00e9 va augmentar el nombre de catalans.&nbsp; Alguns carrers del c\u00e0mping porten el nom d\u2019antics clients, que s\u2019han guanyat aquest reconeixement en agra\u00efment a la seva fidelitat de molts anys.<\/p>\n","protected":false},"excerpt":{"rendered":"<p>\u201cEstem davant d\u2019una temporada molt curta i dif\u00edcil donada l\u2019actual situaci\u00f3\u201d, segons ha remarcat el president de l\u2019Associaci\u00f3 de C\u00e0mpings de Girona, Miquel Gotanegra, durant l\u2019assemblea que cada any serveix per donar el tret de sortida a la temporada estiuenca i que aquest any s\u2019ha celebrat al c\u00e0mping Interpals de Pals, amb la participaci\u00f3 del [&hellip;]<\/p>\n","protected":false},"author":1,"featured_media":97640,"comment_status":"closed","ping_status":"open","sticky":false,"template":"","format":"standard","meta":{"_acf_changed":false,"footnotes":""},"categories":[],"tags":[],"class_list":["post-97639","post","type-post","status-publish","format-standard","has-post-thumbnail","hentry"],"acf":[],"_links":{"self":[{"href":"https:\/\/acg.campingsingirona.com\/ca\/wp-json\/wp\/v2\/posts\/97639","targetHints":{"allow":["GET"]}}],"collection":[{"href":"https:\/\/acg.campingsingirona.com\/ca\/wp-json\/wp\/v2\/posts"}],"about":[{"href":"https:\/\/acg.campingsingirona.com\/ca\/wp-json\/wp\/v2\/types\/post"}],"author":[{"embeddable":true,"href":"https:\/\/acg.campingsingirona.com\/ca\/wp-json\/wp\/v2\/users\/1"}],"replies":[{"embeddable":true,"href":"https:\/\/acg.campingsingirona.com\/ca\/wp-json\/wp\/v2\/comments?post=97639"}],"version-history":[{"count":1,"href":"https:\/\/acg.campingsingirona.com\/ca\/wp-json\/wp\/v2\/posts\/97639\/revisions"}],"predecessor-version":[{"id":104112,"href":"https:\/\/acg.campingsingirona.com\/ca\/wp-json\/wp\/v2\/posts\/97639\/revisions\/104112"}],"wp:featuredmedia":[{"embeddable":true,"href":"https:\/\/acg.campingsingirona.com\/ca\/wp-json\/wp\/v2\/media\/97640"}],"wp:attachment":[{"href":"https:\/\/acg.campingsingirona.com\/ca\/wp-json\/wp\/v2\/media?parent=97639"}],"wp:term":[{"taxonomy":"category","embeddable":true,"href":"https:\/\/acg.campingsingirona.com\/ca\/wp-json\/wp\/v2\/categories?post=97639"},{"taxonomy":"post_tag","embeddable":true,"href":"https:\/\/acg.campingsingirona.com\/ca\/wp-json\/wp\/v2\/tags?post=97639"}],"curies":[{"name":"wp","href":"https:\/\/api.w.org\/{rel}","templated":true}]}}