{"id":97629,"date":"2020-04-29T00:00:00","date_gmt":"2020-04-29T00:00:00","guid":{"rendered":"https:\/\/acg.campingsingirona.com\/en\/blog\/el-camping-illa-mateua-de-lescala-fa-una-donacio-de-20-000-euros-a-caritas-diocesana\/"},"modified":"2023-10-18T09:04:25","modified_gmt":"2023-10-18T09:04:25","slug":"el-camping-illa-mateua-de-lescala-fa-una-donacio-de-20-000-euros-a-caritas-diocesana","status":"publish","type":"post","link":"https:\/\/acg.campingsingirona.com\/ca\/el-camping-illa-mateua-de-lescala-fa-una-donacio-de-20-000-euros-a-caritas-diocesana\/","title":{"rendered":"El c\u00e0mping Illa Mateua, de l\u2019Escala, fa una donaci\u00f3 de 20.000 euros a C\u00e0ritas Diocesana"},"content":{"rendered":"\n<p>En el marc del seu projecte de responsabilitat social, el c\u00e0mping Illa Mateua, de l\u2019Escala, ha fet &nbsp;una donaci\u00f3 de 20.000 euros a &nbsp;Caritas Diocesana de l\u2019Escala que, segons l\u2019establiment, \u201csempre vetlla per ajudar als m\u00e9s desfavorits, i realitza una gran tasca al municipi\u201d.<\/p>\n\n\n\n<p class=\"has-drop-cap\">Segons destaca el c\u00e0mping, que actualment est\u00e0 tancat, \u201caquests 20.000 euros aniran destinats als col\u00b7lectius m\u00e9s vulnerables que l\u2019entitat cregui convenient i, especialment, a la gent gran, col\u00b7lectiu pel qual sentim gran sensibilitat, i en el marc actual no oblidem\u201d.<\/p>\n\n\n\n<p>Eva Maria Trias, gerent del c\u00e0mping, afirma que \u201c ens agrada recordar que aquesta filosofia empresarial l\u2019hem pogut realitzar amb la complicitat del nostre equip de treballadors\u201d.<\/p>\n\n\n\n<p>Els responsables de l\u2019establiment van pensar en un primer moment en ajornar l\u2019entrega solid\u00e0ria que estava prevista per l\u2019\u00faltima setmana de mar\u00e7, confiant que podrien realitzar un acte m\u00e9s endavant, per\u00f2 veient l\u2019evoluci\u00f3 de la situaci\u00f3 actual arran de la pand\u00e8mia del coronavirus han cregut que \u201cel m\u00e9s important en aquests moments no era l\u2019acte en s\u00ed sin\u00f3 una petita acci\u00f3, que sumada a altres, far\u00e0 que junts ens en sortim sense deixar ning\u00fa enrere\u201d.<\/p>\n\n\n\n<p>Fa setze anys que el c\u00e0mping Illa Mateua destina un percentatge de la seva facturaci\u00f3 a fins socials. Aquest percentatge, que va comen\u00e7ar essent el 0,7%, s\u2019ha anat incrementant ja que es vol contribuir el m\u00e0xim possible a la millora de les condicions de vida de les persones necessitades. \u201cDe la mateixa manera que els governs estableixen taxes ambientals a les empreses i productes que contribueixen a l\u2019escalfament global, nosaltres ens prenem aquesta aportaci\u00f3 com una taxa solid\u00e0ria que ens hem autoimposat per a respondre a la responsabilitat social corporativa\u201d, &nbsp;destaca Eva Maria Trias. Trias ha explicat que els treballadors de l\u2019establiment estan plenament sensibilitzats amb aquesta filosofia i tamb\u00e9 hi col\u00b7laboren de forma volunt\u00e0ria amb una part del seu sou.<\/p>\n\n\n\n<p>L\u2019Associaci\u00f3 de C\u00e0mpings de les comarques de Girona subratlla, un cop m\u00e9s, la import\u00e0ncia que una empresa del sector tur\u00edstic faci una aportaci\u00f3 d\u2019aquestes caracter\u00edstiques, i especialment en uns moments complicats com els actuals,&nbsp; i ho posa com a exemple a seguir. \u201cLa responsabilitat social de les empreses \u00e9s b\u00e0sica\u201d es remarca.<\/p>\n","protected":false},"excerpt":{"rendered":"<p>En el marc del seu projecte de responsabilitat social, el c\u00e0mping Illa Mateua, de l\u2019Escala, ha fet &nbsp;una donaci\u00f3 de 20.000 euros a &nbsp;Caritas Diocesana de l\u2019Escala que, segons l\u2019establiment, \u201csempre vetlla per ajudar als m\u00e9s desfavorits, i realitza una gran tasca al municipi\u201d. Segons destaca el c\u00e0mping, que actualment est\u00e0 tancat, \u201caquests 20.000 euros [&hellip;]<\/p>\n","protected":false},"author":1,"featured_media":97630,"comment_status":"closed","ping_status":"open","sticky":false,"template":"","format":"standard","meta":{"_acf_changed":false,"footnotes":""},"categories":[],"tags":[],"class_list":["post-97629","post","type-post","status-publish","format-standard","has-post-thumbnail","hentry"],"acf":[],"_links":{"self":[{"href":"https:\/\/acg.campingsingirona.com\/ca\/wp-json\/wp\/v2\/posts\/97629","targetHints":{"allow":["GET"]}}],"collection":[{"href":"https:\/\/acg.campingsingirona.com\/ca\/wp-json\/wp\/v2\/posts"}],"about":[{"href":"https:\/\/acg.campingsingirona.com\/ca\/wp-json\/wp\/v2\/types\/post"}],"author":[{"embeddable":true,"href":"https:\/\/acg.campingsingirona.com\/ca\/wp-json\/wp\/v2\/users\/1"}],"replies":[{"embeddable":true,"href":"https:\/\/acg.campingsingirona.com\/ca\/wp-json\/wp\/v2\/comments?post=97629"}],"version-history":[{"count":1,"href":"https:\/\/acg.campingsingirona.com\/ca\/wp-json\/wp\/v2\/posts\/97629\/revisions"}],"predecessor-version":[{"id":104106,"href":"https:\/\/acg.campingsingirona.com\/ca\/wp-json\/wp\/v2\/posts\/97629\/revisions\/104106"}],"wp:featuredmedia":[{"embeddable":true,"href":"https:\/\/acg.campingsingirona.com\/ca\/wp-json\/wp\/v2\/media\/97630"}],"wp:attachment":[{"href":"https:\/\/acg.campingsingirona.com\/ca\/wp-json\/wp\/v2\/media?parent=97629"}],"wp:term":[{"taxonomy":"category","embeddable":true,"href":"https:\/\/acg.campingsingirona.com\/ca\/wp-json\/wp\/v2\/categories?post=97629"},{"taxonomy":"post_tag","embeddable":true,"href":"https:\/\/acg.campingsingirona.com\/ca\/wp-json\/wp\/v2\/tags?post=97629"}],"curies":[{"name":"wp","href":"https:\/\/api.w.org\/{rel}","templated":true}]}}