{"id":97625,"date":"2020-04-24T00:00:00","date_gmt":"2020-04-24T00:00:00","guid":{"rendered":"https:\/\/acg.campingsingirona.com\/en\/blog\/tematic-arquitectura-renova-el-seu-compromis\/"},"modified":"2023-10-18T09:04:24","modified_gmt":"2023-10-18T09:04:24","slug":"tematic-arquitectura-renova-el-seu-compromis","status":"publish","type":"post","link":"https:\/\/acg.campingsingirona.com\/ca\/tematic-arquitectura-renova-el-seu-compromis\/","title":{"rendered":"Els c\u00e0mpings i el coronavirus segons Tematic Arquitectura"},"content":{"rendered":"\n<p>Est\u00e0 clar que tenim un problema, per\u00f2 tamb\u00e9 \u00e9s clar que premsa i televisions generalistes, nom\u00e9s intenten vendre, i tristament el que m\u00e9s ven en aquest pa\u00eds \u00e9s el morbo i l&#8217;apocalipsi. Si b\u00e9 \u00e9s cert que entrem en recessi\u00f3, no \u00e9s menys cert que aquesta recessi\u00f3 no la propicia una crisi financera, sin\u00f3 una crisi humanit\u00e0ria. L&#8217;important de veritat \u00e9s que la millor manera per sortir d&#8217;aquesta crisi i de qualsevol \u00e9s avan\u00e7ant, sent positius i no catastrofistes.<br><br>Aqu\u00ed els c\u00e0mpings poden ser vitals per a la salut de la poblaci\u00f3, i s\u00ed, dic: la salut. Qu\u00e8 \u00e9s m\u00e9s saludable despr\u00e9s d&#8217;un confinament que unes vacances a l&#8217;aire lliure? \u00bfQue \u00e9s el que tots els confinats necessitarem quan finalment puguem sortir al carrer?, aire fresc, espai vital, natura &#8230;. i per descomptat anar-nos de vacances, &#8230;&#8230; perqu\u00e8 si ens\u00a0anirem\u00a0de vacances aquest estiu, que ning\u00fa ho dubti.<br><br>Unes vacances que seran diferents, \u00e9s clar, no podrem gastar el que no tenim, per\u00f2 necessitarem m\u00e9s que mai sortir de casa, canviar, moure&#8217;ns, fer esport, estar amb la fam\u00edlia i els amics, passejar, anar a la platja, a la muntanya &#8230;. Segurament no podrem anar molt lluny, els viatges de llarga dist\u00e0ncia seran complicats, o b\u00e9 no tindrem fronteres obertes o simplement no ens atrevirem a arriscar.<br><br>\u00bfViatges amb cotxe?, segurament el mitj\u00e0 de transport m\u00e9s &#8220;estanc&#8221; a qu\u00e8 podem optar. Finalment haurem arribat al &#8220;Turisme de Proximitat&#8221;. Benvingut!<br><br>En tota aquesta situaci\u00f3, quin paper poden tenir els c\u00e0mpings? Doncs senzillament fonamental. El c\u00e0mping ha de\u00a0postular-se com el que sempre ha estat: el lloc de vacances familiars m\u00e9s sa del\u00a0mon.<br><br>Ubicacions especials, aire lliure, espai vital, esports, independ\u00e8ncia, fam\u00edlia, poc tr\u00e0nsit, &#8230;&#8230; Per\u00f2 tot aix\u00f2 tampoc ser\u00e0 &#8220;gratis&#8221;. Hem d&#8217;adequar els nostres c\u00e0mpings a les possibles normatives d&#8217;aplicaci\u00f3 o simplement a la l\u00f2gica, per\u00f2 quin lloc m\u00e9s f\u00e0cil que un c\u00e0mping per a aix\u00f2!<br><br>Hem de ser capa\u00e7os de transmetre a tota la poblaci\u00f3 mitjan\u00e7ant la premsa, la televisi\u00f3 p\u00fablica i privada i les xarxes socials, que el lloc m\u00e9s sa per anar de vacances, sempre ha estat i ser\u00e0 el c\u00e0mping, fins i tot en les circumst\u00e0ncies actuals.<br><br>En aquests moments som molt importants, fem-ho saber! Publicitem de forma conjunta el m\u00f3n del c\u00e0mping! Tots junts de veritat.<\/p>\n\n\n\n<p>Rafael Tramullas. Arquitecte Director de TEMATIC Arquitectura.<\/p>\n","protected":false},"excerpt":{"rendered":"<p>Est\u00e0 clar que tenim un problema, per\u00f2 tamb\u00e9 \u00e9s clar que premsa i televisions generalistes, nom\u00e9s intenten vendre, i tristament el que m\u00e9s ven en aquest pa\u00eds \u00e9s el morbo i l&#8217;apocalipsi. Si b\u00e9 \u00e9s cert que entrem en recessi\u00f3, no \u00e9s menys cert que aquesta recessi\u00f3 no la propicia una crisi financera, sin\u00f3 una [&hellip;]<\/p>\n","protected":false},"author":1,"featured_media":97626,"comment_status":"closed","ping_status":"open","sticky":false,"template":"","format":"standard","meta":{"_acf_changed":false,"footnotes":""},"categories":[],"tags":[],"class_list":["post-97625","post","type-post","status-publish","format-standard","has-post-thumbnail","hentry"],"acf":[],"_links":{"self":[{"href":"https:\/\/acg.campingsingirona.com\/ca\/wp-json\/wp\/v2\/posts\/97625","targetHints":{"allow":["GET"]}}],"collection":[{"href":"https:\/\/acg.campingsingirona.com\/ca\/wp-json\/wp\/v2\/posts"}],"about":[{"href":"https:\/\/acg.campingsingirona.com\/ca\/wp-json\/wp\/v2\/types\/post"}],"author":[{"embeddable":true,"href":"https:\/\/acg.campingsingirona.com\/ca\/wp-json\/wp\/v2\/users\/1"}],"replies":[{"embeddable":true,"href":"https:\/\/acg.campingsingirona.com\/ca\/wp-json\/wp\/v2\/comments?post=97625"}],"version-history":[{"count":1,"href":"https:\/\/acg.campingsingirona.com\/ca\/wp-json\/wp\/v2\/posts\/97625\/revisions"}],"predecessor-version":[{"id":104104,"href":"https:\/\/acg.campingsingirona.com\/ca\/wp-json\/wp\/v2\/posts\/97625\/revisions\/104104"}],"wp:featuredmedia":[{"embeddable":true,"href":"https:\/\/acg.campingsingirona.com\/ca\/wp-json\/wp\/v2\/media\/97626"}],"wp:attachment":[{"href":"https:\/\/acg.campingsingirona.com\/ca\/wp-json\/wp\/v2\/media?parent=97625"}],"wp:term":[{"taxonomy":"category","embeddable":true,"href":"https:\/\/acg.campingsingirona.com\/ca\/wp-json\/wp\/v2\/categories?post=97625"},{"taxonomy":"post_tag","embeddable":true,"href":"https:\/\/acg.campingsingirona.com\/ca\/wp-json\/wp\/v2\/tags?post=97625"}],"curies":[{"name":"wp","href":"https:\/\/api.w.org\/{rel}","templated":true}]}}