{"id":97611,"date":"2020-03-20T00:00:00","date_gmt":"2020-03-20T00:00:00","guid":{"rendered":"https:\/\/acg.campingsingirona.com\/en\/blog\/comunicat-pels-membres-de-la-confederacio-de-campings-del-mediterrani\/"},"modified":"2023-10-18T09:04:19","modified_gmt":"2023-10-18T09:04:19","slug":"comunicat-pels-membres-de-la-confederacio-de-campings-del-mediterrani","status":"publish","type":"post","link":"https:\/\/acg.campingsingirona.com\/ca\/comunicat-pels-membres-de-la-confederacio-de-campings-del-mediterrani\/","title":{"rendered":"COMUNICAT PELS MEMBRES DE LA CONFEDERACI\u00d3 DE C\u00c0MPINGS DEL MEDITERRANI"},"content":{"rendered":"\n<p>Des de la Confederaci\u00f3 de C\u00e0mpings del Mediterrani comuniquem a tots els associats que, finalment ja ha sigut publicat en el BOE en data 19 de mar\u00e7 de 2020 (BOE n\u00fam. 75) l&#8217;Ordre&nbsp;SND\/257\/2020, per la que es declara la suspensi\u00f3 d&#8217;obertura al p\u00fablic d&#8217;establiments d&#8217;allotjament tur\u00edstic, amb especial menci\u00f3 al sector del c\u00e0mping, i en aquest sentit:<\/p>\n\n\n\n<ol class=\"wp-block-list\"><li>S&#8217;ordena la suspensi\u00f3 d&#8217;obertura al p\u00fablic de tots els c\u00e0mpings, ubicats en qualsevol part del territori nacional.<\/li><\/ol>\n\n\n\n<p>     2. Es permet amb car\u00e0cter excepcional, prestaci\u00f3 de serveis de manteniment, vigil\u00e0ncia i seguretat als establiments.<\/p>\n\n\n\n<p>   3. Excepcions: suposats d&#8217;allotjament tur\u00edstic de llarga estada o temporada.  Queda permesa l&#8217;obertura al p\u00fablic per aquells establiments que en el moment de la declaraci\u00f3 de l&#8217;Estat d&#8217;Alarma tinguessin clients allotjats d&#8217;una manera estable i de temporada, sempre que disposin de les infraestructures en els seus propis espais d&#8217;allotjament, per a poder portar a terme les activitats de primera necessitat en els termes que cont\u00e9 el Reial Decret de declaraci\u00f3 de l&#8217;Estat d&#8217;Alarma.<\/p>\n\n\n\n<p>   4. El tancament es produir\u00e0 en el moment en qu\u00e8 l&#8217;establiment ja no disposi de clients allotjats i, en tot cas, en el termini m\u00e0xim de 7 dies naturals des de l&#8217;entrada en vigor de la norma.<\/p>\n\n\n\n<p>   5. L&#8217;ordre de suspensi\u00f3 d&#8217;activitat queda vinculada a la duraci\u00f3 de la declaraci\u00f3 de l&#8217;Estat d&#8217;Alarma i de les seves pr\u00f2rrogues, si es don\u00e9s el cas.<\/p>\n\n\n\n<p> Des de la Confederaci\u00f3 i d&#8217;una manera consensuada amb les nostres associacions federades, i a la vista del contingut normatiu, us fem arribar aquestes recomanacions, per responsabilitat social del sector, i a tall de garantir la protecci\u00f3 i la seguretat dels clients i treballadors: <\/p>\n\n\n\n<p>a.    C\u00e0mpings que encara no estaven oberts: no obrir fins que acabi la crisi sanit\u00e0ria COVID-19.<br> b.    C\u00e0mpings oberts amb allotjats: desallotjament i tancament de les instal\u00b7lacions.  No obstant aix\u00f2, i a la vista de l&#8217;excepcionalitat recollida en el text normatiu, i enfront de les m\u00faltiples situacions que existeixen en el nostre sector en aquests moments. Apel\u00b7lem a la vostra responsabilitat per a garantir la protecci\u00f3 i seguretat a treballadors, clients i en general a tota la societat que en aquests moments estem lluitant per a no estendre i incrementar el nivell de contagis del COVID-19.  Amb la vostra ajuda i col\u00b7laboraci\u00f3 sortirem d&#8217;aquesta situaci\u00f3, i aportarem a la societat de nou la vida a l&#8217;aire lliure, la natura i la diversi\u00f3, que falta ens far\u00e0. <\/p>\n\n\n\n<p>De manera consensuada amb tots els membres de la&nbsp;CCM, com a demarcaci\u00f3 l\u00edder de la destinaci\u00f3 c\u00e0mping a Espanya i com a motor econ\u00f2mic del Mediterrani, optem per respectar la consigna d&#8217;aquesta crisi sanit\u00e0ria: &#8220;Queda&#8217;t a casa&#8221;. Els nostres allotjats han de retornar a les seves cases; els consolats, autoritats duaneres i frontereres han posat en marxa les mesures pertinents pel retornament en condicions de seguretat.<\/p>\n\n\n\n<p>La nostra reputaci\u00f3 com a territori i com a destinaci\u00f3 tur\u00edstica est\u00e0 en joc, pel que us demanem directament i personalment a cadascun de vosaltres el compliment d&#8217;aquestes mesures. La resili\u00e8ncia del sector del c\u00e0mping \u00e9s incombustible, i sense cap dubte seguirem endavant. Estem preparats per afrontar una nova temporada quan puguem treballar amb totes les garanties sanit\u00e0ries.<\/p>\n\n\n\n<figure class=\"wp-block-image size-large is-resized\"><img loading=\"lazy\" decoding=\"async\" src=\"https:\/\/acg.campingsingirona.com\/wp-content\/uploads\/2023\/04\/campings-mediterraneo-logo.jpg\" alt=\"\" class=\"wp-image-2370\" width=\"588\" height=\"186\"\/><\/figure>\n","protected":false},"excerpt":{"rendered":"<p>Des de la Confederaci\u00f3 de C\u00e0mpings del Mediterrani comuniquem a tots els associats que, finalment ja ha sigut publicat en el BOE en data 19 de mar\u00e7 de 2020 (BOE n\u00fam. 75) l&#8217;Ordre&nbsp;SND\/257\/2020, per la que es declara la suspensi\u00f3 d&#8217;obertura al p\u00fablic d&#8217;establiments d&#8217;allotjament tur\u00edstic, amb especial menci\u00f3 al sector del c\u00e0mping, i en [&hellip;]<\/p>\n","protected":false},"author":1,"featured_media":97612,"comment_status":"closed","ping_status":"open","sticky":false,"template":"","format":"standard","meta":{"_acf_changed":false,"footnotes":""},"categories":[],"tags":[],"class_list":["post-97611","post","type-post","status-publish","format-standard","has-post-thumbnail","hentry"],"acf":[],"_links":{"self":[{"href":"https:\/\/acg.campingsingirona.com\/ca\/wp-json\/wp\/v2\/posts\/97611","targetHints":{"allow":["GET"]}}],"collection":[{"href":"https:\/\/acg.campingsingirona.com\/ca\/wp-json\/wp\/v2\/posts"}],"about":[{"href":"https:\/\/acg.campingsingirona.com\/ca\/wp-json\/wp\/v2\/types\/post"}],"author":[{"embeddable":true,"href":"https:\/\/acg.campingsingirona.com\/ca\/wp-json\/wp\/v2\/users\/1"}],"replies":[{"embeddable":true,"href":"https:\/\/acg.campingsingirona.com\/ca\/wp-json\/wp\/v2\/comments?post=97611"}],"version-history":[{"count":1,"href":"https:\/\/acg.campingsingirona.com\/ca\/wp-json\/wp\/v2\/posts\/97611\/revisions"}],"predecessor-version":[{"id":104099,"href":"https:\/\/acg.campingsingirona.com\/ca\/wp-json\/wp\/v2\/posts\/97611\/revisions\/104099"}],"wp:featuredmedia":[{"embeddable":true,"href":"https:\/\/acg.campingsingirona.com\/ca\/wp-json\/wp\/v2\/media\/97612"}],"wp:attachment":[{"href":"https:\/\/acg.campingsingirona.com\/ca\/wp-json\/wp\/v2\/media?parent=97611"}],"wp:term":[{"taxonomy":"category","embeddable":true,"href":"https:\/\/acg.campingsingirona.com\/ca\/wp-json\/wp\/v2\/categories?post=97611"},{"taxonomy":"post_tag","embeddable":true,"href":"https:\/\/acg.campingsingirona.com\/ca\/wp-json\/wp\/v2\/tags?post=97611"}],"curies":[{"name":"wp","href":"https:\/\/api.w.org\/{rel}","templated":true}]}}