{"id":97569,"date":"2020-01-24T00:00:00","date_gmt":"2020-01-24T00:00:00","guid":{"rendered":"https:\/\/acg.campingsingirona.com\/en\/blog\/els-campings-gironins-reben-tretze-premis-internacionals-a-utrecht-i-a-stuttgart\/"},"modified":"2023-10-18T09:04:08","modified_gmt":"2023-10-18T09:04:08","slug":"els-campings-gironins-reben-tretze-premis-internacionals-a-utrecht-i-a-stuttgart","status":"publish","type":"post","link":"https:\/\/acg.campingsingirona.com\/ca\/els-campings-gironins-reben-tretze-premis-internacionals-a-utrecht-i-a-stuttgart\/","title":{"rendered":"Els c\u00e0mpings gironins reben tretze premis internacionals  a Utrecht i a Stuttgart"},"content":{"rendered":"\n<p>Els c\u00e0mpings gironins\nhan rebut un any m\u00e9s importants reconeixements que els situen entre els millors\nd\u2019Europa i avalen la gran qualitat i l\u2019excel\u00b7l\u00e8ncia dels establiments. Aquests\nreconeixements reafirmen el lideratge de la destinaci\u00f3 en el sector a Europa.<\/p>\n\n\n\n<p>&nbsp;A Utrecht ( Holanda), i en el marc de la fira\nVakantiebeurs, set c\u00e0mpings de les comarques\ngironines -un m\u00e9s que al 2019- han estat guardonats aquest mes de gener amb els\nprestigiosos <em>TopCamping<\/em> ( categoria\nde 5 estrelles) que concedeix l\u2019ANWB (una influent associaci\u00f3 holandesa amb 4\u20195\nmilions de fam\u00edlies associades). Es tracta dels c\u00e0mpings <strong>Les Medes, de l\u2019Estartit;\nLa Ballena Alegre , Las Dunas, l\u2019\u00c0mfora i Aquarius, de Sant Pere Pescador;\nSandaya Cypsela Resort, de Pals; i Laguna, de Castell\u00f3 d\u2019Emp\u00faries. <\/strong><strong>Representen el 45% dels reconeixements que s\u2019han\nentregat a Catalunya (15 en total) &nbsp;i 18\na tot l\u2019Estat espanyol.<\/strong><strong><\/strong><\/p>\n\n\n\n<p>El <em>TopCamping<\/em> es basa en\nl\u2019opini\u00f3 dels inspectors i dels clients dels pa\u00efsos d\u2019origen i el reconeixement\nqueda reflectit en la guia de c\u00e0mpings que edita la ANWB que \u00e9s un referent\nimportant per als campistes&nbsp; holandesos.<\/p>\n\n\n\n<p><strong>Sis c\u00e0mpings gironins distingits tamb\u00e9 amb 5\nestrelles a Stuttgart<\/strong><\/p>\n\n\n\n<p>D\u2019altra banda, sis c\u00e0mpings gironins,<strong>&#8211;\nLes Medes, de l\u2019Estartit; l\u2019\u00c0mfora, &nbsp;Aquarius , La Ballena Alegre i Las\nDunas, de Sant Pere Pescador; i el Delf\u00edn Verde, de Torroella de Montgr\u00ed- <\/strong><strong>han estat distingits aquest mes\nde gener <\/strong>a Stuttgart ( Alemanya) amb el prestigi\u00f3s <em>Superplatz\n<\/em>2020 que concedeix el club &nbsp;d\u2019automobilistes ADAC ( el que t\u00e9\nm\u00e9s socis d\u2019Alemanya amb m\u00e9s de 20 milions de fam\u00edlies associades). <strong>Representen el 50% dels\nreconeixements que s\u2019han entregat a Catalunya (12 en total)&nbsp; i 16 a tot l\u2019Estat espanyol. <\/strong><\/p>\n\n\n\n<p>A m\u00e9s, a Stuttgart dos c\u00e0mpings gironins van\nquedar finalistes: <strong>la Ballena Alegre,<\/strong>\nen la categoria de \u201cmillor c\u00e0mping amb consci\u00e8ncia sostenible i ambiental\nd\u2019Europa\u201d&nbsp; i l<strong>\u2019\u00c0mfora<\/strong>, en la categoria de \u201cmillor c\u00e0mping en digitalitzaci\u00f3 i\nm\u00e0rqueting online\u201d.<\/p>\n\n\n\n<p>Els guardons s\u2019han atorgat en el marc del\nCMT,&nbsp; dedicada al carav\u00e0ning, l\u2019automobilisme i el turisme, una altra de\nles fires importants d\u2019Europa especialitzada en el sector.<\/p>\n\n\n\n<p>El president de l\u2019Associaci\u00f3 de C\u00e0mpings de\nGirona, Miquel Gotanegra, que es va despla\u00e7ar a Utrecht i a Stuttgart\nacompanyat del director de l\u2019Ag\u00e8ncia Catalana de Turisme, David Font, ha\ndestacat la import\u00e0ncia d\u2019aquests premis que <strong>\u201ccontribueixen a\nprojectar la imatge de qualitat de la nostra destinaci\u00f3 i ens anima a continuar\ninvertint per mantenir els nostres establiments al dia i seguir adaptant-los a\nles tend\u00e8ncies del mercat perqu\u00e8 puguin continuar essent a l\u2019elit del sector a\nEuropa\u201d.<\/strong><\/p>\n\n\n\n<p>Els <em>Superplatz <\/em>s\u00f3n&nbsp; un dels premis m\u00e9s importants\nd\u2019Europa i es concedeixen als c\u00e0mpings que compten amb les millors\ninstal\u00b7lacions, oferta complement\u00e0ria i serveis.&nbsp;&nbsp; Aquests nous\nreconeixements&nbsp; tamb\u00e9 queden reflectits en les guies de c\u00e0mpings que edita\nl\u2019ADAC que s\u00f3n un referent important per als campistes&nbsp; alemanys.<\/p>\n\n\n\n<p>Igual que el Topcamping de l\u2019ANWB els c\u00e0mpings distingits a\nStuttgart s\u2019han inspeccionat durant l\u2019estiu del 2019 i&nbsp; han hagut de\ncomplir prop de 300 par\u00e0metres en relaci\u00f3 a les instal\u00b7lacions sanit\u00e0ries, el\nterreny i les parcel\u00b7les , les activitats d\u2019oci, l\u2019oferta de restauraci\u00f3 , la\npossibilitat de compres i de bany. En aquest cas els reconeixements s\u2019atorguen\nsegons l\u2019opini\u00f3 dels inspectors.<\/p>\n\n\n\n<p>Una gran part dels clients dels c\u00e0mpings gironins s\u00f3n estrangers,\nsobretot holandesos i alemanys, d\u2019on provenen els principals reconeixements\ninternacionals rebuts aquests dies pels c\u00e0mpings gironins.<\/p>\n","protected":false},"excerpt":{"rendered":"<p>Els c\u00e0mpings gironins han rebut un any m\u00e9s importants reconeixements que els situen entre els millors d\u2019Europa i avalen la gran qualitat i l\u2019excel\u00b7l\u00e8ncia dels establiments. Aquests reconeixements reafirmen el lideratge de la destinaci\u00f3 en el sector a Europa. &nbsp;A Utrecht ( Holanda), i en el marc de la fira Vakantiebeurs, set c\u00e0mpings de les [&hellip;]<\/p>\n","protected":false},"author":1,"featured_media":97570,"comment_status":"closed","ping_status":"open","sticky":false,"template":"","format":"standard","meta":{"_acf_changed":false,"footnotes":""},"categories":[],"tags":[],"class_list":["post-97569","post","type-post","status-publish","format-standard","has-post-thumbnail","hentry"],"acf":[],"_links":{"self":[{"href":"https:\/\/acg.campingsingirona.com\/ca\/wp-json\/wp\/v2\/posts\/97569","targetHints":{"allow":["GET"]}}],"collection":[{"href":"https:\/\/acg.campingsingirona.com\/ca\/wp-json\/wp\/v2\/posts"}],"about":[{"href":"https:\/\/acg.campingsingirona.com\/ca\/wp-json\/wp\/v2\/types\/post"}],"author":[{"embeddable":true,"href":"https:\/\/acg.campingsingirona.com\/ca\/wp-json\/wp\/v2\/users\/1"}],"replies":[{"embeddable":true,"href":"https:\/\/acg.campingsingirona.com\/ca\/wp-json\/wp\/v2\/comments?post=97569"}],"version-history":[{"count":1,"href":"https:\/\/acg.campingsingirona.com\/ca\/wp-json\/wp\/v2\/posts\/97569\/revisions"}],"predecessor-version":[{"id":104090,"href":"https:\/\/acg.campingsingirona.com\/ca\/wp-json\/wp\/v2\/posts\/97569\/revisions\/104090"}],"wp:featuredmedia":[{"embeddable":true,"href":"https:\/\/acg.campingsingirona.com\/ca\/wp-json\/wp\/v2\/media\/97570"}],"wp:attachment":[{"href":"https:\/\/acg.campingsingirona.com\/ca\/wp-json\/wp\/v2\/media?parent=97569"}],"wp:term":[{"taxonomy":"category","embeddable":true,"href":"https:\/\/acg.campingsingirona.com\/ca\/wp-json\/wp\/v2\/categories?post=97569"},{"taxonomy":"post_tag","embeddable":true,"href":"https:\/\/acg.campingsingirona.com\/ca\/wp-json\/wp\/v2\/tags?post=97569"}],"curies":[{"name":"wp","href":"https:\/\/api.w.org\/{rel}","templated":true}]}}