{"id":97565,"date":"2020-01-13T00:00:00","date_gmt":"2020-01-13T00:00:00","guid":{"rendered":"https:\/\/acg.campingsingirona.com\/en\/blog\/campings-gironins-reben-guardo-turisme-responsable-generalitat\/"},"modified":"2023-10-18T09:04:07","modified_gmt":"2023-10-18T09:04:07","slug":"campings-gironins-reben-guardo-turisme-responsable-generalitat","status":"publish","type":"post","link":"https:\/\/acg.campingsingirona.com\/ca\/campings-gironins-reben-guardo-turisme-responsable-generalitat\/","title":{"rendered":"Els c\u00e0mpings gironins reben el guard\u00f3 de Turisme Responsable de la Generalitat"},"content":{"rendered":"<p>Els c\u00e0mpings gironins han rebut el guard\u00f3 de Turisme de Catalunya 2019, en la categoria de Turisme Responsable, per les nombroses iniciatives impulsades pel sector en aquest \u00e0mbit .<\/p>\n<p>Segons el Govern, \u201cels c\u00e0mpings gironins han destacat pels nombrosos premis i reconeixements rebuts tant de l\u2019Estat Espanyol com d\u2019Europa per l\u2019excel\u00b7l\u00e8ncia en el servei, la relaci\u00f3 qualitat\/preu i les seves pol\u00edtiques mediambientals i sostenibles. Aquesta aposta ferma els ha portat a liderar un model de turisme responsable on el medi ambient, la sostenibilitat, la cultura i la proximitat s\u00f3n les claus. \u00c9s en aquest punt on l\u2019Associaci\u00f3 de C\u00e0mpings de Girona actua com a dinamitzador i catalitzador d\u2019iniciatives de turisme responsable, aix\u00ed com de facilitador d\u2019eines i oportunitats amb l\u2019objectiu que els c\u00e0mpings associats puguin adoptar mesures responsables en els seus establiments. Des de l\u2019Associaci\u00f3 han impulsat onze iniciatives que van des del turisme accessible i inclusiu al foment del cicloturisme, passant per la promoci\u00f3 dels productes de proximitat (quil\u00f2metre zero), la distinci\u00f3 en qualitat ambiental, la promoci\u00f3 de la cultura catalana o la responsabilitat social corporativa en els c\u00e0mpings gironins.\u201d<\/p>\n<p>El guard\u00f3 el va recollir el passat 9 de gener el president de l\u2019Associaci\u00f3, Miquel Gotanegra, de la m\u00e0 del president del Govern Quim Torra, acompanyat de la consellera d\u2019Empresa i Coneixement \u00c0ngels Chac\u00f3n, en un acte &nbsp;que va tenir lloc al Sal\u00f3 Sant Jordi del Palau de la Generalitat. Gotanegra va agra\u00efr la gran implicaci\u00f3 dels c\u00e0mpings gironins en l\u2019\u00e0mbit del turisme responsable que ha fet possible rebre aquest reconeixement institucional, el m\u00e9s prestigi\u00f3s de Catalunya.<\/p>\n<p>Els c\u00e0mpings gironins fa anys que apliquen pr\u00e0ctiques responsables en els seus establiments; s\u00f3n un dels col\u00b7lectius que compta amb m\u00e9s segells de qualitat mediambientals. A m\u00e9s, cada any duen a terme inversions en mesures energ\u00e8tiques m\u00e9s eficients i menys contaminants, apliquen i fomenten el reciclatge i la reducci\u00f3 de pl\u00e0stics i promouen&nbsp; el consum de productes locals, les tradicions i la gastronomia del pa\u00eds, entre d\u2019altres. Una de les accions m\u00e9s destacades s\u2019ha dut a terme aquesta temporada passada amb una potent campanya solid\u00e0ria, pionera al sector, que tenia per objectiu recollir diners per a la investigaci\u00f3 del c\u00e0ncer infantil a trav\u00e9s de l\u2019Associaci\u00f3 Polseres Candela que ha organitzat tallers per a nens i nenes als c\u00e0mpings gironins. La campanya \u201c<strong>c\u00e0mping solidari\u201d<\/strong> s\u2019ha emmarcat en l\u2019aposta dels establiments per la responsabilitat social corporativa que tamb\u00e9 inclou la creaci\u00f3, fa m\u00e9s d\u2019un any, de la Fundaci\u00f3 C\u00e0mpings de Girona per donar suport als infants amb malalties i a les seves fam\u00edlies i per a la investigaci\u00f3 d\u2019aquesta problem\u00e0tica .<\/p>\n<p><strong>Turisme de qualitat i sostenible<\/strong><\/p>\n<p>El respecte per l\u2019entorn i la gesti\u00f3 sostenible s\u00f3n clau en els c\u00e0mpings gironins. Durant el 2019 els 73 establiments que formen l\u2019Associaci\u00f3 de C\u00e0mpings de Girona (ACG) van invertir m\u00e9s de 45 milions d\u2019euros per millorar la qualitat de les instal\u00b7lacions i per seguir avan\u00e7ant en la sostenibilitat ambiental. I tamb\u00e9 perqu\u00e8&nbsp; molts establiments es troben a la costa o en paratges \u00fanics i parcs naturals. En aquest sentit durant la darrera temporada s\u2019han fet millores en les canalitzacions d\u2019aigua per integrar-les m\u00e9s en l\u2019entorn, construccions de carrils bici, adquisici\u00f3 de vehicles el\u00e8ctrics o instal\u00b7lacions de plaques fotovoltaiques per subministrar energia a les instal\u00b7lacions. La demarcaci\u00f3 de Girona compta amb el primer c\u00e0mping d\u2019Espanya amb bungalous autosuficients, La Ballena Alegre<strong>,<\/strong> de Sant Pere Pescador (cada bungalou disposa d\u2019una bateria amb deu plaques fotovoltaiques que acumulen energia i la transformen en electricitat).<\/p>\n<p>Per altra banda, 17 c\u00e0mpings de les comarques gironines ( el 20% de les places que el sector ofereix a la demarcaci\u00f3) disposen de segells de qualitat mediambiental com ara els certificats EMAS, ISO, o l\u2019 Starlight Dark Sky que t\u00e9 el <strong>Bassegoda Park, d\u2019Albany\u00e0<\/strong> (l\u2019\u00fanic a l\u2019Estat espanyol)&nbsp; i el Biosphere Responsable Tourisme amb que compta el <strong>c\u00e0mping Begur<\/strong> , (tamb\u00e9 el primer d\u2019Espanya). A m\u00e9s,&nbsp; <strong>Les Medes<\/strong>, de l\u2019Estartit,&nbsp; va ser el primer c\u00e0mping de tot l\u2019Estat en obtenir un&nbsp; distintiu mediambiental.<\/p>\n<p>Alguns c\u00e0mpings gironins ofereixen tallers de reciclatge &nbsp;per conscienciar els petits .<\/p>\n<p><strong>Turisme inclusiu<\/strong><\/p>\n<p>Aquest 2019 l\u2019Associaci\u00f3 &nbsp;ha impulsat, conjuntament amb la Universitat de Girona, un estudi d\u2019accessibilitat entre els c\u00e0mpings associats per determinar les mancances en aquest \u00e0mbit i amb l\u2019objectiu d\u2019adoptar un segell de diferenciaci\u00f3 propi de c\u00e0mpings especialitzats en turisme accessible. A m\u00e9s, es va dur a terme una prova pilot amb l\u2019empresa de turisme inclusiu MyGuidoo per posar en marxa una aplicaci\u00f3 audioguiada, sense necessitat de roaming o wifi, que permet l\u2019\u00fas de les Vies Verdes per persones amb dificultats de vista.<\/p>\n<p><strong>Promoci\u00f3 dels productes locals<\/strong><\/p>\n<p>Els c\u00e0mpings gironins tamb\u00e9 aposten per la promoci\u00f3 dels productes locals. Molts c\u00e0mpings ofereixen una carta de cuina catalana i venda de productes artesans i locals. Per exemple, el <strong>C\u00e0mping Port de la Selva <\/strong>ofereix activitats a l\u2019hort de l\u2019establiment a on els petits aprenen tot el relacionat amb els productes aut\u00f2ctons de la terra i a tenir cura&nbsp; l\u2019hort.<\/p>\n","protected":false},"excerpt":{"rendered":"<p>Els c\u00e0mpings gironins han rebut el guard\u00f3 de Turisme de Catalunya 2019, en la categoria de Turisme Responsable, per les nombroses iniciatives impulsades pel sector en aquest \u00e0mbit . Segons el Govern, \u201cels c\u00e0mpings gironins han destacat pels nombrosos premis i reconeixements rebuts tant de l\u2019Estat Espanyol com d\u2019Europa per l\u2019excel\u00b7l\u00e8ncia en el servei, la [&hellip;]<\/p>\n","protected":false},"author":1,"featured_media":97566,"comment_status":"closed","ping_status":"open","sticky":false,"template":"","format":"standard","meta":{"_acf_changed":false,"footnotes":""},"categories":[],"tags":[],"class_list":["post-97565","post","type-post","status-publish","format-standard","has-post-thumbnail","hentry"],"acf":[],"_links":{"self":[{"href":"https:\/\/acg.campingsingirona.com\/ca\/wp-json\/wp\/v2\/posts\/97565","targetHints":{"allow":["GET"]}}],"collection":[{"href":"https:\/\/acg.campingsingirona.com\/ca\/wp-json\/wp\/v2\/posts"}],"about":[{"href":"https:\/\/acg.campingsingirona.com\/ca\/wp-json\/wp\/v2\/types\/post"}],"author":[{"embeddable":true,"href":"https:\/\/acg.campingsingirona.com\/ca\/wp-json\/wp\/v2\/users\/1"}],"replies":[{"embeddable":true,"href":"https:\/\/acg.campingsingirona.com\/ca\/wp-json\/wp\/v2\/comments?post=97565"}],"version-history":[{"count":1,"href":"https:\/\/acg.campingsingirona.com\/ca\/wp-json\/wp\/v2\/posts\/97565\/revisions"}],"predecessor-version":[{"id":104088,"href":"https:\/\/acg.campingsingirona.com\/ca\/wp-json\/wp\/v2\/posts\/97565\/revisions\/104088"}],"wp:featuredmedia":[{"embeddable":true,"href":"https:\/\/acg.campingsingirona.com\/ca\/wp-json\/wp\/v2\/media\/97566"}],"wp:attachment":[{"href":"https:\/\/acg.campingsingirona.com\/ca\/wp-json\/wp\/v2\/media?parent=97565"}],"wp:term":[{"taxonomy":"category","embeddable":true,"href":"https:\/\/acg.campingsingirona.com\/ca\/wp-json\/wp\/v2\/categories?post=97565"},{"taxonomy":"post_tag","embeddable":true,"href":"https:\/\/acg.campingsingirona.com\/ca\/wp-json\/wp\/v2\/tags?post=97565"}],"curies":[{"name":"wp","href":"https:\/\/api.w.org\/{rel}","templated":true}]}}