{"id":97563,"date":"2019-11-20T00:00:00","date_gmt":"2019-11-20T00:00:00","guid":{"rendered":"https:\/\/acg.campingsingirona.com\/en\/blog\/reunio-campings-gironins-alumnes-grau-dual-danimacio-socioesportiva\/"},"modified":"2023-10-18T09:04:06","modified_gmt":"2023-10-18T09:04:06","slug":"reunio-campings-gironins-alumnes-grau-dual-danimacio-socioesportiva","status":"publish","type":"post","link":"https:\/\/acg.campingsingirona.com\/ca\/reunio-campings-gironins-alumnes-grau-dual-danimacio-socioesportiva\/","title":{"rendered":"Reuni\u00f3 de c\u00e0mpings gironins amb alumnes del primer grau dual d\u2019animaci\u00f3 socioesportiva"},"content":{"rendered":"<p>Els c\u00e0mpings implicats, alumnes del grau superior i diversos agents col\u00b7laboradors van dur a terme, al c\u00e0mping Salat\u00e0 de Roses, una jornada de valoraci\u00f3 en el marc del primer curs de grau superior DUAL CFGS d\u2019animaci\u00f3 socioesportiva amb especialitzaci\u00f3 en c\u00e0mpings, que es duu a terme a l\u2019INS Illa de Rodes de Roses.<\/p>\n<p>Els c\u00e0mpings presents en la trobada van exposar les seves experi\u00e8ncies amb els alumnes acollits en els diferents establiments i es va fer un recull de suggeriments per a la propera edici\u00f3, com potenciar la formaci\u00f3 en idiomes i afavorir la formaci\u00f3 i l\u2019acompanyament del alumnes als llocs de feina per part de les empreses sobretot durant les primeres setmanes d\u2019estada.<\/p>\n<p>&nbsp;<\/p>\n<p>La trobada va comptar amb la pres\u00e8ncia del president de l\u2019Associaci\u00f3 de C\u00e0mpings de Girona, Miquel Gotanegra, i de membres de l\u2019equip acad\u00e8mic de l\u2019INS Illa de Rodes, representants de 6 c\u00e0mpings gironins i de l\u2019empresa GAP Serveis Tur\u00edstics.<\/p>\n<p>Miquel Gotanegra va destacar que \u201c\u00e9s molt important potenciar la relaci\u00f3 entre els c\u00e0mpings i els centres educatius per tal de formar treballadors qualificats que aportin valor afegit al nostre sector i qualitat als serveis\u201d,&nbsp; i va recordar que \u201cl\u2019animaci\u00f3 esdev\u00e9 un aspecte clau per als establiments\u2019\u2019.<\/p>\n<p>La formaci\u00f3 dual permet els estudiants combinar la formaci\u00f3 en el centre educatiu amb l\u2019activitat en una empresa. Des d\u2019aquest any s\u2019est\u00e0 oferint a l\u2019INS Illa de Rodes, en col\u00b7laboraci\u00f3 amb l\u2019Associaci\u00f3 de C\u00e0mpings de Girona,&nbsp; el cicle de FP de grau superior \u201cd\u2019Ensenyament i Animaci\u00f3 Socioesportiva\u201d&nbsp; en la modalitat dual que s\u2019ha enfocat a l\u2019animaci\u00f3 socioesportiva en c\u00e0mpings i tamb\u00e9 altres centres tur\u00edstics. Es tracta d\u2019una reivindicaci\u00f3 de formaci\u00f3 espec\u00edfica de l\u2019Associaci\u00f3 al Departament d\u2019Educaci\u00f3 de la Generalitat.<\/p>\n<p>La iniciativa s\u2019emmarca en la voluntat de l\u2019Associaci\u00f3 de disposar de suficient personal espec\u00edfic i qualificat en aquest \u00e0mbit tenint en compte que es preveu que la demanda vagi a m\u00e9s.<\/p>\n<p><strong>970 hores de formaci\u00f3 en empresa<\/strong><\/p>\n<p>Els alumnes que opten per l\u2019FP Dual es formen al centre educatiu&nbsp; i a l\u2019empresa on accedeixen mitjan\u00e7ant una beca i un proc\u00e9s de selecci\u00f3. En total s\u00f3n unes 970 hores que es divideixen en dos cursos escolars, segons les necessitats&nbsp; de les empreses. Hi ha la possibilitat de contractar l\u2019alumne si s\u2019adequa a les necessitats de l\u2019empresa, un cop finalitzin la beca.<\/p>\n","protected":false},"excerpt":{"rendered":"<p>Els c\u00e0mpings implicats, alumnes del grau superior i diversos agents col\u00b7laboradors van dur a terme, al c\u00e0mping Salat\u00e0 de Roses, una jornada de valoraci\u00f3 en el marc del primer curs de grau superior DUAL CFGS d\u2019animaci\u00f3 socioesportiva amb especialitzaci\u00f3 en c\u00e0mpings, que es duu a terme a l\u2019INS Illa de Rodes de Roses. Els c\u00e0mpings [&hellip;]<\/p>\n","protected":false},"author":1,"featured_media":97564,"comment_status":"closed","ping_status":"open","sticky":false,"template":"","format":"standard","meta":{"_acf_changed":false,"footnotes":""},"categories":[],"tags":[],"class_list":["post-97563","post","type-post","status-publish","format-standard","has-post-thumbnail","hentry"],"acf":[],"_links":{"self":[{"href":"https:\/\/acg.campingsingirona.com\/ca\/wp-json\/wp\/v2\/posts\/97563","targetHints":{"allow":["GET"]}}],"collection":[{"href":"https:\/\/acg.campingsingirona.com\/ca\/wp-json\/wp\/v2\/posts"}],"about":[{"href":"https:\/\/acg.campingsingirona.com\/ca\/wp-json\/wp\/v2\/types\/post"}],"author":[{"embeddable":true,"href":"https:\/\/acg.campingsingirona.com\/ca\/wp-json\/wp\/v2\/users\/1"}],"replies":[{"embeddable":true,"href":"https:\/\/acg.campingsingirona.com\/ca\/wp-json\/wp\/v2\/comments?post=97563"}],"version-history":[{"count":1,"href":"https:\/\/acg.campingsingirona.com\/ca\/wp-json\/wp\/v2\/posts\/97563\/revisions"}],"predecessor-version":[{"id":104087,"href":"https:\/\/acg.campingsingirona.com\/ca\/wp-json\/wp\/v2\/posts\/97563\/revisions\/104087"}],"wp:featuredmedia":[{"embeddable":true,"href":"https:\/\/acg.campingsingirona.com\/ca\/wp-json\/wp\/v2\/media\/97564"}],"wp:attachment":[{"href":"https:\/\/acg.campingsingirona.com\/ca\/wp-json\/wp\/v2\/media?parent=97563"}],"wp:term":[{"taxonomy":"category","embeddable":true,"href":"https:\/\/acg.campingsingirona.com\/ca\/wp-json\/wp\/v2\/categories?post=97563"},{"taxonomy":"post_tag","embeddable":true,"href":"https:\/\/acg.campingsingirona.com\/ca\/wp-json\/wp\/v2\/tags?post=97563"}],"curies":[{"name":"wp","href":"https:\/\/api.w.org\/{rel}","templated":true}]}}