{"id":97537,"date":"2019-09-27T00:00:00","date_gmt":"2019-09-27T00:00:00","guid":{"rendered":"https:\/\/acg.campingsingirona.com\/en\/blog\/josep-maria-pla-rep-guardo-jaume-genover-pel-gran-impuls-sector\/"},"modified":"2023-10-18T09:04:01","modified_gmt":"2023-10-18T09:04:01","slug":"josep-maria-pla-rep-guardo-jaume-genover-pel-gran-impuls-sector","status":"publish","type":"post","link":"https:\/\/acg.campingsingirona.com\/ca\/josep-maria-pla-rep-guardo-jaume-genover-pel-gran-impuls-sector\/","title":{"rendered":"Josep Maria Pla, rep el guard\u00f3 Jaume Genover pel gran impuls al sector"},"content":{"rendered":"<p>Josep Maria Pla i Calsina ha estat reconegut amb el guard\u00f3 Jaume Genover 2019 que concedeix l\u2019Associaci\u00f3 de C\u00e0mpings de Girona \u00a0pel gran impuls que ha donat al sector. El reconeixement es va lliurar\u00a0 en el marc de la Nit dels C\u00e0mpings Gironins, que es va dur a terme el 25 de setembre al Mas Marroch de Vilablareix i va comptar amb la pres\u00e8ncia del president de la Diputaci\u00f3 de Girona i del Patronat de Turisme Costa Brava Girona, Miquel Noguer, i del Secretari d\u2019Empresa i Competitivitat de la Generalitat, Joaquim Ferrer. L\u2019acte va ser condu\u00eft pel presentador i actor Toby Harper.<\/p>\n<p>President de l\u2019Associaci\u00f3 de C\u00e0mpings de les comarques de Girona del 2009 al 2013 i propietari del c\u00e0mping Les Medes de l\u2019Estartit, \u00e9s una de les persones que m\u00e9s ha contribu\u00eft amb el seu gran esfor\u00e7 al posicionament del sector.<\/p>\n<p>El president de l\u2019Associaci\u00f3 de C\u00e0mpings de Girona, Miquel Gotanegra, va agrair la gran tasca que han fet empresaris com Josep Maria Pla, al que va succeir l\u2019any 2013 al front de l\u2019Associaci\u00f3 de C\u00e0mpings i amb el qual continua colze a colze treballant per al sector, ara amb Josep Maria Pla com a vicepresident. Durant el seu mandat com a president, Josep Maria Pla va ser vicepresident de la Federaci\u00f3 Espanyola d\u2019Empresaris del C\u00e0mping.<\/p>\n<p>Nascut a Cassa de la Selva\u00a0 l\u2019any 1962, Josep Maria Pla \u00e9s t\u00e8cnic en Empreses i Activitats Tur\u00edstiques i gerent de Les Medes des de 1985. El C\u00e0mping Les Medes \u00e9s \u201cBest Camping\u201d ANWB (Automobil Club Holanda) de 2013 a 2019 i \u201cSuperplatz\u201d ADAC (Automobil Club Alemania) de 2013 a 2019. El c\u00e0mping tamb\u00e9 va rebre l\u2019any 1999 el Diploma Tur\u00edstic de la Generalitat de Catalunya i el Premi Europapreis 2010 del DCC (Deutsch Camping Club)\u00a0 i t\u00e9 les Certificacions ISO 9001 (Gesti\u00f3 de la Qualitat), ISO 14001 (Gesti\u00f3 Mediambiental), el Distintiu de Qualitat ambiental de la Generalitat de Catalunya i est\u00e0 acreditat amb la Carta Europea pel Turisme Sostenible. El c\u00e0mping Les Medes va ser el primer c\u00e0mping europeu en aconseguir el segell de qualitat mediambiental EMAS, l\u2019any 1999. Tamb\u00e9 \u00e9s el c\u00e0mping m\u00e9s petit d\u2019Espanya amb la m\u00e0xima qualificaci\u00f3 (5 estrelles) alemanya i holandesa, Best C\u00e0mping i Top C\u00e0mping, respectivament.<\/p>\n<p>Josep Maria Pla tamb\u00e9 ha estat president de l\u2019Estaci\u00f3 N\u00e0utica L\u2019Estartit Illes Medes del 2009 al 2016 i actualment \u00e9s vicepresident de l\u2019Associaci\u00f3 de C\u00e0mpings de Girona i vicepresident de l\u2019Estaci\u00f3 N\u00e0utica l\u2019Estartit Illes Medes, a m\u00e9s de membre de la Junta Directiva de la Comunitat d\u2019Usuaris d\u2019Aig\u00fces del Baix Ter.<\/p>\n","protected":false},"excerpt":{"rendered":"<p>Josep Maria Pla i Calsina ha estat reconegut amb el guard\u00f3 Jaume Genover 2019 que concedeix l\u2019Associaci\u00f3 de C\u00e0mpings de Girona \u00a0pel gran impuls que ha donat al sector. El reconeixement es va lliurar\u00a0 en el marc de la Nit dels C\u00e0mpings Gironins, que es va dur a terme el 25 de setembre al Mas [&hellip;]<\/p>\n","protected":false},"author":1,"featured_media":97538,"comment_status":"closed","ping_status":"open","sticky":false,"template":"","format":"standard","meta":{"_acf_changed":false,"footnotes":""},"categories":[],"tags":[],"class_list":["post-97537","post","type-post","status-publish","format-standard","has-post-thumbnail","hentry"],"acf":[],"_links":{"self":[{"href":"https:\/\/acg.campingsingirona.com\/ca\/wp-json\/wp\/v2\/posts\/97537","targetHints":{"allow":["GET"]}}],"collection":[{"href":"https:\/\/acg.campingsingirona.com\/ca\/wp-json\/wp\/v2\/posts"}],"about":[{"href":"https:\/\/acg.campingsingirona.com\/ca\/wp-json\/wp\/v2\/types\/post"}],"author":[{"embeddable":true,"href":"https:\/\/acg.campingsingirona.com\/ca\/wp-json\/wp\/v2\/users\/1"}],"replies":[{"embeddable":true,"href":"https:\/\/acg.campingsingirona.com\/ca\/wp-json\/wp\/v2\/comments?post=97537"}],"version-history":[{"count":1,"href":"https:\/\/acg.campingsingirona.com\/ca\/wp-json\/wp\/v2\/posts\/97537\/revisions"}],"predecessor-version":[{"id":104082,"href":"https:\/\/acg.campingsingirona.com\/ca\/wp-json\/wp\/v2\/posts\/97537\/revisions\/104082"}],"wp:featuredmedia":[{"embeddable":true,"href":"https:\/\/acg.campingsingirona.com\/ca\/wp-json\/wp\/v2\/media\/97538"}],"wp:attachment":[{"href":"https:\/\/acg.campingsingirona.com\/ca\/wp-json\/wp\/v2\/media?parent=97537"}],"wp:term":[{"taxonomy":"category","embeddable":true,"href":"https:\/\/acg.campingsingirona.com\/ca\/wp-json\/wp\/v2\/categories?post=97537"},{"taxonomy":"post_tag","embeddable":true,"href":"https:\/\/acg.campingsingirona.com\/ca\/wp-json\/wp\/v2\/tags?post=97537"}],"curies":[{"name":"wp","href":"https:\/\/api.w.org\/{rel}","templated":true}]}}