{"id":97480,"date":"2019-05-08T00:00:00","date_gmt":"2019-05-08T00:00:00","guid":{"rendered":"https:\/\/acg.campingsingirona.com\/en\/blog\/camping-rubina-resort-dempuriabrava-acuoll-trobada-diocesana-turisme\/"},"modified":"2023-10-18T09:03:42","modified_gmt":"2023-10-18T09:03:42","slug":"camping-rubina-resort-dempuriabrava-acuoll-trobada-diocesana-turisme","status":"publish","type":"post","link":"https:\/\/acg.campingsingirona.com\/ca\/camping-rubina-resort-dempuriabrava-acuoll-trobada-diocesana-turisme\/","title":{"rendered":"El c\u00e0mping Rubina Resort d&#8217;Empuriabrava acull la Trobada Diocesana de Turisme"},"content":{"rendered":"<p>El c\u00e0mping Rubina Resort d&#8217;Empuriabrava ha acollit avui la Trobada Diocesana de Turisme que organitza la Delegaci\u00f3 Episcopal de Turisme del Bisbat de Girona i que aquest any s&#8217;ha centrat en la import\u00e0ncia de l&#8217;oci en el turisme. El president de l&#8217;Associaci\u00f3 de C\u00e0mpings de Girona, Miquel Gotanegra,\u00a0 ha participat en la cloenda de l&#8217;acte que ha anat a c\u00e0rrec del Bisbe de Girona, Francesc Pardo.<\/p>\n<p>Durant la seva intervenci\u00f3 Miquel Gotanegra ha fet un rep\u00e0s de l&#8217;evoluci\u00f3 dels c\u00e0mpings en els \u00faltims anys fins a convertir-se en aut\u00e8ntics parcs de vacances sense oblidar la seva ess\u00e8ncia. El president de l&#8217;ACG tamb\u00e9 ha destacat la constant inversi\u00f3 dels establiments per mantenir l&#8217;excel.l\u00e8ncia\u00a0 aix\u00ed com la gran aposta del sector per la especialitzaci\u00f3, per oferir experi\u00e8ncies cada vegada m\u00e9s innovadores, i pel respecte per l&#8217;entorn. A m\u00e9s, Gotanegra ha remarcat la sensibilitat dels c\u00e0mpings gironins cap a les iniciatives solid\u00e0ries i altruistes, i en aquest sentit ha anunciat que el projecte de la Fundaci\u00f3 C\u00e0mpings de Girona \u00e9s a punt de posar-se en marxa.<\/p>\n","protected":false},"excerpt":{"rendered":"<p>El c\u00e0mping Rubina Resort d&#8217;Empuriabrava ha acollit avui la Trobada Diocesana de Turisme que organitza la Delegaci\u00f3 Episcopal de Turisme del Bisbat de Girona i que aquest any s&#8217;ha centrat en la import\u00e0ncia de l&#8217;oci en el turisme. El president de l&#8217;Associaci\u00f3 de C\u00e0mpings de Girona, Miquel Gotanegra,\u00a0 ha participat en la cloenda de l&#8217;acte [&hellip;]<\/p>\n","protected":false},"author":1,"featured_media":97481,"comment_status":"closed","ping_status":"open","sticky":false,"template":"","format":"standard","meta":{"_acf_changed":false,"footnotes":""},"categories":[],"tags":[],"class_list":["post-97480","post","type-post","status-publish","format-standard","has-post-thumbnail","hentry"],"acf":[],"_links":{"self":[{"href":"https:\/\/acg.campingsingirona.com\/ca\/wp-json\/wp\/v2\/posts\/97480","targetHints":{"allow":["GET"]}}],"collection":[{"href":"https:\/\/acg.campingsingirona.com\/ca\/wp-json\/wp\/v2\/posts"}],"about":[{"href":"https:\/\/acg.campingsingirona.com\/ca\/wp-json\/wp\/v2\/types\/post"}],"author":[{"embeddable":true,"href":"https:\/\/acg.campingsingirona.com\/ca\/wp-json\/wp\/v2\/users\/1"}],"replies":[{"embeddable":true,"href":"https:\/\/acg.campingsingirona.com\/ca\/wp-json\/wp\/v2\/comments?post=97480"}],"version-history":[{"count":1,"href":"https:\/\/acg.campingsingirona.com\/ca\/wp-json\/wp\/v2\/posts\/97480\/revisions"}],"predecessor-version":[{"id":104065,"href":"https:\/\/acg.campingsingirona.com\/ca\/wp-json\/wp\/v2\/posts\/97480\/revisions\/104065"}],"wp:featuredmedia":[{"embeddable":true,"href":"https:\/\/acg.campingsingirona.com\/ca\/wp-json\/wp\/v2\/media\/97481"}],"wp:attachment":[{"href":"https:\/\/acg.campingsingirona.com\/ca\/wp-json\/wp\/v2\/media?parent=97480"}],"wp:term":[{"taxonomy":"category","embeddable":true,"href":"https:\/\/acg.campingsingirona.com\/ca\/wp-json\/wp\/v2\/categories?post=97480"},{"taxonomy":"post_tag","embeddable":true,"href":"https:\/\/acg.campingsingirona.com\/ca\/wp-json\/wp\/v2\/tags?post=97480"}],"curies":[{"name":"wp","href":"https:\/\/api.w.org\/{rel}","templated":true}]}}