{"id":97473,"date":"2019-04-03T00:00:00","date_gmt":"2019-04-03T00:00:00","guid":{"rendered":"https:\/\/acg.campingsingirona.com\/en\/blog\/campings-gironins-reforcen-seva-aposta-formacio-atendre-demanda-personal-qualificat-sector\/"},"modified":"2023-10-18T09:03:39","modified_gmt":"2023-10-18T09:03:39","slug":"campings-gironins-reforcen-seva-aposta-formacio-atendre-demanda-personal-qualificat-sector","status":"publish","type":"post","link":"https:\/\/acg.campingsingirona.com\/ca\/campings-gironins-reforcen-seva-aposta-formacio-atendre-demanda-personal-qualificat-sector\/","title":{"rendered":"Els c\u00e0mpings gironins reforcen la seva aposta per la formaci\u00f3 per atendre la demanda de personal qualificat del sector"},"content":{"rendered":"<p>L\u2019Associaci\u00f3 de C\u00e0mpings de Girona t\u00e9 clar que la formaci\u00f3 dels equips \u00e9s clau per continuar el cam\u00ed cap a l\u2019excel\u00b7l\u00e8ncia. \u00c9s per aix\u00f2 que ha decidit refor\u00e7ar la seva aposta per fomentar la formaci\u00f3 amb cursos espec\u00edfics sobre el sector a trav\u00e9s del projecte de <strong><em>l\u2019Escola de C\u00e0mping<\/em><\/strong> que l\u2019entitat va posar en marxa fa dos anys.<\/p>\n<p>Aquesta iniciativa, \u00a0que \u00e9s pionera al sector, ha comen\u00e7at \u00a0a donar els primers resultats ja que una trentena de persones s\u2019han format en els \u00faltims dos anys per treballar com a Operaris de Manteniment de C\u00e0mping. A m\u00e9s, \u00a0vuit de les deu persones que han fet el curs aquest any ja estan treballant en diferents establiments de la demarcaci\u00f3.<\/p>\n<p>En el marc d\u2019una <strong>Jornada conjunta entre l\u2019Associaci\u00f3 i l\u2019empresa Dibosch,<\/strong> \u00a0que ahir es va celebrar a Riudellots de la Selva, es va fer entrega dels primers certificats als participants en aquest curs. A l\u2019acte tamb\u00e9 va assistir el Director dels Serveis Territorials d\u2019Empresa i Coneixement a Girona, Josep Polanco.<\/p>\n<p><img loading=\"lazy\" decoding=\"async\" class=\"alignnone size-medium wp-image-1988\" src=\"https:\/\/acg.campingsingirona.com\/wp-content\/uploads\/2023\/04\/IMG_8359-scaled.jpg\" alt=\"\" width=\"300\" height=\"200\" \/><\/p>\n<p>El president de l\u2019Associaci\u00f3 va destacar\u00a0 que els c\u00e0mpings gironins \u201dsom un sector l\u00edder en l\u2019oferta tur\u00edstica, i necessitem que els nostres treballadors tinguin una formaci\u00f3 adequada i encarada als nous reptes que ens planteja el mercat\u201d.<\/p>\n<p>El Director dels Serveis Territorials d\u2019Empresa i Coneixement a Girona va manifestar que \u201cla formaci\u00f3 \u00e9s un valor que l\u2019Associaci\u00f3 de C\u00e0mpings de Girona sempre ha tingut en compte\u201d.<\/p>\n<p>A m\u00e9s, durant la jornada l\u2019Associaci\u00f3 va celebrar la seva Assemblea Extraordin\u00e0ria.<\/p>\n<p><strong>Cursos espec\u00edfics sobre el sector<\/strong><\/p>\n<p>L\u2019objectiu de <strong><em>l\u2019Escola de C\u00e0mping<\/em>,<\/strong> que seguir\u00e0 impulsant \u00a0cursos espec\u00edfics sobre el sector, \u00e9s oferir una formaci\u00f3 \u00a0que s\u2019adeq\u00fci a la demanda dels establiments i que estigui en conson\u00e0ncia amb l\u2019aposta que des de fa temps estan fent els c\u00e0mpings gironins per la qualitat i la sostenibilitat .<\/p>\n<p>El curs d\u2019Operari polivalent de Manteniment de C\u00e0mpings s\u2019ha fet en col\u00b7laboraci\u00f3 amb la Fundaci\u00f3 Gentis i en el marc del programa Incorpora de l\u2019Obra Social de la Caixa . La finalitat tamb\u00e9 \u00e9s afavorir una major incorporaci\u00f3 de les persones amb risc d\u2019exclusi\u00f3 al m\u00f3n laboral ja que la majoria de les persones que hi ha participat estan a l\u2019atur i tenen dificultats per incorporar-se al mercat laboral.\u00a0 Els participants s\u2019han format, concretament, en \u00e0mbits com el manteniment de piscines i anal\u00edtica d\u2019aig\u00fces; manteniment d\u2019infraestructures &#8211; depuradores, calderes de biomassa i electricitat- ; gesti\u00f3 de residus i qualitat mediambiental i \u00a0jardineria.<\/p>\n<p>Les classes te\u00f2riques s\u2019han dut a terme a les instal.lacions que la Fundaci\u00f3 Gentis t\u00e9 a Salt i a Castell\u00f3 d\u2019Emp\u00faries i les pr\u00e0ctiques en diferents c\u00e0mpings de les comarques gironines.<\/p>\n<p><strong>Altres l\u00ednies de formaci\u00f3<\/strong><\/p>\n<p>Les altres l\u00ednies de formaci\u00f3 que s\u2019emmarquen en el projecte de <strong><em>l\u2019Escola de C\u00e0mping<\/em> <\/strong>se centren en el M\u00e0ster en Administraci\u00f3 i Direcci\u00f3 d\u2019Allotjaments Tur\u00edstics que ofereix la Universitat de Girona en col\u00b7laboraci\u00f3 amb la l\u2019entitat; i en el Cicle Formatiu de Grau Superior \u201cd\u2019Ensenyament i Animaci\u00f3 Socioesportiva\u00a0 en la modalitat dual que s\u2019ofereix des d\u2019aquest curs a l\u2019 Institut Illa de Rodes de Roses \u00a0en col.laboraci\u00f3 amb l\u2019ACG i est\u00e0 enfocat a l\u2019animaci\u00f3 socioesportiva en c\u00e0mpings i tamb\u00e9 en altres centres tur\u00edstics. La formaci\u00f3 dual permet els estudiants combinar la formaci\u00f3 en el centre educatiu amb l\u2019activitat en una empresa. Aquest \u00e9s un perfil amb una gran demanda al sector. Es tracta d\u2019una reivindicaci\u00f3 de formaci\u00f3 espec\u00edfica de l\u2019Associaci\u00f3 al Departament d\u2019Educaci\u00f3 de la Generalitat que aquest curs, gr\u00e0cies al projecte dual Illa de Rodes,\u00a0 s\u2019ha fet realitat.<\/p>\n<p>A m\u00e9s, l\u2019Associaci\u00f3 participa des del 2013 en l\u2019assignatura optativa \u201cAllotjaments Extrahotelers\u201d enfocada a la gesti\u00f3 de c\u00e0mpings del 4r curs \u00a0del Grau de Turisme de la Universitat de Girona . L\u2019entitat tamb\u00e9 col.labora en aquesta mateixa assignatura a l\u2019Escola d\u2019Hoteleria i Turisme CETT de la UB.<\/p>\n<p><strong>Pon\u00e8ncia sobre lideratge d\u2019equips<\/strong><\/p>\n<p>La Jornada ha incl\u00f2s una pon\u00e8ncia a c\u00e0rrec de l\u2019expert en psicologia de l\u2019esport <strong>Pep Mar\u00ed<\/strong> , que havia estat\u00a0 cap del departament de Psicologia de l\u2019esport del Centre d\u2018Alt Rendiment Esportiu de Sant Cugat . Mar\u00ed va reivindicar la cultura de l\u2019esfor\u00e7 i de l\u2019equip com a eina per assolir la satisfacci\u00f3 en un mateix.<\/p>\n","protected":false},"excerpt":{"rendered":"<p>L\u2019Associaci\u00f3 de C\u00e0mpings de Girona t\u00e9 clar que la formaci\u00f3 dels equips \u00e9s clau per continuar el cam\u00ed cap a l\u2019excel\u00b7l\u00e8ncia. \u00c9s per aix\u00f2 que ha decidit refor\u00e7ar la seva aposta per fomentar la formaci\u00f3 amb cursos espec\u00edfics sobre el sector a trav\u00e9s del projecte de l\u2019Escola de C\u00e0mping que l\u2019entitat va posar en marxa [&hellip;]<\/p>\n","protected":false},"author":1,"featured_media":97475,"comment_status":"closed","ping_status":"open","sticky":false,"template":"","format":"standard","meta":{"_acf_changed":false,"footnotes":""},"categories":[],"tags":[],"class_list":["post-97473","post","type-post","status-publish","format-standard","has-post-thumbnail","hentry"],"acf":[],"_links":{"self":[{"href":"https:\/\/acg.campingsingirona.com\/ca\/wp-json\/wp\/v2\/posts\/97473","targetHints":{"allow":["GET"]}}],"collection":[{"href":"https:\/\/acg.campingsingirona.com\/ca\/wp-json\/wp\/v2\/posts"}],"about":[{"href":"https:\/\/acg.campingsingirona.com\/ca\/wp-json\/wp\/v2\/types\/post"}],"author":[{"embeddable":true,"href":"https:\/\/acg.campingsingirona.com\/ca\/wp-json\/wp\/v2\/users\/1"}],"replies":[{"embeddable":true,"href":"https:\/\/acg.campingsingirona.com\/ca\/wp-json\/wp\/v2\/comments?post=97473"}],"version-history":[{"count":1,"href":"https:\/\/acg.campingsingirona.com\/ca\/wp-json\/wp\/v2\/posts\/97473\/revisions"}],"predecessor-version":[{"id":104062,"href":"https:\/\/acg.campingsingirona.com\/ca\/wp-json\/wp\/v2\/posts\/97473\/revisions\/104062"}],"wp:featuredmedia":[{"embeddable":true,"href":"https:\/\/acg.campingsingirona.com\/ca\/wp-json\/wp\/v2\/media\/97475"}],"wp:attachment":[{"href":"https:\/\/acg.campingsingirona.com\/ca\/wp-json\/wp\/v2\/media?parent=97473"}],"wp:term":[{"taxonomy":"category","embeddable":true,"href":"https:\/\/acg.campingsingirona.com\/ca\/wp-json\/wp\/v2\/categories?post=97473"},{"taxonomy":"post_tag","embeddable":true,"href":"https:\/\/acg.campingsingirona.com\/ca\/wp-json\/wp\/v2\/tags?post=97473"}],"curies":[{"name":"wp","href":"https:\/\/api.w.org\/{rel}","templated":true}]}}