{"id":97410,"date":"2018-07-28T00:00:00","date_gmt":"2018-07-28T00:00:00","guid":{"rendered":"https:\/\/acg.campingsingirona.com\/en\/blog\/exit-torneig-futbol7-campings-girona-vilatenim\/"},"modified":"2023-10-18T09:03:19","modified_gmt":"2023-10-18T09:03:19","slug":"exit-torneig-futbol7-campings-girona-vilatenim","status":"publish","type":"post","link":"https:\/\/acg.campingsingirona.com\/ca\/exit-torneig-futbol7-campings-girona-vilatenim\/","title":{"rendered":"\u00c8xit del I torneig de futbol7 C\u00e0mpings de Girona a Vilatenim"},"content":{"rendered":"<p>El primer torneig de futbol7\u00a0 \u201cC\u00e0mpings de Girona\u201d , que es va dur a terme el 27 de juliol\u00a0 a Vilatenim, ha estat un \u00e8xit. La iniciativa, organitzada per l\u2019Associaci\u00f3 de C\u00e0mpings de Girona en col\u00b7laboraci\u00f3 amb la Uni\u00f3 Esportiva Figueres, va reunir un centenar de participants d\u2019entre 12 i 19 anys. Tots eren turistes que aquest estiu estan passant les seves vacances allotjats en alguns dels\u00a0 c\u00e0mpings associats a l\u2019Associaci\u00f3 de C\u00e0mpings de Girona, molts d\u2019ells de nacionalitat estrangera i tamb\u00e9 catalans i espanyols.<\/p>\n<p>Amb aquest torneig de futbol7 l\u2019Associaci\u00f3 de c\u00e0mpings de Girona ha volgut acostar el territori als turistes que s\u2019allotgen a les seves instal\u00b7lacions i fer-los part\u00edcips dels esdeveniments que es duen a terme a la demarcaci\u00f3. La iniciativa s\u2019emmarca en els actes de celebraci\u00f3 del centenari del club de futbol de la capital de l\u2019Alt Empord\u00e0.<\/p>\n<p>Hi han participaran cinc c\u00e0mpings gironins: Valldaro, de Platja d\u2019Aro ; Internacional de Calonge i\u00a0 Eurocamping, tamb\u00e9 de Calonge; Rifort, de l\u2019Estartit; i Rodas, de Roses . Hi ha hagut tres categories: Infantil ( de 12 a 14 anys), adolescent \u00a0(de 15 a 18 anys) i adults (\u00a0 19 anys).<\/p>\n<p>En finalitzar el torneig el president de l\u2019Associaci\u00f3 de C\u00e0mpings de Girona, Miquel Gotanegra, i el president de la UE Figueres, Narc\u00eds Bardalet, van fer entrega de la copa \u201cC\u00e0mpings de Girona\u201d a l\u2019equip guanyador que va ser el d\u2019adults del c\u00e0mping Valldaro i tamb\u00e9 a l\u2019equip infantil del c\u00e0mping Internacional de Calonge per la seva esportivitat.<\/p>\n<p>\u00c9s la primera vegada que l\u2019Associaci\u00f3 de C\u00e0mpings de Girona du a terme una iniciativa d\u2019aquestes caracter\u00edstiques amb la qual l\u2019entitat tamb\u00e9 vol visualitzar la seva aposta per l\u2019esport giron\u00ed i els esdeveniments esportius de les comarques gironines.<\/p>\n<p><em>\u201cVolem obrir de bat a bat les portes de l\u2019estadi de Vilatenim a tothom. No nom\u00e9s a la gent de Figueres i de la comarca, sin\u00f3 tamb\u00e9 als milers de persones que donen vida als c\u00e0mpings, i que procedeixen de moltes nacionalitats. El torneig \u00e9s una prova pilot, per\u00f2 ens agradaria que tingu\u00e9s una continu\u00eftat en futures edicions i, d\u2019aquesta manera, donar a con\u00e8ixer el nostre club\u201d <\/em>assegura Narc\u00eds Bardalet, president de la Uni\u00f3.<\/p>\n<p><em>\u201cPer a nosaltres \u00e9s molt important que els turistes que passen les seves vacances a casa nostra coneguin el nostre territori , els esdeveniments que s\u2019hi duen a terme i que s\u2019hi puguin implicar. En aquests moments tenim un club que est\u00e0 celebrant el seu centenari i aquest torneig de futbol7 ens ha perm\u00e8s \u00a0acostar\u00a0 i donar a con\u00e8ixer als turistes aquesta celebraci\u00f3\u201d <\/em>destaca el president de l\u2019Associaci\u00f3 Miquel Gotanegra.<\/p>\n","protected":false},"excerpt":{"rendered":"<p>El primer torneig de futbol7\u00a0 \u201cC\u00e0mpings de Girona\u201d , que es va dur a terme el 27 de juliol\u00a0 a Vilatenim, ha estat un \u00e8xit. La iniciativa, organitzada per l\u2019Associaci\u00f3 de C\u00e0mpings de Girona en col\u00b7laboraci\u00f3 amb la Uni\u00f3 Esportiva Figueres, va reunir un centenar de participants d\u2019entre 12 i 19 anys. Tots eren turistes [&hellip;]<\/p>\n","protected":false},"author":1,"featured_media":97411,"comment_status":"closed","ping_status":"open","sticky":false,"template":"","format":"standard","meta":{"_acf_changed":false,"footnotes":""},"categories":[],"tags":[],"class_list":["post-97410","post","type-post","status-publish","format-standard","has-post-thumbnail","hentry"],"acf":[],"_links":{"self":[{"href":"https:\/\/acg.campingsingirona.com\/ca\/wp-json\/wp\/v2\/posts\/97410","targetHints":{"allow":["GET"]}}],"collection":[{"href":"https:\/\/acg.campingsingirona.com\/ca\/wp-json\/wp\/v2\/posts"}],"about":[{"href":"https:\/\/acg.campingsingirona.com\/ca\/wp-json\/wp\/v2\/types\/post"}],"author":[{"embeddable":true,"href":"https:\/\/acg.campingsingirona.com\/ca\/wp-json\/wp\/v2\/users\/1"}],"replies":[{"embeddable":true,"href":"https:\/\/acg.campingsingirona.com\/ca\/wp-json\/wp\/v2\/comments?post=97410"}],"version-history":[{"count":1,"href":"https:\/\/acg.campingsingirona.com\/ca\/wp-json\/wp\/v2\/posts\/97410\/revisions"}],"predecessor-version":[{"id":104045,"href":"https:\/\/acg.campingsingirona.com\/ca\/wp-json\/wp\/v2\/posts\/97410\/revisions\/104045"}],"wp:featuredmedia":[{"embeddable":true,"href":"https:\/\/acg.campingsingirona.com\/ca\/wp-json\/wp\/v2\/media\/97411"}],"wp:attachment":[{"href":"https:\/\/acg.campingsingirona.com\/ca\/wp-json\/wp\/v2\/media?parent=97410"}],"wp:term":[{"taxonomy":"category","embeddable":true,"href":"https:\/\/acg.campingsingirona.com\/ca\/wp-json\/wp\/v2\/categories?post=97410"},{"taxonomy":"post_tag","embeddable":true,"href":"https:\/\/acg.campingsingirona.com\/ca\/wp-json\/wp\/v2\/tags?post=97410"}],"curies":[{"name":"wp","href":"https:\/\/api.w.org\/{rel}","templated":true}]}}