{"id":97395,"date":"2018-06-21T00:00:00","date_gmt":"2018-06-21T00:00:00","guid":{"rendered":"https:\/\/acg.campingsingirona.com\/en\/blog\/fundacio-campings-girona-comenca-caminar\/"},"modified":"2023-10-18T09:03:16","modified_gmt":"2023-10-18T09:03:16","slug":"fundacio-campings-girona-comenca-caminar","status":"publish","type":"post","link":"https:\/\/acg.campingsingirona.com\/ca\/fundacio-campings-girona-comenca-caminar\/","title":{"rendered":"La Fundaci\u00f3 C\u00e0mpings de Girona comen\u00e7a a caminar"},"content":{"rendered":"<p>La Fundaci\u00f3 C\u00e0mpings de Girona, anunciada el mes de mar\u00e7 en el marc de la Nit dels C\u00e0mpings, comen\u00e7a a caminar, segons ha destacat&nbsp; el president de l\u2019Associaci\u00f3 de C\u00e0mpings de Girona, Miquel Gotanegra. L\u2019Assemblea extraordin\u00e0ria, que es va celebrar el 18 de juny&nbsp; a l\u2019espai del Viver d\u2019Empreses Alta Mar de Calonge, va aprovar la proposta d&#8217; estatuts i les finalitats fundacionals de la Fundaci\u00f3: projectar els c\u00e0mpings gironins al costat dels infants i les seves fam\u00edlies, a trav\u00e9s d\u2019ajudes en vacances directes i per mitj\u00e0 de col\u00b7laboracions amb projectes de pediatria d\u2019arreu del territori catal\u00e0. Entre les finalitat tamb\u00e9 hi ha la de solidaritzar-se amb el patiment de fam\u00edlies amb malalties infantils; involucrar la ind\u00fastria campista en el projecte; i vetllar per la reinserci\u00f3 social i laboral d\u2019aquests col\u00b7lectius amb necessitats m\u00e9s espec\u00edfiques o m\u00e9s desfavorits. Per a aconseguir aquestes finalitats fundacionals es far\u00e0 promoci\u00f3 d\u2019accions adre\u00e7ades a millorar la salut, el benestar i el desenvolupament integral dels infants i dels adolescents i la seva qualitat de vida, apostant pel turisme com a eix vertebrador. Tamb\u00e9 vol impulsar accions adre\u00e7ades a millorar el benestar de les fam\u00edlies amb infants i\/o adolescents amb problemes de salut i\/o discapacitats intel\u00b7lectual; promocionar i fomentar estades de vacances per a fam\u00edlies amb pocs recursos i infants o adolescents amb situaci\u00f3 de depend\u00e8ncia; impulsar accions de promoci\u00f3 social, cultural i de formaci\u00f3 laboral per a col\u00b7lectius amb necessitats espec\u00edfiques o m\u00e9s desfavorits; promocionar serveis per mitj\u00e0 d\u2019establiments; contribuir a programes de recerca; i recaptar fons per destinar-los a la promoci\u00f3 i finan\u00e7ament de les finalitats fundacionals de l\u2019Associaci\u00f3.<\/p>\n<p>El domicili de la Fundaci\u00f3 est\u00e0 situat a Girona, a l\u2019edifici FOEG (on l\u2019Associaci\u00f3 hi t\u00e9 la seu). Amb aquest projecte els c\u00e0mpings gironins volen visualitzar-se com establiments que no nom\u00e9s gestionen les vacances dels turistes. Individualment alguns c\u00e0mpings ja &nbsp;duien a terme iniciatives solid\u00e0ries, per\u00f2 a partir d\u2019ara sumaran esfor\u00e7os per impulsar un potent i innovador projecte conjunt.<\/p>\n<p>Per Miquel Gotanegra \u201cla nova Fundaci\u00f3 \u00e9s un projecte engrescador que reafirma el comprom\u00eds que els c\u00e0mpings gironins tenen amb la societat i, en especial, cap als col\u00b7lectius m\u00e9s vulnerables\u201d.<\/p>\n<p>La nova iniciativa busca que les entitats que estiguin vinculades a la Fundaci\u00f3 es solidaritzin amb el patiment de les fam\u00edlies amb fills amb malalties; i que la ind\u00fastria campista s\u2019involucri en la conscienciaci\u00f3 d\u2019aquesta problem\u00e0tica a Catalunya.<\/p>\n<p>La Fundaci\u00f3 est\u00e0 oberta a qualsevol empresa vinculada a la ind\u00fastria del c\u00e0mping que tingui ganes i il\u00b7lusi\u00f3 de col\u00b7laborar per complir els objectius que s\u2019ha proposat l\u2019entitat.<\/p>\n<p><strong>10 milions de pernoctacions<\/strong><\/p>\n<p>Els c\u00e0mpings de les comarques gironines &nbsp;s\u00f3n un dels prove\u00efdors m\u00e9s importants de vacances en fam\u00edlia. Els establiments de la demarcaci\u00f3 estan situats&nbsp; en el top 3 de destins de c\u00e0mping a Europa; ofereixen 135.000 places d\u2019allotjament, una xifra que&nbsp; situa el sector com la primera oferta tur\u00edstica reglada; i generen 10 milions de pernoctacions l\u2019any. El sector representa un impacte econ\u00f2mic de gaireb\u00e9 500 milions d\u2019euros l\u2019any a la demarcaci\u00f3; contribueix anualment&nbsp; amb dos milions a la taxa tur\u00edstica&nbsp; i genera uns 10 mil llocs de treball directes . L\u2019Associaci\u00f3 considera que cal dur a terme accions que reverteixin en la societat i pensa que els infants amb malalties i les seves fam\u00edlies estan entre els col\u00b7lectius m\u00e9s necessitats. \u201c\u00c9s una problem\u00e0tica que ens preocupa molt i per aquest motiu hem optat per enfocar els esfor\u00e7os de la nova Fundaci\u00f3 cap aquest col\u00b7lectiu\u201d, ha assenyalat el president de l\u2019Associaci\u00f3, Miquel Gotanegra.<\/p>\n","protected":false},"excerpt":{"rendered":"<p>La Fundaci\u00f3 C\u00e0mpings de Girona, anunciada el mes de mar\u00e7 en el marc de la Nit dels C\u00e0mpings, comen\u00e7a a caminar, segons ha destacat&nbsp; el president de l\u2019Associaci\u00f3 de C\u00e0mpings de Girona, Miquel Gotanegra. L\u2019Assemblea extraordin\u00e0ria, que es va celebrar el 18 de juny&nbsp; a l\u2019espai del Viver d\u2019Empreses Alta Mar de Calonge, va aprovar [&hellip;]<\/p>\n","protected":false},"author":1,"featured_media":97396,"comment_status":"closed","ping_status":"open","sticky":false,"template":"","format":"standard","meta":{"_acf_changed":false,"footnotes":""},"categories":[],"tags":[],"class_list":["post-97395","post","type-post","status-publish","format-standard","has-post-thumbnail","hentry"],"acf":[],"_links":{"self":[{"href":"https:\/\/acg.campingsingirona.com\/ca\/wp-json\/wp\/v2\/posts\/97395","targetHints":{"allow":["GET"]}}],"collection":[{"href":"https:\/\/acg.campingsingirona.com\/ca\/wp-json\/wp\/v2\/posts"}],"about":[{"href":"https:\/\/acg.campingsingirona.com\/ca\/wp-json\/wp\/v2\/types\/post"}],"author":[{"embeddable":true,"href":"https:\/\/acg.campingsingirona.com\/ca\/wp-json\/wp\/v2\/users\/1"}],"replies":[{"embeddable":true,"href":"https:\/\/acg.campingsingirona.com\/ca\/wp-json\/wp\/v2\/comments?post=97395"}],"version-history":[{"count":1,"href":"https:\/\/acg.campingsingirona.com\/ca\/wp-json\/wp\/v2\/posts\/97395\/revisions"}],"predecessor-version":[{"id":104042,"href":"https:\/\/acg.campingsingirona.com\/ca\/wp-json\/wp\/v2\/posts\/97395\/revisions\/104042"}],"wp:featuredmedia":[{"embeddable":true,"href":"https:\/\/acg.campingsingirona.com\/ca\/wp-json\/wp\/v2\/media\/97396"}],"wp:attachment":[{"href":"https:\/\/acg.campingsingirona.com\/ca\/wp-json\/wp\/v2\/media?parent=97395"}],"wp:term":[{"taxonomy":"category","embeddable":true,"href":"https:\/\/acg.campingsingirona.com\/ca\/wp-json\/wp\/v2\/categories?post=97395"},{"taxonomy":"post_tag","embeddable":true,"href":"https:\/\/acg.campingsingirona.com\/ca\/wp-json\/wp\/v2\/tags?post=97395"}],"curies":[{"name":"wp","href":"https:\/\/api.w.org\/{rel}","templated":true}]}}