{"id":97332,"date":"2018-03-12T00:00:00","date_gmt":"2018-03-12T00:00:00","guid":{"rendered":"https:\/\/acg.campingsingirona.com\/en\/blog\/segona-edicio-jornades-conviure-capacitats-camping-bassegoda-park\/"},"modified":"2023-10-18T09:03:06","modified_gmt":"2023-10-18T09:03:06","slug":"segona-edicio-jornades-conviure-capacitats-camping-bassegoda-park","status":"publish","type":"post","link":"https:\/\/acg.campingsingirona.com\/ca\/segona-edicio-jornades-conviure-capacitats-camping-bassegoda-park\/","title":{"rendered":"Segona  edici\u00f3 de les jornades &#8220;Conviure amb capacitats&#8221; al c\u00e0mping Bassegoda park"},"content":{"rendered":"<p>El Consell Comarcal de l\u2019Alt Empord\u00e0 va acollir divendres 9 de mar\u00e7\u00a0 la presentaci\u00f3 de les II Jornades Conviure amb Capacitats. Despr\u00e9s de recaptar 770 euros l\u2019any passat i aplegar m\u00e9s de 150 participants en la seva primera edici\u00f3, Conviure amb Capacitats avan\u00e7a en el cam\u00ed de la consolidaci\u00f3 com a referent anual a les comarques gironines en el tractament de la discapacitat.<\/p>\n<p>Conviure amb Capacitats es planteja entorn de les hist\u00f2ries de superaci\u00f3 i la capacitat de resili\u00e8ncia de les persones per tractar les capacitats (que no discapacitats) des d\u2019una perspectiva constructiva i sempre integradora. Les Jornades tindran lloc el cap de setmana del 17 i 18 de mar\u00e7 de 2018 al c\u00e0mping Bassegoda Park, a Albany\u00e0 (Alt Empord\u00e0, Girona), complex de bungalous enmig del PEIN de l\u2019Alta Garrotxa.<\/p>\n<p>L\u2019acte de presentaci\u00f3 de les Jornades va comptar amb la pres\u00e8ncia de l\u2019alcalde d\u2019Albany\u00e0, Joan F\u00e0bregas; el gerent del Bassegoda Park, Esteve Guerra; i dos dels organitzadors de Conviure amb Capacitats, Mar Casas i Llu\u00eds Ayats.<\/p>\n<p>Esteve Guerra parlava del naixement de la iniciativa. \u00ab<strong>Es trobava a faltar un punt de trobada de fam\u00edlies\u00bb<\/strong> que tenien relaci\u00f3 amb la discapacitat de manera directa o indirecta. A m\u00e9s, els ponents van insistir que les Jornades s\u00f3n d\u2019assist\u00e8ncia gratu\u00efta, i s\u00f3n tan constructives per a persones vinculades amb el m\u00f3n de la discapacitat com enriquidores per a persones que no. Atesa la bona acollida de les Jornades l\u2019any passat, \u00ab<strong>afrontem aquesta edici\u00f3 amb il\u00b7lusi\u00f3 ampliada<\/strong>\u00bb, acabava Guerra.<\/p>\n<p>Mar Casas, una de les alma mater de les Jornades, plantejava la filosofia de Conviure amb Capacitats: \u00ab<strong>durant molt de temps, les persones amb discapacitat s\u2019han ent\u00e8s com un col\u00b7lectiu que pateix sense remei<\/strong>\u00bb. I, precisament, la voluntat de les Jornades \u00e9s fer visible diverses hist\u00f2ries de superaci\u00f3 del col\u00b7lectiu, que \u00e9s ric i divers, i demostrar que, de capacitats, no els en falten. En altres paraules, \u00ab<strong>aconseguir un canvi positiu en la imatge social del col\u00b7lectiu dels discapacitats<\/strong> [&#8230;] <strong>Obviar aquesta realitat \u00e9s mentir-nos a nosaltres mateixos com a societat<\/strong>\u00bb, seguia Casas.<\/p>\n<p>Llu\u00eds Ayats, participant de les I Jornades Conviure amb Capacitats, va implicar-se de tal manera que aquest any forma part de l\u2019organitzaci\u00f3. \u00ab<strong>Per qu\u00e8 deixar que m\u2019ho expliquin quan en puc formar part?<\/strong>\u00bb, comentava Ayats.<\/p>\n<p>La finalitat social de les jornades tamb\u00e9 hi \u00e9s present enguany. El Bassegoda Park donar\u00e0 el 20% de la recaptaci\u00f3 en concepte de pernocta d\u2019aquell cap de setmana a l\u2019associaci\u00f3 ALTEM. S\u2019hi afegeix el restaurant Agumas (dins les instal\u00b7lacions del Bassegoda Park), que destinar\u00e0 1\u20ac de cada men\u00fa servit en el marc de les Jornades. Finalment, els diners recaptats es destinaran a la Fundaci\u00f3 ALTEM, entitat de refer\u00e8ncia en l\u2019atenci\u00f3 de persones amb discapacitat intel\u00b7lectual de l\u2019Alt Empord\u00e0 amb m\u00e9s de 40 anys de traject\u00f2ria.<\/p>\n<p>Novetats del 2018<\/p>\n<p>Durant el cap de setmana del 17 i 18 de mar\u00e7 es comptar\u00e0 amb pon\u00e8ncies de persones relacionades amb el m\u00f3n de la discapacitat que es combinaran amb tallers, jocs i activitats de lleure obertes a tots els participants i orientades en un sentit constructiu i integrador. L\u2019\u00fanica activitat que repeteix de l\u2019any passat \u00e9s la de Maquillatge de cicatrius, impartida per Jan Millastre (Kreamics) que va ser un \u00e8xit rotund el 2017.<\/p>\n<p>Els organitzadors de les Jornades tamb\u00e9 tindran el seu intercanvi d\u2019impressions i hist\u00f2ries. Ser\u00e0 l\u2019\u00faltima activitat de les jornades, diumenge al migdia, en una taula rodona dinamitzada per la periodista Clara M. Clavell, qui va ser ponent l\u2019any passat.<\/p>\n<p>A m\u00e9s, repeteix la iniciativa de l\u2019espai-mercat de Conviure amb Capacitats, mitjan\u00e7ant el qual diverses associacions o entitats assistents poden oferir els seus serveis o productes i difondre la seva tasca i objectius.<\/p>\n","protected":false},"excerpt":{"rendered":"<p>El Consell Comarcal de l\u2019Alt Empord\u00e0 va acollir divendres 9 de mar\u00e7\u00a0 la presentaci\u00f3 de les II Jornades Conviure amb Capacitats. Despr\u00e9s de recaptar 770 euros l\u2019any passat i aplegar m\u00e9s de 150 participants en la seva primera edici\u00f3, Conviure amb Capacitats avan\u00e7a en el cam\u00ed de la consolidaci\u00f3 com a referent anual a les [&hellip;]<\/p>\n","protected":false},"author":1,"featured_media":97333,"comment_status":"closed","ping_status":"open","sticky":false,"template":"","format":"standard","meta":{"_acf_changed":false,"footnotes":""},"categories":[],"tags":[],"class_list":["post-97332","post","type-post","status-publish","format-standard","has-post-thumbnail","hentry"],"acf":[],"_links":{"self":[{"href":"https:\/\/acg.campingsingirona.com\/ca\/wp-json\/wp\/v2\/posts\/97332","targetHints":{"allow":["GET"]}}],"collection":[{"href":"https:\/\/acg.campingsingirona.com\/ca\/wp-json\/wp\/v2\/posts"}],"about":[{"href":"https:\/\/acg.campingsingirona.com\/ca\/wp-json\/wp\/v2\/types\/post"}],"author":[{"embeddable":true,"href":"https:\/\/acg.campingsingirona.com\/ca\/wp-json\/wp\/v2\/users\/1"}],"replies":[{"embeddable":true,"href":"https:\/\/acg.campingsingirona.com\/ca\/wp-json\/wp\/v2\/comments?post=97332"}],"version-history":[{"count":1,"href":"https:\/\/acg.campingsingirona.com\/ca\/wp-json\/wp\/v2\/posts\/97332\/revisions"}],"predecessor-version":[{"id":104032,"href":"https:\/\/acg.campingsingirona.com\/ca\/wp-json\/wp\/v2\/posts\/97332\/revisions\/104032"}],"wp:featuredmedia":[{"embeddable":true,"href":"https:\/\/acg.campingsingirona.com\/ca\/wp-json\/wp\/v2\/media\/97333"}],"wp:attachment":[{"href":"https:\/\/acg.campingsingirona.com\/ca\/wp-json\/wp\/v2\/media?parent=97332"}],"wp:term":[{"taxonomy":"category","embeddable":true,"href":"https:\/\/acg.campingsingirona.com\/ca\/wp-json\/wp\/v2\/categories?post=97332"},{"taxonomy":"post_tag","embeddable":true,"href":"https:\/\/acg.campingsingirona.com\/ca\/wp-json\/wp\/v2\/tags?post=97332"}],"curies":[{"name":"wp","href":"https:\/\/api.w.org\/{rel}","templated":true}]}}