{"id":97328,"date":"2018-03-02T00:00:00","date_gmt":"2018-03-02T00:00:00","guid":{"rendered":"https:\/\/acg.campingsingirona.com\/en\/blog\/campings-gironins-creen-fundacio-impulsar-projectes-dajuda-als-infants-malalts\/"},"modified":"2023-10-18T09:03:04","modified_gmt":"2023-10-18T09:03:04","slug":"campings-gironins-creen-fundacio-impulsar-projectes-dajuda-als-infants-malalts","status":"publish","type":"post","link":"https:\/\/acg.campingsingirona.com\/ca\/campings-gironins-creen-fundacio-impulsar-projectes-dajuda-als-infants-malalts\/","title":{"rendered":"Els c\u00e0mpings gironins creen una Fundaci\u00f3 per impulsar projectes d\u2019ajuda als infants malalts"},"content":{"rendered":"<p>Els c\u00e0mpings gironins no s\u00f3n nom\u00e9s establiments que gestionen les vacances dels turistes. Individualment alguns c\u00e0mpings ja &nbsp;duien a terme iniciatives solid\u00e0ries, per\u00f2 a partir d\u2019ara sumaran esfor\u00e7os per impulsar un potent i innovador projecte conjunt per donar suport als infants amb malalties i a les seves fam\u00edlies i per a la investigaci\u00f3 d\u2019aquesta problem\u00e0tica . Amb aquest objectiu s\u2019ha creat la Fundaci\u00f3 &nbsp;C\u00e0mpings de Girona per tal de canalitzar aquesta iniciativa.<\/p>\n<p>L\u2019anunci &nbsp;el va fer ahir al vespre el president de l\u2019Associaci\u00f3 de C\u00e0mpings de Girona, Miquel Gotanegra, durant &nbsp;<em>La nit dels c\u00e0mping gironins, <\/em>&nbsp;l\u2019acte de cloenda del primer Congr\u00e9s Girocamping Pro que va reunir 400&nbsp; professionals i 250 estudiants a l\u2019Auditori de Girona i que va donar eines per innovar i escalar posicions en el sector tur\u00edstic. &nbsp;Per Gotanegra \u201cla nova Fundaci\u00f3 \u00e9s un projecte engrescador que reafirma el comprom\u00eds que els c\u00e0mpings gironins tenen amb la societat i, en especial, cap als col\u00b7lectius m\u00e9s vulnerables\u201d.<\/p>\n<p>El projecte ja t\u00e9 el vist i plau de l\u2019Assemblea dels c\u00e0mpings gironins per comen\u00e7ar a caminar.<\/p>\n<p>Amb la creaci\u00f3 de la seva&nbsp; Fundaci\u00f3&nbsp; els c\u00e0mpings de Girona es volen situar al costat dels infants i de les seves fam\u00edlies a trav\u00e9s d\u2019ajudes econ\u00f2miques a projectes d\u2019investigaci\u00f3 i tractament de malalties infantils que es desenvolupin arreu del territori catal\u00e0. Tamb\u00e9 se\u2019ls oferiran estades en c\u00e0mpings&nbsp; amb projectes de vacances per a tothom.<\/p>\n<p>La nova iniciativa busca que les entitats que estiguin vinculades a la Fundaci\u00f3 es solidaritzin amb el patiment de les fam\u00edlies amb fills amb malalties; i que la ind\u00fastria campista s\u2019involucri en la conscienciaci\u00f3 d\u2019aquesta problem\u00e0tica a Catalunya.<\/p>\n<p>La Fundaci\u00f3 est\u00e0 oberta a qualsevol empresa vinculada a la ind\u00fastria del c\u00e0mping que tingui ganes i il\u00b7lusi\u00f3 de col\u00b7laborar per complir els objectius que s\u2019ha proposat l\u2019entitat.<\/p>\n<p>Els c\u00e0mpings de les comarques gironines &nbsp;s\u00f3n un dels prove\u00efdors m\u00e9s importants de vacances en fam\u00edlia. Els establiments de la demarcaci\u00f3 estan situats&nbsp; en el top 3 de destins de c\u00e0mping a Europa; ofereixen 132.500 places d\u2019allotjament, una xifra que&nbsp; situa el sector com la primera oferta tur\u00edstica reglada; i generen entre 9 i 10 milions de pernoctacions l\u2019any. El sector representa un impacte econ\u00f2mic de gaireb\u00e9 400 milions d\u2019euros l\u2019any a la demarcaci\u00f3; contribueix anualment&nbsp; amb dos milions a la taxa tur\u00edstica&nbsp; i genera uns 7 mil llocs de treball directes . L\u2019Associaci\u00f3 considera que cal dur a terme accions que reverteixin en la societat i pensa que els infants amb malalties i les seves fam\u00edlies estan entre els col\u00b7lectius m\u00e9s necessitats. \u201c\u00c9s una problem\u00e0tica que ens preocupa molt i per aquest motiu hem optat per enfocar els esfor\u00e7os de la nova Fundaci\u00f3 cap aquest col\u00b7lectiu\u201d, ha assenyalat el president de l\u2019Associaci\u00f3, Miquel Gotanegra.<\/p>\n","protected":false},"excerpt":{"rendered":"<p>Els c\u00e0mpings gironins no s\u00f3n nom\u00e9s establiments que gestionen les vacances dels turistes. Individualment alguns c\u00e0mpings ja &nbsp;duien a terme iniciatives solid\u00e0ries, per\u00f2 a partir d\u2019ara sumaran esfor\u00e7os per impulsar un potent i innovador projecte conjunt per donar suport als infants amb malalties i a les seves fam\u00edlies i per a la investigaci\u00f3 d\u2019aquesta problem\u00e0tica [&hellip;]<\/p>\n","protected":false},"author":1,"featured_media":97329,"comment_status":"closed","ping_status":"open","sticky":false,"template":"","format":"standard","meta":{"_acf_changed":false,"footnotes":""},"categories":[],"tags":[],"class_list":["post-97328","post","type-post","status-publish","format-standard","has-post-thumbnail","hentry"],"acf":[],"_links":{"self":[{"href":"https:\/\/acg.campingsingirona.com\/ca\/wp-json\/wp\/v2\/posts\/97328","targetHints":{"allow":["GET"]}}],"collection":[{"href":"https:\/\/acg.campingsingirona.com\/ca\/wp-json\/wp\/v2\/posts"}],"about":[{"href":"https:\/\/acg.campingsingirona.com\/ca\/wp-json\/wp\/v2\/types\/post"}],"author":[{"embeddable":true,"href":"https:\/\/acg.campingsingirona.com\/ca\/wp-json\/wp\/v2\/users\/1"}],"replies":[{"embeddable":true,"href":"https:\/\/acg.campingsingirona.com\/ca\/wp-json\/wp\/v2\/comments?post=97328"}],"version-history":[{"count":1,"href":"https:\/\/acg.campingsingirona.com\/ca\/wp-json\/wp\/v2\/posts\/97328\/revisions"}],"predecessor-version":[{"id":104030,"href":"https:\/\/acg.campingsingirona.com\/ca\/wp-json\/wp\/v2\/posts\/97328\/revisions\/104030"}],"wp:featuredmedia":[{"embeddable":true,"href":"https:\/\/acg.campingsingirona.com\/ca\/wp-json\/wp\/v2\/media\/97329"}],"wp:attachment":[{"href":"https:\/\/acg.campingsingirona.com\/ca\/wp-json\/wp\/v2\/media?parent=97328"}],"wp:term":[{"taxonomy":"category","embeddable":true,"href":"https:\/\/acg.campingsingirona.com\/ca\/wp-json\/wp\/v2\/categories?post=97328"},{"taxonomy":"post_tag","embeddable":true,"href":"https:\/\/acg.campingsingirona.com\/ca\/wp-json\/wp\/v2\/tags?post=97328"}],"curies":[{"name":"wp","href":"https:\/\/api.w.org\/{rel}","templated":true}]}}