{"id":97302,"date":"2017-10-02T00:00:00","date_gmt":"2017-10-02T00:00:00","guid":{"rendered":"https:\/\/acg.campingsingirona.com\/en\/blog\/comunicat-de-rebuig-a-les-accions-violentes-i-repressives-de-diumenge-2\/"},"modified":"2023-10-18T09:02:51","modified_gmt":"2023-10-18T09:02:51","slug":"comunicat-de-rebuig-a-les-accions-violentes-i-repressives-de-diumenge-2","status":"publish","type":"post","link":"https:\/\/acg.campingsingirona.com\/ca\/comunicat-de-rebuig-a-les-accions-violentes-i-repressives-de-diumenge-2\/","title":{"rendered":"COMUNICAT DE REBUIG A LES ACCIONS VIOLENTES I REPRESSIVES DE DIUMENGE"},"content":{"rendered":"<p><em><\/em><\/p>\n<p>L\u2019Associaci\u00f3 de C\u00e0mpings de Girona rebutja amb contund\u00e8ncia la viol\u00e8ncia indiscriminada i condemna en\u00e8rgicament les accions repressives que s\u2019han viscut aquest diumenge a les comarques gironines i en el conjunt de Catalunya contra ciutadans que s\u2019expressaven pac\u00edficament. S\u00f3n actuacions intolerables i inacceptables en una societat democr\u00e0tica com la nostra.<\/p>\n<p>Aix\u00ed mateix, volem manifestar la nostra solidaritat i el nostre escalf amb els centenars de persones que han resultat ferides i els desitgem la seva prompta recuperaci\u00f3.<\/p>\n","protected":false},"excerpt":{"rendered":"<p>L\u2019Associaci\u00f3 de C\u00e0mpings de Girona rebutja amb contund\u00e8ncia la viol\u00e8ncia indiscriminada i condemna en\u00e8rgicament les accions repressives que s\u2019han viscut aquest diumenge a les comarques gironines i en el conjunt de Catalunya contra ciutadans que s\u2019expressaven pac\u00edficament. S\u00f3n actuacions intolerables i inacceptables en una societat democr\u00e0tica com la nostra. Aix\u00ed mateix, volem manifestar la nostra [&hellip;]<\/p>\n","protected":false},"author":1,"featured_media":97303,"comment_status":"closed","ping_status":"open","sticky":false,"template":"","format":"standard","meta":{"_acf_changed":false,"footnotes":""},"categories":[],"tags":[],"class_list":["post-97302","post","type-post","status-publish","format-standard","has-post-thumbnail","hentry"],"acf":[],"_links":{"self":[{"href":"https:\/\/acg.campingsingirona.com\/ca\/wp-json\/wp\/v2\/posts\/97302","targetHints":{"allow":["GET"]}}],"collection":[{"href":"https:\/\/acg.campingsingirona.com\/ca\/wp-json\/wp\/v2\/posts"}],"about":[{"href":"https:\/\/acg.campingsingirona.com\/ca\/wp-json\/wp\/v2\/types\/post"}],"author":[{"embeddable":true,"href":"https:\/\/acg.campingsingirona.com\/ca\/wp-json\/wp\/v2\/users\/1"}],"replies":[{"embeddable":true,"href":"https:\/\/acg.campingsingirona.com\/ca\/wp-json\/wp\/v2\/comments?post=97302"}],"version-history":[{"count":1,"href":"https:\/\/acg.campingsingirona.com\/ca\/wp-json\/wp\/v2\/posts\/97302\/revisions"}],"predecessor-version":[{"id":104018,"href":"https:\/\/acg.campingsingirona.com\/ca\/wp-json\/wp\/v2\/posts\/97302\/revisions\/104018"}],"wp:featuredmedia":[{"embeddable":true,"href":"https:\/\/acg.campingsingirona.com\/ca\/wp-json\/wp\/v2\/media\/97303"}],"wp:attachment":[{"href":"https:\/\/acg.campingsingirona.com\/ca\/wp-json\/wp\/v2\/media?parent=97302"}],"wp:term":[{"taxonomy":"category","embeddable":true,"href":"https:\/\/acg.campingsingirona.com\/ca\/wp-json\/wp\/v2\/categories?post=97302"},{"taxonomy":"post_tag","embeddable":true,"href":"https:\/\/acg.campingsingirona.com\/ca\/wp-json\/wp\/v2\/tags?post=97302"}],"curies":[{"name":"wp","href":"https:\/\/api.w.org\/{rel}","templated":true}]}}