{"id":97292,"date":"2017-04-20T00:00:00","date_gmt":"2017-04-20T00:00:00","guid":{"rendered":"https:\/\/acg.campingsingirona.com\/en\/blog\/el-camping-costa-brava-el-mes-antic-de-lestat-rep-la-insignia-dor-de-lassociacio-de-campings-de-girona\/"},"modified":"2023-10-18T09:02:45","modified_gmt":"2023-10-18T09:02:45","slug":"el-camping-costa-brava-el-mes-antic-de-lestat-rep-la-insignia-dor-de-lassociacio-de-campings-de-girona","status":"publish","type":"post","link":"https:\/\/acg.campingsingirona.com\/ca\/el-camping-costa-brava-el-mes-antic-de-lestat-rep-la-insignia-dor-de-lassociacio-de-campings-de-girona\/","title":{"rendered":"El c\u00e0mping Costa Brava, el m\u00e9s antic de l\u2019Estat, rep la ins\u00edgnia d\u2019Or de l\u2019Associaci\u00f3 de c\u00e0mpings de Girona"},"content":{"rendered":"<p>El c\u00e0mping Costa Brava, de Sant Antoni de Calonge, ha rebut aquest dimecres 19 d&#8217;abril la ins\u00edgnia d\u2019Or de mans de l\u2019Associaci\u00f3 de C\u00e0mpings de Girona com a reconeixement a la seva llarga traject\u00f2ria. El c\u00e0mping Costa Brava \u00e9s el m\u00e9s antic de l\u2019Estat que segueix obert. El va posar en marxa l\u2019any 1953 \u00a0l\u2019empresari Juan Farr\u00e9 juntament amb un altre establiment situat a la Fosca de Palam\u00f3s que actualment est\u00e0 tancat. \u00a0Avui dia \u00e9s un c\u00e0mping familiar que disposa de 220 parcel.les dirigit per la fam\u00edlia Herranz-Colomer. L\u2019entrega de la ins\u00edgnia d\u2019or l\u2019ha fet el president de l\u2019entitat, Miquel Gotanegra. A l\u2019acte hi ha assistit l\u2019alcalde de Calonge, Jordi Soler i el regidor de Turisme Joan Caner.<\/p>\n<p>L\u2019acte s\u2019emmarca en el 40 aniversari de Associaci\u00f3 que se celebra aquest any i s\u2019ha dut a terme a l\u2019endem\u00e0 de la inauguraci\u00f3, al Castell de l\u2019exposici\u00f3 <strong>\u201cEl c\u00e0mping, un estil de vida\u201d <\/strong>que mostra amb imatges in\u00e8dites la gran evoluci\u00f3 dels m\u00e9s de 60 anys de c\u00e0mping a les comarques gironines. L\u2019exposici\u00f3, organitzada\u00a0 per l\u2019entitat t\u00e9 el suport de l\u2019Ag\u00e8ncia Catalana de Turisme, la Diputaci\u00f3 de Girona, el Consell Comarcal de l\u2019Alt Empord\u00e0, Banc Sabadell i Auto Camper Service Internacional (ACSI).<\/p>\n<p>L\u2019exposici\u00f3 recull els inicis del campisme a la demarcaci\u00f3, que se situen a l\u2019any 1953, i dedica una atenci\u00f3 especial al c\u00e0mping Costa Brava.<\/p>\n<p>A banda de reflectir la gran evoluci\u00f3 dels establiments fins a convertir-se en els grans parcs de vacances actuals, l\u2019exposici\u00f3 tamb\u00e9 fa un recorregut per la traject\u00f2ria de l\u2019entitat i recull la relaci\u00f3 que els c\u00e0mpings gironins sempre han tingut amb l\u2019entorn i el paper que han jugat en la preservaci\u00f3 del territori.<\/p>\n","protected":false},"excerpt":{"rendered":"<p>El c\u00e0mping Costa Brava, de Sant Antoni de Calonge, ha rebut aquest dimecres 19 d&#8217;abril la ins\u00edgnia d\u2019Or de mans de l\u2019Associaci\u00f3 de C\u00e0mpings de Girona com a reconeixement a la seva llarga traject\u00f2ria. El c\u00e0mping Costa Brava \u00e9s el m\u00e9s antic de l\u2019Estat que segueix obert. El va posar en marxa l\u2019any 1953 \u00a0l\u2019empresari [&hellip;]<\/p>\n","protected":false},"author":1,"featured_media":97293,"comment_status":"closed","ping_status":"open","sticky":false,"template":"","format":"standard","meta":{"_acf_changed":false,"footnotes":""},"categories":[],"tags":[],"class_list":["post-97292","post","type-post","status-publish","format-standard","has-post-thumbnail","hentry"],"acf":[],"_links":{"self":[{"href":"https:\/\/acg.campingsingirona.com\/ca\/wp-json\/wp\/v2\/posts\/97292","targetHints":{"allow":["GET"]}}],"collection":[{"href":"https:\/\/acg.campingsingirona.com\/ca\/wp-json\/wp\/v2\/posts"}],"about":[{"href":"https:\/\/acg.campingsingirona.com\/ca\/wp-json\/wp\/v2\/types\/post"}],"author":[{"embeddable":true,"href":"https:\/\/acg.campingsingirona.com\/ca\/wp-json\/wp\/v2\/users\/1"}],"replies":[{"embeddable":true,"href":"https:\/\/acg.campingsingirona.com\/ca\/wp-json\/wp\/v2\/comments?post=97292"}],"version-history":[{"count":1,"href":"https:\/\/acg.campingsingirona.com\/ca\/wp-json\/wp\/v2\/posts\/97292\/revisions"}],"predecessor-version":[{"id":104012,"href":"https:\/\/acg.campingsingirona.com\/ca\/wp-json\/wp\/v2\/posts\/97292\/revisions\/104012"}],"wp:featuredmedia":[{"embeddable":true,"href":"https:\/\/acg.campingsingirona.com\/ca\/wp-json\/wp\/v2\/media\/97293"}],"wp:attachment":[{"href":"https:\/\/acg.campingsingirona.com\/ca\/wp-json\/wp\/v2\/media?parent=97292"}],"wp:term":[{"taxonomy":"category","embeddable":true,"href":"https:\/\/acg.campingsingirona.com\/ca\/wp-json\/wp\/v2\/categories?post=97292"},{"taxonomy":"post_tag","embeddable":true,"href":"https:\/\/acg.campingsingirona.com\/ca\/wp-json\/wp\/v2\/tags?post=97292"}],"curies":[{"name":"wp","href":"https:\/\/api.w.org\/{rel}","templated":true}]}}