{"id":97290,"date":"2017-04-19T00:00:00","date_gmt":"2017-04-19T00:00:00","guid":{"rendered":"https:\/\/acg.campingsingirona.com\/en\/blog\/una-exposicio-mostra-amb-imatges-inedites-levolucio-dels-60-anys-de-camping-a-les-comarques-gironines\/"},"modified":"2023-10-18T09:02:44","modified_gmt":"2023-10-18T09:02:44","slug":"una-exposicio-mostra-amb-imatges-inedites-levolucio-dels-60-anys-de-camping-a-les-comarques-gironines","status":"publish","type":"post","link":"https:\/\/acg.campingsingirona.com\/ca\/una-exposicio-mostra-amb-imatges-inedites-levolucio-dels-60-anys-de-camping-a-les-comarques-gironines\/","title":{"rendered":"Una exposici\u00f3 mostra, amb imatges in\u00e8dites, l\u2019evoluci\u00f3 dels 60 anys de c\u00e0mping a les comarques gironines"},"content":{"rendered":"<p>L\u2019exposici\u00f3 <strong>\u201cEl c\u00e0mping, un estil de vida\u201d,\u00a0<\/strong>que mostra amb imatges in\u00e8dites la gran evoluci\u00f3 dels m\u00e9s de 60 anys de c\u00e0mping a les comarques gironines, es va inaugurar el 18 d&#8217;abril al Castell de Calonge. Est\u00e0 organitzada per l\u2019Associaci\u00f3 de C\u00e0mpings de Girona, amb motiu del 40 aniversari de l\u2019entitat que se celebra aquest 2017, i t\u00e9 el suport de l\u2019Ag\u00e8ncia Catalana de Turisme, la Diputaci\u00f3 de Girona, el Consell Comarcal de l\u2019Alt Empord\u00e0, Banc Sabadell i Auto Camper Service Internacional (ACSI).<\/p>\n<p>L\u2019exposici\u00f3 recull els inicis del campisme a la demarcaci\u00f3, que se situen a l\u2019any 1953, i dedica una atenci\u00f3 especial al c\u00e0mping Costa Brava, de Sant Antoni de Calonge , que \u00e9s el m\u00e9s antic de l\u2019Estat espanyol en funcionament. \u00a0El c\u00e0mping Costa Brava el va posar en marxa l\u2019empresari Juan Farr\u00e9 juntament amb un altre establiment situat a la Fosca de Palam\u00f3s que actualment est\u00e0 tancat. \u00a0Avui dia el Costa Brava \u00e9s un establiment familiar dirigit per la fam\u00edlia Herranz-Colomer.<\/p>\n<p>A banda de reflectir la gran evoluci\u00f3 dels establiments fins a convertir-se en els grans parcs de vacances actuals, l\u2019exposici\u00f3 tamb\u00e9 fa un recorregut per la traject\u00f2ria de l\u2019entitat i recull la relaci\u00f3 que els c\u00e0mpings gironins sempre han tingut amb l\u2019entorn i el paper que han jugat en la preservaci\u00f3 del territori.<\/p>\n<p>La inauguraci\u00f3 va anar a c\u00e0rrec del Conseller d\u2019Empresa i Coneixement, Jordi Baiget; de l\u2019alcalde de Calonge, Jordi Soler; i del president de l\u2019Associaci\u00f3, Miquel Gotanegra. En els seus parlaments les autoritats van destacar la gran innovaci\u00f3 del sector, el gran lideratge i esfor\u00e7 dels c\u00e0mpings gironins per crear productes nous i tamb\u00e9 la seva excel\u00b7l\u00e8ncia i exemple de model sostenible. El president de l\u2019Associaci\u00f3 va remarcar que\u00a0 un dels objectius de l\u2019exposici\u00f3 i dels actes al voltant del 40 aniversari \u00e9s posar en valor el m\u00f3n del c\u00e0mping i subratllar la seva gran tasca com a promotor de les comarques gironines arreu d\u2019Europa.<\/p>\n<p>Durant l\u2019acte tamb\u00e9 es va fer un reconeixement als 75 c\u00e0mpings que formen part de l\u2019Associaci\u00f3: se\u2019ls va fer entrega d\u2019una placa de cer\u00e0mica personalitzada i amb la imatge de l\u2019Associaci\u00f3 obra del reconegut ceramista de la Bisbal Vil\u00e0 Clara. L\u2019acte va comptar amb l\u2019actuaci\u00f3 musical de Les S\u00edxters.<\/p>\n<p><strong>115 fotografies , algunes d\u2019elles in\u00e8dites<\/strong><\/p>\n<p>La mostra inclou un total de 115 fotografies, algunes d\u2019elles in\u00e8dites, distribu\u00efdes en set originals m\u00f2duls amb forma de tenda de campanya. Hi ha un m\u00f2dul dedicat a l\u2019entorn privilegiat on estan ubicats els c\u00e0mpings gironins i on es reflecteix el paper dels establiments com a\u00a0 promotors de la Costa Brava i dels Pirineus .<\/p>\n<p>En un altre m\u00f2dul es mostra quins van ser els pioners del sector amb una atenci\u00f3 especial al c\u00e0mping Costa Brava de Sant Antoni de Calonge, el primer que es va obrir a l\u2019Estat i que encara continua en funcionament. N\u2019hi ha un altre dedicat\u00a0 a la relaci\u00f3 dels c\u00e0mpings gironins amb el territori on es mostra la cura que han tingut des dels inicis els establiments per preservar uns paratges que s\u00f3n la base per atraure turistes. Els establiments gironins s\u00f3n pioners en l\u2019adopci\u00f3 de mesures encaminades a preservar el medi ambient. S\u00f3n, del conjunt del sector tur\u00edstic, els que disposen de m\u00e9s certificats de qualitat ambiental ISO 14001 i EMAS, el m\u00e0xim distintiu d\u2019aquest tipus. La gran majoria aplica mesures d\u2019efici\u00e8ncia energ\u00e8tica, d\u2019estalvi d\u2019aigua i per reduir la contaminaci\u00f3 lum\u00ednica. A m\u00e9s a m\u00e9s, les noves instal\u00b7lacions ja incorporen la dom\u00f2tica o la geot\u00e8rmia. Als c\u00e0mpings gironins \u00e9s cada vegada m\u00e9s habitual veure bungalous ecol\u00f2gics fets amb materials aut\u00f2ctons. El sector vol refermar, durant aquest 2017 (declarat l\u2019Any Internacional del Turisme Sostenible), la seva aposta en aquest sentit.<\/p>\n<p>L\u2019exposici\u00f3 subratlla que anar de c\u00e0mping no \u00e9s una decisi\u00f3 econ\u00f2mica, sin\u00f3 una filosofia de vida. \u00c9s molt m\u00e9s que una forma de passar les vacances: \u00e9s tot un estil de viure i veure la vida que, en moltes ocasions, passa d\u2019una generaci\u00f3 a l\u2019altra.<\/p>\n<p>La resta de m\u00f2duls estan dedicats a la gran evoluci\u00f3 que han experimentat els c\u00e0mpings gironins fins a convertir-se en els grans parcs de vacances actuals; a la traject\u00f2ria de l\u2019entitat que es va crear el 13 de maig del 1977 ; i a les promocions que es fan a Europa i que han perm\u00e8s\u00a0 que els c\u00e0mpings gironins siguin referents gr\u00e0cies en bona part als nombrosos reconeixements que reben cada any per la seva excel.l\u00e8ncia. En aquest apartat es recull que la primera guia de c\u00e0mpings va n\u00e9ixer a la Costa Brava de la m\u00e0 del professor holand\u00e8s Ed van Reine.<\/p>\n<p>El muntatge de l&#8217;exposici\u00f3 ha estat dissenyat per Pep Canaleta de 3carme33. I les imatges han estat cedides pels associats, pel Patronat\u00a0 de Turisme Costa Brava Girona , per l\u2019oficina de turisme de Calonge, l\u2019Ajuntament de Girona, l\u2019 Ajuntament de Begur, l\u2019oficina de Turisme de Pals, l\u2019Arxiu fotogr\u00e0fic de l\u2019Ajuntament de Torroella de Montgr\u00ed i l\u2019Estartit i l\u2019 oficina de Turisme de Castell\u00f3 d\u2019Emp\u00faries<strong> .<\/strong><\/p>\n<p>&nbsp;<\/p>\n<p><strong>Exposici\u00f3 itinerant<\/strong><\/p>\n<p>L\u2019exposici\u00f3 ser\u00e0 itinerant i fins l\u2019octubre recorrer\u00e0 17 localitats: <strong>Sant Antoni de Calonge <\/strong>(del 25 d\u2019abril a l\u20191 de maig), <strong>Girona<\/strong>\u00a0 (a la seu de la Generalitat, del 3 de maig al 22 de maig),<strong> Olot <\/strong>(del 24 de maig al 30 de maig), <strong>Sant Feliu de Gu\u00edxols<\/strong> (de l\u20191 de juny al 7 de juny),<strong>Begur<\/strong> (del 9 de juny al 15 de juny), <strong>Lloret de mar<\/strong> (del 17 de juny al 25 de juny), <strong>Sant Pere Pescador <\/strong>(del 27 de juny al 6 de juliol), <strong>Platja d\u2019Aro<\/strong> (del 8 de juliol al 19 de juliol), <strong>Blanes<\/strong> (del 21 de juliol al 30 de juliol), <strong>Pals<\/strong> (de l\u20191 d\u2019agost al 10 d\u2019agost), <strong>Roses<\/strong> (del 12 d\u2019agost al 20 d\u2019agost), <strong>Colera<\/strong> (del 22 d\u2019agost al 27 d\u2019agost), <strong>Tossa de Mar <\/strong>(del 29 d\u2019agost al 3 de setembre), <strong>Castell\u00f3 d\u2019Emp\u00faries<\/strong> (del 2 de setembre a l\u201911 de setembre), <strong>Torroella de Montgr\u00ed-l\u2019Estartit<\/strong> (del 13 de setembre al 24 de setembre), i <strong>l\u2019Escala<\/strong> (del 26 de setembre al 2 d\u2019octubre).\u00a0 La mostra tamb\u00e9 anir\u00e0 a<strong> Barcelona\u00a0 ( <\/strong>al sal\u00f3 B-Travel, del 20 d\u2019abril al 23 d\u2019abril).<\/p>\n","protected":false},"excerpt":{"rendered":"<p>L\u2019exposici\u00f3 \u201cEl c\u00e0mping, un estil de vida\u201d,\u00a0que mostra amb imatges in\u00e8dites la gran evoluci\u00f3 dels m\u00e9s de 60 anys de c\u00e0mping a les comarques gironines, es va inaugurar el 18 d&#8217;abril al Castell de Calonge. Est\u00e0 organitzada per l\u2019Associaci\u00f3 de C\u00e0mpings de Girona, amb motiu del 40 aniversari de l\u2019entitat que se celebra aquest 2017, [&hellip;]<\/p>\n","protected":false},"author":1,"featured_media":97291,"comment_status":"closed","ping_status":"open","sticky":false,"template":"","format":"standard","meta":{"_acf_changed":false,"footnotes":""},"categories":[],"tags":[],"class_list":["post-97290","post","type-post","status-publish","format-standard","has-post-thumbnail","hentry"],"acf":[],"_links":{"self":[{"href":"https:\/\/acg.campingsingirona.com\/ca\/wp-json\/wp\/v2\/posts\/97290","targetHints":{"allow":["GET"]}}],"collection":[{"href":"https:\/\/acg.campingsingirona.com\/ca\/wp-json\/wp\/v2\/posts"}],"about":[{"href":"https:\/\/acg.campingsingirona.com\/ca\/wp-json\/wp\/v2\/types\/post"}],"author":[{"embeddable":true,"href":"https:\/\/acg.campingsingirona.com\/ca\/wp-json\/wp\/v2\/users\/1"}],"replies":[{"embeddable":true,"href":"https:\/\/acg.campingsingirona.com\/ca\/wp-json\/wp\/v2\/comments?post=97290"}],"version-history":[{"count":1,"href":"https:\/\/acg.campingsingirona.com\/ca\/wp-json\/wp\/v2\/posts\/97290\/revisions"}],"predecessor-version":[{"id":104011,"href":"https:\/\/acg.campingsingirona.com\/ca\/wp-json\/wp\/v2\/posts\/97290\/revisions\/104011"}],"wp:featuredmedia":[{"embeddable":true,"href":"https:\/\/acg.campingsingirona.com\/ca\/wp-json\/wp\/v2\/media\/97291"}],"wp:attachment":[{"href":"https:\/\/acg.campingsingirona.com\/ca\/wp-json\/wp\/v2\/media?parent=97290"}],"wp:term":[{"taxonomy":"category","embeddable":true,"href":"https:\/\/acg.campingsingirona.com\/ca\/wp-json\/wp\/v2\/categories?post=97290"},{"taxonomy":"post_tag","embeddable":true,"href":"https:\/\/acg.campingsingirona.com\/ca\/wp-json\/wp\/v2\/tags?post=97290"}],"curies":[{"name":"wp","href":"https:\/\/api.w.org\/{rel}","templated":true}]}}