{"id":97284,"date":"2017-03-06T00:00:00","date_gmt":"2017-03-06T00:00:00","guid":{"rendered":"https:\/\/acg.campingsingirona.com\/en\/blog\/girocamping-consolida-el-seu-creixement-amb-uns-20-000-visitants-en-la-cinquena-edicio\/"},"modified":"2023-10-18T09:02:41","modified_gmt":"2023-10-18T09:02:41","slug":"girocamping-consolida-el-seu-creixement-amb-uns-20-000-visitants-en-la-cinquena-edicio","status":"publish","type":"post","link":"https:\/\/acg.campingsingirona.com\/ca\/girocamping-consolida-el-seu-creixement-amb-uns-20-000-visitants-en-la-cinquena-edicio\/","title":{"rendered":"Girocamping consolida el seu creixement amb   uns 20.000  visitants en la cinquena edici\u00f3"},"content":{"rendered":"<p>Girocamping, la Fira del sector del C\u00e0mping i Parcs de Vacances \u00fanica en les seves caracter\u00edstiques a l\u2019Estat espanyol, ha consolidat el seu creixement amb uns 20.000 visitants en la cinquena edici\u00f3, una xifra semblant a la de l\u2019any passat en que es van batre records d&#8217;assist\u00e8ncia.<\/p>\n<p>Per la fira han passat aquest any uns\u00a0 2.000 professionals, dijous i divendres, i el volum de negoci que s\u2019ha generat en el sal\u00f3 ha estat molt important, segons destaca l\u2019Associaci\u00f3 de C\u00e0mpings de Girona. El president de l\u2019Associaci\u00f3, Miquel Gotanegra, ha anunciat que per l\u2019any vinent es preparen novetats, tot i que encara estan per concretar i ha remarcar que la fira es quedar\u00e0 a la ciutat de Girona, on\u00a0 ha nascut.<\/p>\n<p>L\u2019Associaci\u00f3 de C\u00e0mpings de Girona destaca la bona acollida que ha tingut el format de la fira\u00a0 seguint la l\u00ednia de les edicions anteriors amb l\u2019espai reservat per a restauraci\u00f3 amb \u00a0Food Trucks ( furgonetes de menjar), i els espais dedicats a l\u2019animaci\u00f3.<\/p>\n<p>\u201cLa fira s\u2019ha\u00a0 consolidat plenament i s\u2019ha convertit en un referent per al sector, amb la qual cosa les expectatives que ten\u00edem per a aquesta edici\u00f3 s\u2019han complert amb escreix\u201d, assegura\u00a0 Miquel Gotanegra.<\/p>\n<p>El cap de setmana al p\u00fablic en general, sobretot fam\u00edlies que han gaudit de les nombroses activitats que s\u2019hi han preparat. Tamb\u00e9 han aprofitat per acostar-se als estands de l\u2019Associaci\u00f3 i dels c\u00e0mpings presents per demanar informaci\u00f3 i ,en molts casos ,per fer reserves per a Setmana Santa i l\u2019estiu.<\/p>\n<p>Les jornades destinades a professionals, que aquest any estaven centrades en la sostenibilitat, han\u00a0 aplegat un centenar de persones; i el networking organitzat, per segon any consecutiu conjuntament per la UdG i l\u2019Institut escola d\u2019Hostaleria i Turisme de Girona,\u00a0 va reunir 53 empreses del sector tur\u00edstic\u00a0 i uns 200 estudiants . Aquesta trobada es valora de manera molt positiva ja que permet poder connectar l\u2019oferta i la demanda i crear ocupaci\u00f3.<\/p>\n<p>Tamb\u00e9 en el marc de Girocamping s\u2019ha organitzat un WorkShop entre els responsables dels c\u00e0mpings gironins i les empreses prove\u00efdores del sector que col\u00b7laboren amb l\u2019Associaci\u00f3.<\/p>\n<p>La cinquena edici\u00f3 de Girocamping, la Fira del sector del c\u00e0mping i parcs de vacances \u00fanica en les seves caracter\u00edstiques a l\u2019Estat espanyol, va obrir dijous les seves portes amb el repte de mostrar les darreres novetats del sector i de continuar el cam\u00ed per aconseguir posar el c\u00e0mping \u201cde moda\u201d a Catalunya. La Fira, organitzada per l\u2019Associaci\u00f3 de C\u00e0mpings de Girona al Palau de Fires de Girona, ha comptat aquest any amb \u00a0130 expositors i un gran nombre d\u2019activitats. \u00a0En l\u2019edici\u00f3 d\u2019aquest any el sal\u00f3 s\u2019ha ampliat: en total hi ha hagut 11.200 metres quadrats, 1.200 m\u00e9s que l\u2019any passat. Per primera vegada, a la part exterior hi ha hagut carpes amb autocaravanes, caravanes i accessoris de c\u00e0mping<\/p>\n","protected":false},"excerpt":{"rendered":"<p>Girocamping, la Fira del sector del C\u00e0mping i Parcs de Vacances \u00fanica en les seves caracter\u00edstiques a l\u2019Estat espanyol, ha consolidat el seu creixement amb uns 20.000 visitants en la cinquena edici\u00f3, una xifra semblant a la de l\u2019any passat en que es van batre records d&#8217;assist\u00e8ncia. Per la fira han passat aquest any uns\u00a0 [&hellip;]<\/p>\n","protected":false},"author":1,"featured_media":97285,"comment_status":"closed","ping_status":"open","sticky":false,"template":"","format":"standard","meta":{"_acf_changed":false,"footnotes":""},"categories":[],"tags":[],"class_list":["post-97284","post","type-post","status-publish","format-standard","has-post-thumbnail","hentry"],"acf":[],"_links":{"self":[{"href":"https:\/\/acg.campingsingirona.com\/ca\/wp-json\/wp\/v2\/posts\/97284","targetHints":{"allow":["GET"]}}],"collection":[{"href":"https:\/\/acg.campingsingirona.com\/ca\/wp-json\/wp\/v2\/posts"}],"about":[{"href":"https:\/\/acg.campingsingirona.com\/ca\/wp-json\/wp\/v2\/types\/post"}],"author":[{"embeddable":true,"href":"https:\/\/acg.campingsingirona.com\/ca\/wp-json\/wp\/v2\/users\/1"}],"replies":[{"embeddable":true,"href":"https:\/\/acg.campingsingirona.com\/ca\/wp-json\/wp\/v2\/comments?post=97284"}],"version-history":[{"count":1,"href":"https:\/\/acg.campingsingirona.com\/ca\/wp-json\/wp\/v2\/posts\/97284\/revisions"}],"predecessor-version":[{"id":104008,"href":"https:\/\/acg.campingsingirona.com\/ca\/wp-json\/wp\/v2\/posts\/97284\/revisions\/104008"}],"wp:featuredmedia":[{"embeddable":true,"href":"https:\/\/acg.campingsingirona.com\/ca\/wp-json\/wp\/v2\/media\/97285"}],"wp:attachment":[{"href":"https:\/\/acg.campingsingirona.com\/ca\/wp-json\/wp\/v2\/media?parent=97284"}],"wp:term":[{"taxonomy":"category","embeddable":true,"href":"https:\/\/acg.campingsingirona.com\/ca\/wp-json\/wp\/v2\/categories?post=97284"},{"taxonomy":"post_tag","embeddable":true,"href":"https:\/\/acg.campingsingirona.com\/ca\/wp-json\/wp\/v2\/tags?post=97284"}],"curies":[{"name":"wp","href":"https:\/\/api.w.org\/{rel}","templated":true}]}}