{"id":97252,"date":"2017-02-23T00:00:00","date_gmt":"2017-02-23T00:00:00","guid":{"rendered":"https:\/\/acg.campingsingirona.com\/en\/blog\/els-campings-gironins-mostren-la-seva-oferta-especialitzada-en-cicloturisme-a-periodistes-holandesos\/"},"modified":"2023-10-18T09:01:34","modified_gmt":"2023-10-18T09:01:34","slug":"els-campings-gironins-mostren-la-seva-oferta-especialitzada-en-cicloturisme-a-periodistes-holandesos","status":"publish","type":"post","link":"https:\/\/acg.campingsingirona.com\/ca\/els-campings-gironins-mostren-la-seva-oferta-especialitzada-en-cicloturisme-a-periodistes-holandesos\/","title":{"rendered":"Els c\u00e0mpings gironins mostren la seva oferta especialitzada en cicloturisme a periodistes holandesos"},"content":{"rendered":"<p><img loading=\"lazy\" decoding=\"async\" class=\"alignnone size-full wp-image-1415\" src=\"https:\/\/proves3.6tems.es\/blog.campingsingirona.com\/wp-content\/uploads\/2017\/02\/IMG-20170211-WA0006.jpg\" alt=\"img-20170211-wa0006\" width=\"1600\" height=\"1200\" \/><\/p>\n<p>Un grup de periodistes d\u2019ACSI, l\u2019editorial holandesa especialitzada en el sector del c\u00e0mping, ha visitat diversos c\u00e0mpings de les comarques gironines en un viatge de premsa organitzat per l\u2019Associaci\u00f3 de C\u00e0mpings de Girona i el Consorci de les Vies Verdes de Girona. L\u2019objectiu d\u2019aquesta acci\u00f3 \u00e9s donar a con\u00e8ixer l\u2019alt nivell de les instal\u00b7lacions, que han rebut un bon nombre de guardons i reconeixements a nivell europeu, i tamb\u00e9 la seva especialitzaci\u00f3, en aquesta ocasi\u00f3, en cicloturisme.<\/p>\n<p>Durant la visita, les periodistes han recorregut diferents punts de la demarcaci\u00f3, entre ells la ciutat de Girona i la seva vinculaci\u00f3 amb el m\u00f3n de la bicicleta; la Ciutadella de Roses; han pedalat la ruta Pirinexus entre Castell\u00f3 d\u2019Emp\u00faries i Torroella de Montgr\u00ed \u2013 L\u2019Estartit i la via verda entre Girona i Platja d\u2019Aro; i tamb\u00e9 han fet senderisme pel parc natural del Montgr\u00ed. Les periodistes preparen un reportatge de cinc p\u00e0gines sobre les rutes i els c\u00e0mpings gironins, per un n\u00famero especial de cicloturisme de la revista holandesa \u201cFreeLife\u201d que es publicar\u00e0 aquesta primavera.<\/p>\n<p>En finalitzar el viatge, les periodistes han pogut estrenar un dels <em>photocalls<\/em> que l&#8217;ACG ha preparat per als c\u00e0mpings associats i acreditats amb el distintiu Bed&amp;Bike. Aquests marcs fotogr\u00e0fics gegants es lliuraran als c\u00e0mpings membres de l\u2019ACG i Bed&amp;Bike durant la fira Girocamping, per tal que cada un d\u2019ells pugui convidar els seus usuaris cicloturistes a fer-se una fotografia i compartir-la a les xarxes socials.<\/p>\n<p>Tamb\u00e9 aquest febrer Vies Verdes ha estat present a la fira de cicloturisme i senderisme <em>Fiets &amp; Wandelbeurs<\/em> que ha tingut lloc a Utrecht, amb informaci\u00f3 sobre les rutes gironines i els serveis associats, donat que el Benelux \u00e9s un dels mercats emissors principals de cicloturistes, amb alta demanda de serveis de c\u00e0mping.<\/p>\n<p>Aquestes accions de promoci\u00f3 s\u00f3n fruit de l\u2019innovador acord de col\u00b7laboraci\u00f3 que el maig de l\u2019any passat va firmar l\u2019Associaci\u00f3 i el Consorci de les Vies Verdes de Girona per potenciar el cicloturisme a la demarcaci\u00f3 i convertir-la en una gran destinaci\u00f3 d\u2019aquesta modalitat de turisme. El conveni segella la gran aposta dels c\u00e0mpings gironins pel cicloturisme, una afici\u00f3 que cada vegada t\u00e9 m\u00e9s seguidors, sobretot entre els europeus.<\/p>\n<p>Segons han constatat les dues entitats, els c\u00e0mpings representen la primera demanda d\u2019allotjament entre els cicloturistes holandesos, belgues i alemanys i amb l\u2019acord es vol incrementar aquest tipus de turistes en el sector del c\u00e0mping a les comarques gironines.<\/p>\n<p>Actualment una vintena de c\u00e0mpings gironins estan especialitzats en cicloturisme i disset ja disposen del distintiu Bed&amp;Bike, un reconeixement internacional de qualitat impulsat pel Consorci de les Vies Verdes per garantir als turistes aficionats a la bicicleta que l\u2019establiment que l\u2019aconsegueix ofereix els serveis adequats i pensats per a ells, com ara disposar d\u2019espais per guardar les bicicletes, rentar-les i fins i tot un taller per reparar-les.<\/p>\n","protected":false},"excerpt":{"rendered":"<p>Un grup de periodistes d\u2019ACSI, l\u2019editorial holandesa especialitzada en el sector del c\u00e0mping, ha visitat diversos c\u00e0mpings de les comarques gironines en un viatge de premsa organitzat per l\u2019Associaci\u00f3 de C\u00e0mpings de Girona i el Consorci de les Vies Verdes de Girona. L\u2019objectiu d\u2019aquesta acci\u00f3 \u00e9s donar a con\u00e8ixer l\u2019alt nivell de les instal\u00b7lacions, que [&hellip;]<\/p>\n","protected":false},"author":1,"featured_media":97253,"comment_status":"closed","ping_status":"open","sticky":false,"template":"","format":"standard","meta":{"_acf_changed":false,"footnotes":""},"categories":[],"tags":[],"class_list":["post-97252","post","type-post","status-publish","format-standard","has-post-thumbnail","hentry"],"acf":[],"_links":{"self":[{"href":"https:\/\/acg.campingsingirona.com\/ca\/wp-json\/wp\/v2\/posts\/97252","targetHints":{"allow":["GET"]}}],"collection":[{"href":"https:\/\/acg.campingsingirona.com\/ca\/wp-json\/wp\/v2\/posts"}],"about":[{"href":"https:\/\/acg.campingsingirona.com\/ca\/wp-json\/wp\/v2\/types\/post"}],"author":[{"embeddable":true,"href":"https:\/\/acg.campingsingirona.com\/ca\/wp-json\/wp\/v2\/users\/1"}],"replies":[{"embeddable":true,"href":"https:\/\/acg.campingsingirona.com\/ca\/wp-json\/wp\/v2\/comments?post=97252"}],"version-history":[{"count":1,"href":"https:\/\/acg.campingsingirona.com\/ca\/wp-json\/wp\/v2\/posts\/97252\/revisions"}],"predecessor-version":[{"id":103982,"href":"https:\/\/acg.campingsingirona.com\/ca\/wp-json\/wp\/v2\/posts\/97252\/revisions\/103982"}],"wp:featuredmedia":[{"embeddable":true,"href":"https:\/\/acg.campingsingirona.com\/ca\/wp-json\/wp\/v2\/media\/97253"}],"wp:attachment":[{"href":"https:\/\/acg.campingsingirona.com\/ca\/wp-json\/wp\/v2\/media?parent=97252"}],"wp:term":[{"taxonomy":"category","embeddable":true,"href":"https:\/\/acg.campingsingirona.com\/ca\/wp-json\/wp\/v2\/categories?post=97252"},{"taxonomy":"post_tag","embeddable":true,"href":"https:\/\/acg.campingsingirona.com\/ca\/wp-json\/wp\/v2\/tags?post=97252"}],"curies":[{"name":"wp","href":"https:\/\/api.w.org\/{rel}","templated":true}]}}