{"id":97246,"date":"2017-02-08T00:00:00","date_gmt":"2017-02-08T00:00:00","guid":{"rendered":"https:\/\/acg.campingsingirona.com\/en\/blog\/girocamping-sinternacionalitza-amb-presencia-en-la-5a-edicio-de-quatre-paisos\/"},"modified":"2023-10-18T09:01:32","modified_gmt":"2023-10-18T09:01:32","slug":"girocamping-sinternacionalitza-amb-presencia-en-la-5a-edicio-de-quatre-paisos","status":"publish","type":"post","link":"https:\/\/acg.campingsingirona.com\/ca\/girocamping-sinternacionalitza-amb-presencia-en-la-5a-edicio-de-quatre-paisos\/","title":{"rendered":"Girocamping s\u2019internacionalitza amb pres\u00e8ncia en la 5a edici\u00f3 de quatre pa\u00efsos"},"content":{"rendered":"<p>L\u2019edici\u00f3 de Girocamping d\u2019aquest any ser\u00e0 la m\u00e9s internacional. El Sal\u00f3, que se celebrar\u00e0 del 2 al 5 de mar\u00e7 al Palau de Fires de Girona, reunir\u00e0 en la 5a edici\u00f3 expositors de tot l\u2019Estat espanyol i de diferents pa\u00efsos europeus com Fran\u00e7a, Portugal i It\u00e0lia. A m\u00e9s, la regi\u00f3 italiana del V\u00e8neto \u00e9s la destinaci\u00f3 convidada de Girocamping aquest any . Precisament l\u2019Associaci\u00f3 de C\u00e0mpings de Girona va organitzar el passat mes de setembre una visita a aquesta zona italiana per con\u00e8ixer de prop els c\u00e0mpings que s\u2019hi ubiquen que tamb\u00e9 tenen una gran qualitat i han rebut importants reconeixements internacionals.<br \/>\nEl Sal\u00f3 s&#8217;ha presentat, en un acte, a la sala Miquel Dium\u00e9 de l\u2019Ajuntament de Girona, a c\u00e0rrec del president de l\u2019Associaci\u00f3, Miquel Gotanegra; l\u2019alcaldessa, Marta Madrenas; el diputat de la Diputaci\u00f3 de Girona i vicepresident del Patronat de Turisme Girona Costa Brava, Jaume Dulsat; i el director dels Serveis Territorials del Departament d\u2019Empresa i Coneixement, Ferran Roquer. La fira t\u00e9 com a objectiu donar a con\u00e8ixer el m\u00f3n del c\u00e0mping, sobretot a l\u2019Estat Espanyol on nom\u00e9s el cinc per cent dels turistes s\u00f3n campistes. Aquesta xifra ha crescut lleugerament en els \u00faltims anys per\u00f2 encara hi ha molt cam\u00ed per rec\u00f3rrer, segons ha destacat el president de l\u2019Associaci\u00f3, Miquel Gotanegra. A la presentaci\u00f3, els representants de les diferents administracions han elogiat la \u201cgran excel\u2022l\u00e8ncia\u201d dels c\u00e0mpings gironins, la seva traject\u00f2ria i el seu cam\u00ed cap a l\u2019especialitzaci\u00f3. \u201cS\u00f3n una gran pot\u00e8ncia i tenen una gran qualitat\u201d, han remarcat.<br \/>\nGirocamping, la Fira del sector del c\u00e0mping i parcs de vacances \u00fanica en les seves caracter\u00edstiques a l\u2019Estat espanyol, arriba a la cinquena edici\u00f3 plenament consolidada com a referent del sector del c\u00e0mping i dels parcs de vacances del sud d\u2019Europa. Est\u00e0 organitzada per l\u2019Associaci\u00f3 de C\u00e0mpings de Girona, amb la col\u2022laboraci\u00f3 de l\u2019Ajuntament de Girona, el Patronat de Turisme Costa Brava Girona i l\u2019Ag\u00e8ncia Catalana de Turisme. \u00c9s l\u2019\u00fanica fira del sector amb el format mixt, tant pel professionals com per als clients dels c\u00e0mpings amb caravanes, autocaravanes bungalous, accessoris, etc.<br \/>\nJornades centrades en la Sostenibilitat<br \/>\nUna de les principals novetats de l\u2019edici\u00f3 d\u2019aquest any s\u00f3n les jornades destinades als professionals que es potencien. Aquest any estan centrades en la Sostenibilitat tenint en compte que el 2017 \u00e9s l\u2019Any Internacional del Turisme Sostenible. Aix\u00ed, divendres 3 de mar\u00e7, s\u2019han previst dues taules rodones amb representats del sector p\u00fablic, privat i acad\u00e8mic experts en aquesta mat\u00e8ria. La primera taula rodona es dur\u00e0 a terme a les 11h amb el t\u00edtol: \u201cC\u00e0mpings, com a preservadors del litoral catal\u00e0\u201d; i a les 12h, es far\u00e0 la segona taula rodona amb el t\u00edtol: \u201cAigua i c\u00e0mpings, dos partners per a la Sostenibilitat\u201d. A m\u00e9s, les 13h es dur\u00e0 a terme una pon\u00e8ncia a c\u00e0rrec dels responsables d\u2019ACSI, una influent editorial holandesa especialitzada en el sector del c\u00e0mping.<br \/>\nD\u2019altra banda, el dijous 2 de mar\u00e7, al mat\u00ed, est\u00e0 previst que es porti a terme el cinqu\u00e8 Networking entre estudiants de la Facultat de Turisme de la Universitat de Girona i les empreses, institucions i ens de promoci\u00f3 del sector. Aquest Networking est\u00e0 organitzat per segon any conjuntament per la UdG i l\u2019Institut escola d\u2019Hostaleria i Turisme de Girona. Tamb\u00e9 el dijous dia 2 de mar\u00e7, a la tarda, es dur\u00e0 a terme un WorkShop entre els responsables dels c\u00e0mpings associats i les empreses prove\u00efdores del sector que col\u2022laboren amb l\u2019Associaci\u00f3 .<\/p>\n<p>M\u00e9s d\u2019un centenar d\u2019expositors<\/p>\n<p>El Sal\u00f3 reunir\u00e0 en aqueta ocasi\u00f3 m\u00e9s d\u2019un centenar d\u2019expositors ( el termini encara \u00e9s obert) amb la voluntat de ser, un cop m\u00e9s, el gran aparador de la pot\u00e8ncia que t\u00e9 el sector a Catalunya.<br \/>\nUna altra de les novetats de l\u2019edici\u00f3 d\u2019aquest any \u00e9s que la Fira s\u2019amplia. En total hi haur\u00e0 11.200 metres quadrats, 1.200 m\u00e9s que l\u2019any passat. A la part exterior hi haur\u00e0 carpes amb autocaravanes, caravanes i accessoris de c\u00e0mping.<br \/>\nA m\u00e9s, la cinquena edici\u00f3 de Girocamping potencia tamb\u00e9 les activitats destinades al p\u00fablic .Durant quatre dies el Palau de Fires de Girona es transformar\u00e0 en un gran c\u00e0mping amb tota l\u2019oferta d\u2019activitats que es pot trobar en aquestes instal\u2022lacions. La recreaci\u00f3, que s\u2019aconseguir\u00e0 amb espais verds, arbres i altres elements, far\u00e0 que els visitants puguin viure per unes hores tota l\u2019oferta que es poden trobar en un c\u00e0mping, envoltats de natura, i amb activitats i diversi\u00f3 per a tota la fam\u00edlia. S\u2019han previst diferents espais tematitzats amb elements que recrearan les quatre estacions de l\u2019any ja que hi ha un bon nombre de c\u00e0mpings que obren tots els mesos.<br \/>\nPer aconseguir que el visitant pugui viure l\u2019experi\u00e8ncia d\u2019una estada en un c\u00e0mping hi haur\u00e0, entre altres activitats, desfilades de mascotes de c\u00e0mpings, tallers de globoflexia, pallassos, circu\u00eft de ponis, castells inflables i minidisco. A la fira tamb\u00e9 hi haur\u00e0 una part de menjar amb Food trucks. A Girocamping es podran veure les \u00faltimes novetats i tend\u00e8ncies del sector. Les empreses que hi exposen presentaran els nous models de bulagows, mobilhomes i autocaravanes.<\/p>\n<p>Fira de refer\u00e8ncia<\/p>\n<p>Girocamping \u00e9s un gran aparador del sector que ofereix la possibilitat als visitants de viure una aut\u00e8ncia experi\u00e8ncia del m\u00f3n del c\u00e0mping. El fet que aquesta trobada ofereixi un gran nombre d\u2019activitats i una recreaci\u00f3 de tot el que es pot trobar en un c\u00e0mping: com s\u00f3n caravanes, tendes de campanya, habitatges m\u00f2bils, bungalows, remolcs de caravanes, la fa molt atractiva per al p\u00fablic familiar.<\/p>\n<p>L\u2019objectiu de Girocamping \u00e9s mostrar que el c\u00e0mping \u00e9s el dest\u00ed ideal per a unes vacances, o una escapada en fam\u00edlia, ja que en aquests establiments s\u2019hi poden trobar instal\u2022lacions esportives, parcs infantils, activitats d&#8217;animaci\u00f3 i grans espais verds perqu\u00e8 els nens puguin passejar, anar en bicicleta i tot aix\u00f2 en un entorn natural, privilegiat i segur.<br \/>\nPremis Jaume Genover i Roig<br \/>\nEl premi Jaume Genover i Roig, que es concedeix en honor de qui va presidir durant 22 anys l\u2019Associaci\u00f3 de C\u00e0mpings de Girona a empresaris del sector amb una traject\u00f2ria destacada, arriba aquest any a la quarta edici\u00f3. Genover, que el 2010 va rebre la Medalla al M\u00e8rit Tur\u00edstic de Catalunya i va dedicar tota una vida al sector amb una aposta clara per la qualitat de l\u2019oferta, va morir el febrer de 2012 als 78 anys. Jaume Genover i Roig va ser el pioner en promoure els c\u00e0mpings gironins a Europa. L\u2019Associaci\u00f3 de C\u00e0mpings de Girona li ha volgut fer un reconeixement amb uns premis que porten el seu nom i que es lliuraran en el decurs del sopar de gala que es dur\u00e0 a terme el dijous 2 de mar\u00e7. Fins ara han rebut aquest guard\u00f3 Josep Su\u00f1\u00e9, propietari dels c\u00e0mpings Las Dunas i l\u2019Escala; Josep Lumbreras, propietari dels c\u00e0mpings Internacional de Palam\u00f3s i el Pla de la Torre de Calonge, que va morir l\u2019octubre passat. Lumbreras va ser durant m\u00e9s de 30 anys secretari de l\u2019Associaci\u00f3 aix\u00ed com de la Federaci\u00f3 Catalana de C\u00e0mpings i de la Federaci\u00f3 Espanyola. Tamb\u00e9 ha rebut aquest premi Josep Albert Ban\u00fas, propietari del c\u00e0mping Internacional de Calonge.<\/p>\n<p>Reconeixements internacionals<\/p>\n<p>Els c\u00e0mpings gironins tenen una gran qualitat i estan reconeguts a nivell internacional. A la demarcaci\u00f3 el passat mes de gener nou establiments es van situar entre els millors d\u2019Europa despr\u00e9s de rebre a Utrecht (Holanda) el guard\u00f3 Topcamping que concedeix l\u2019associaci\u00f3 d\u2019automobilistes holandesa ANWB ( amb m\u00e9s de 4 milions de fam\u00edlies associades) i sis establiments van rebre a Stuttgart (Alemanya) el Superplatz que atorga l\u2019associaci\u00f3 d\u2019automobilistes ADAC ( la que t\u00e9 m\u00e9s socis d\u2019Alemanya amb m\u00e9s de 19 milions).<br \/>\nImportants inversions<br \/>\nEls c\u00e0mpings de les comarques gironines continuen impulsant inversions de gran relleu per mantenir al dia les instal\u00b7lacions d\u2019acord amb la demanda dels clients, fins i tot en \u00e8poca de crisi, i aconseguir atraure cada cop m\u00e9s turisme de qualitat. En els darrers tres anys han invertit 45\u20195 milions d\u2019euros per consolidar-se com a grans parcs de vacances i com a oferta tur\u00edstica capdavantera . El sector genera 8 milions de pernoctacions l\u2019any i \u00e9s un dels que creen m\u00e9s ocupaci\u00f3 a l\u2019estiu, amb uns 6.500 treballadors, una xifra que s\u2019ha incrementat en els darrers anys .<\/p>\n","protected":false},"excerpt":{"rendered":"<p>L\u2019edici\u00f3 de Girocamping d\u2019aquest any ser\u00e0 la m\u00e9s internacional. El Sal\u00f3, que se celebrar\u00e0 del 2 al 5 de mar\u00e7 al Palau de Fires de Girona, reunir\u00e0 en la 5a edici\u00f3 expositors de tot l\u2019Estat espanyol i de diferents pa\u00efsos europeus com Fran\u00e7a, Portugal i It\u00e0lia. A m\u00e9s, la regi\u00f3 italiana del V\u00e8neto \u00e9s la [&hellip;]<\/p>\n","protected":false},"author":1,"featured_media":97247,"comment_status":"closed","ping_status":"open","sticky":false,"template":"","format":"standard","meta":{"_acf_changed":false,"footnotes":""},"categories":[],"tags":[],"class_list":["post-97246","post","type-post","status-publish","format-standard","has-post-thumbnail","hentry"],"acf":[],"_links":{"self":[{"href":"https:\/\/acg.campingsingirona.com\/ca\/wp-json\/wp\/v2\/posts\/97246","targetHints":{"allow":["GET"]}}],"collection":[{"href":"https:\/\/acg.campingsingirona.com\/ca\/wp-json\/wp\/v2\/posts"}],"about":[{"href":"https:\/\/acg.campingsingirona.com\/ca\/wp-json\/wp\/v2\/types\/post"}],"author":[{"embeddable":true,"href":"https:\/\/acg.campingsingirona.com\/ca\/wp-json\/wp\/v2\/users\/1"}],"replies":[{"embeddable":true,"href":"https:\/\/acg.campingsingirona.com\/ca\/wp-json\/wp\/v2\/comments?post=97246"}],"version-history":[{"count":1,"href":"https:\/\/acg.campingsingirona.com\/ca\/wp-json\/wp\/v2\/posts\/97246\/revisions"}],"predecessor-version":[{"id":103979,"href":"https:\/\/acg.campingsingirona.com\/ca\/wp-json\/wp\/v2\/posts\/97246\/revisions\/103979"}],"wp:featuredmedia":[{"embeddable":true,"href":"https:\/\/acg.campingsingirona.com\/ca\/wp-json\/wp\/v2\/media\/97247"}],"wp:attachment":[{"href":"https:\/\/acg.campingsingirona.com\/ca\/wp-json\/wp\/v2\/media?parent=97246"}],"wp:term":[{"taxonomy":"category","embeddable":true,"href":"https:\/\/acg.campingsingirona.com\/ca\/wp-json\/wp\/v2\/categories?post=97246"},{"taxonomy":"post_tag","embeddable":true,"href":"https:\/\/acg.campingsingirona.com\/ca\/wp-json\/wp\/v2\/tags?post=97246"}],"curies":[{"name":"wp","href":"https:\/\/api.w.org\/{rel}","templated":true}]}}