{"id":97241,"date":"2017-01-14T00:00:00","date_gmt":"2017-01-14T00:00:00","guid":{"rendered":"https:\/\/acg.campingsingirona.com\/en\/blog\/els-campings-gironins-reben-sis-premis-europeus-mes-a-stuttgart-i-aquest-any-ja-en-sumen-catorze\/"},"modified":"2023-10-18T09:01:26","modified_gmt":"2023-10-18T09:01:26","slug":"els-campings-gironins-reben-sis-premis-europeus-mes-a-stuttgart-i-aquest-any-ja-en-sumen-catorze","status":"publish","type":"post","link":"https:\/\/acg.campingsingirona.com\/ca\/els-campings-gironins-reben-sis-premis-europeus-mes-a-stuttgart-i-aquest-any-ja-en-sumen-catorze\/","title":{"rendered":"Els c\u00e0mpings gironins reben sis premis europeus m\u00e9s a Stuttgart  i aquest any ja en sumen catorze"},"content":{"rendered":"<p><img loading=\"lazy\" decoding=\"async\" class=\"alignnone wp-image-1349\" src=\"https:\/\/proves3.6tems.es\/blog.campingsingirona.com\/wp-content\/uploads\/2017\/01\/PremioscampingsgironaStuttgart2017.jpg\" alt=\"premioscampingsgironastuttgart2017\" width=\"458\" height=\"305\" \/><\/p>\n<p>Els c\u00e0mpings gironins continuen sumant premis aquest 2017. Als vuit guardons rebuts dimecres passat pels turistes holandesos en el marc de la Fira Vakantiebeurs d\u2019Utrecht ( Pa\u00efsos Baixos), una de les principals del sector, s\u2019han de sumar els sis nous premis, batejats amb el nom de<em> Superplatz<\/em>, concedits aquesta passada nit al CMT de Stuttgart. En aquesta ocasi\u00f3 els premis els ha atorgat l\u2019 Associaci\u00f3 d\u2019automobilistes ADAC ( la que t\u00e9 m\u00e9s socis d\u2019Alemanya, amb m\u00e9s de 19 milions).<\/p>\n<p><strong>Els c\u00e0mpings premiats a Stuttgart amb el <em>Superplatz <\/em>2017 s\u00f3n: Les Medes, de l\u2019Estartit; l\u2019\u00c0mfora, \u00a0Aquarius , La Ballena Alegre i Las Dunas, de Sant Pere Pescador; i el Delf\u00edn Verde, de Torroella de Montgr\u00ed. <\/strong><\/p>\n<p>Aquests nous guardons ( que substitueixen els Best Campings que s\u2019havien concedit fins ara) s\u00f3n\u00a0 un dels premis m\u00e9s importants d\u2019Europa i suposen la qualificaci\u00f3 de cinc estrelles ( la m\u00e0xima puntuaci\u00f3) als c\u00e0mpings que compten amb les millors instal\u00b7lacions, oferta complement\u00e0ria i serveis.\u00a0 En total a Catalunya han rebut aquest premi 13 c\u00e0mpings i 16 a l\u2019Estat Espanyol. Arreu d\u2019Europa s\u2019han distingit 113 c\u00e0mpings.<\/p>\n<p>Aquests nous reconeixements queden reflectits en les guies de viatges que edita l\u2019ADAC que s\u00f3n un referent important per als campistes\u00a0 alemanys.\u00a0 El CMT \u00e9s la fira especialitzada del sector de les m\u00e9s importants d\u2019Europa i se celebra del 14 al 22 de gener. Aquest sal\u00f3 rep 240 mil visitants anuals i t\u00e9 gaireb\u00e9 2.000 expositors d\u2019un centenar de pa\u00efsos i regions.<\/p>\n<p>Els nous guardons rebuts aquesta passada nit reafirmen un cop m\u00e9s que els c\u00e0mpings de les comarques gironines s\u00f3n un referent pel que fa a destinaci\u00f3 tur\u00edstica d\u2019alta qualitat.<\/p>\n<p>El president de l\u2019Associaci\u00f3 de C\u00e0mpings de Girona, Miquel Gotanegra, destaca que aquests nous guardons <em>\u00a0\u201cs\u00f3n un reconeixement als esfor\u00e7os que duen a terme els equips dels establiments gironins i s\u00f3n essencials per atraure m\u00e9s turistes alemanys\u201d .<\/em><\/p>\n<p>L&#8217;Associaci\u00f3 ha aprofitat l&#8217;estada a Stuttgart per dur a terme reunions de treball amb els m\u00e0xims responsables d&#8217;importants organitzacions europees del sector per continuar innovant i per tractar de projectes de futur de l&#8217;entitat.<\/p>\n<p><strong>Importants inversions<\/strong><\/p>\n<p>Els c\u00e0mpings de les comarques gironines continuen impulsant inversions de gran relleu per mantenir al dia les instal\u00b7lacions d\u2019acord amb la demanda dels clients, fins i tot en \u00e8poca de crisi, i aconseguir atraure cada cop m\u00e9s turisme de qualitat. En els darrers tres anys\u00a0 han invertit \u00a045\u20195 milions d\u2019euros per consolidar-se com a grans parcs de vacances i com a oferta tur\u00edstica capdavantera . El sector genera 8 milions de pernoctacions l\u2019any i \u00e9s un dels que creen m\u00e9s ocupaci\u00f3 a l\u2019estiu, amb uns 6.500 treballadors, una xifra que s\u2019ha incrementat en els darrers anys .<\/p>\n<p>L\u2019Associaci\u00f3 de C\u00e0mpings de les comarques de Girona \u00e9s la m\u00e9s antiga d\u2019Espanya, compta amb 72 associats (m\u00e9s del 80 per cent dels c\u00e0mpings de les comarques de Girona)\u00a0 i ofereix 119.308 places d\u2019allotjament. El total de places d\u2019allotjament de c\u00e0mpings de la demarcaci\u00f3 \u00e9s de 135.000, una xifra que situa al sector com la primera oferta tur\u00edstica reglada.<\/p>\n","protected":false},"excerpt":{"rendered":"<p>Els c\u00e0mpings gironins continuen sumant premis aquest 2017. Als vuit guardons rebuts dimecres passat pels turistes holandesos en el marc de la Fira Vakantiebeurs d\u2019Utrecht ( Pa\u00efsos Baixos), una de les principals del sector, s\u2019han de sumar els sis nous premis, batejats amb el nom de Superplatz, concedits aquesta passada nit al CMT de Stuttgart. [&hellip;]<\/p>\n","protected":false},"author":1,"featured_media":97242,"comment_status":"closed","ping_status":"open","sticky":false,"template":"","format":"standard","meta":{"_acf_changed":false,"footnotes":""},"categories":[],"tags":[],"class_list":["post-97241","post","type-post","status-publish","format-standard","has-post-thumbnail","hentry"],"acf":[],"_links":{"self":[{"href":"https:\/\/acg.campingsingirona.com\/ca\/wp-json\/wp\/v2\/posts\/97241","targetHints":{"allow":["GET"]}}],"collection":[{"href":"https:\/\/acg.campingsingirona.com\/ca\/wp-json\/wp\/v2\/posts"}],"about":[{"href":"https:\/\/acg.campingsingirona.com\/ca\/wp-json\/wp\/v2\/types\/post"}],"author":[{"embeddable":true,"href":"https:\/\/acg.campingsingirona.com\/ca\/wp-json\/wp\/v2\/users\/1"}],"replies":[{"embeddable":true,"href":"https:\/\/acg.campingsingirona.com\/ca\/wp-json\/wp\/v2\/comments?post=97241"}],"version-history":[{"count":1,"href":"https:\/\/acg.campingsingirona.com\/ca\/wp-json\/wp\/v2\/posts\/97241\/revisions"}],"predecessor-version":[{"id":103976,"href":"https:\/\/acg.campingsingirona.com\/ca\/wp-json\/wp\/v2\/posts\/97241\/revisions\/103976"}],"wp:featuredmedia":[{"embeddable":true,"href":"https:\/\/acg.campingsingirona.com\/ca\/wp-json\/wp\/v2\/media\/97242"}],"wp:attachment":[{"href":"https:\/\/acg.campingsingirona.com\/ca\/wp-json\/wp\/v2\/media?parent=97241"}],"wp:term":[{"taxonomy":"category","embeddable":true,"href":"https:\/\/acg.campingsingirona.com\/ca\/wp-json\/wp\/v2\/categories?post=97241"},{"taxonomy":"post_tag","embeddable":true,"href":"https:\/\/acg.campingsingirona.com\/ca\/wp-json\/wp\/v2\/tags?post=97241"}],"curies":[{"name":"wp","href":"https:\/\/api.w.org\/{rel}","templated":true}]}}