{"id":97235,"date":"2017-01-07T00:00:00","date_gmt":"2017-01-07T00:00:00","guid":{"rendered":"https:\/\/acg.campingsingirona.com\/en\/blog\/els-campings-gironins-inicien-un-potent-pla-de-promocio-amb-el-repte-dobrir-nous-mercats\/"},"modified":"2023-10-18T09:01:19","modified_gmt":"2023-10-18T09:01:19","slug":"els-campings-gironins-inicien-un-potent-pla-de-promocio-amb-el-repte-dobrir-nous-mercats","status":"publish","type":"post","link":"https:\/\/acg.campingsingirona.com\/ca\/els-campings-gironins-inicien-un-potent-pla-de-promocio-amb-el-repte-dobrir-nous-mercats\/","title":{"rendered":"Els c\u00e0mpings gironins inicien un potent pla de promoci\u00f3 amb el repte d\u2019obrir nous mercats"},"content":{"rendered":"<p>&nbsp;<\/p>\n<p><img loading=\"lazy\" decoding=\"async\" class=\"alignnone  wp-image-1336\" src=\"https:\/\/proves3.6tems.es\/blog.campingsingirona.com\/wp-content\/uploads\/2017\/01\/Gu\u00eda-campings-Girona2017.jpg\" alt=\"guia-campings-girona2017\" width=\"576\" height=\"384\" \/><\/p>\n<p>Els c\u00e0mpings gironins han iniciat una potent campanya de promoci\u00f3 amb l\u2019objectiu d\u2019adaptar-se als nous models de la demanda tur\u00edstica, obrir nous mercats, i donar a con\u00e8ixer l\u2019oferta i l\u2019alt nivell de les instal\u00b7lacions que els han fet mereixedores d\u2019importants guardons europeus.<\/p>\n<p><strong>Nou web<\/strong><\/p>\n<p>Les l\u00ednies generals d\u2019aquesta potent campanya\u00a0 de promoci\u00f3 passen , sobretot, \u00a0per refor\u00e7ar les accions online amb un portal web totalment renovat . En aquest sentit l\u2019Associaci\u00f3 ha fet una important inversi\u00f3 de posicionament del web que s\u2019ha estructurat en p\u00e0gines d\u2019aterratge. L\u2019objectiu \u00e9s aconseguir doblar el nombre de visites al web\u00a0 i arribar a les 250 mil \u00a0visites l\u2019any\u00a0 per tal de redirigir-les cap als c\u00e0mpings associats i que es tradueixen en un increment del nombre de reserves. A m\u00e9s, s\u2019ha editat una nova guia amb l\u2019especialitzaci\u00f3 dels c\u00e0mpings gironins i es mantindr\u00e0 la pres\u00e8ncia a fires de relleu del sector.<\/p>\n<p>Aquesta campanya, en la qual s\u2019invertir\u00e0 uns 300 mil euros, es dur\u00e0 a terme en col\u00b7laboraci\u00f3 amb el Patronat de Turisme Girona Costa Brava i l\u2019Ag\u00e8ncia Catalana de Turisme de la Generalitat i Turespa\u00f1a.<\/p>\n<p><strong>El mercat escandinau en el punt de mira<\/strong><\/p>\n<p>Pel que fa als mercats, aquest 2017 el pla posar\u00e0 l\u2019accent en el mercat escandinau ( sobretot Dinamarca on el 20 per cent de la poblaci\u00f3 \u00e9s client de c\u00e0mping) per aconseguir incrementar les xifres d\u2019ocupaci\u00f3 els mesos de juny, la primera quinzena de juliol i setembre. Els turistes d\u2019aquests pa\u00efsos\u00a0\u00a0 acostumen a fer les vacances fora de temporada alta.\u00a0 Per fer-ho possible s\u2019intensificaran tamb\u00e9 les accions de promoci\u00f3 per mitj\u00e0 de viatges de premsa i accions directes als mitjans de comunicaci\u00f3 de cada zona.<\/p>\n<p>Aix\u00f2 sense deixar de banda els mercats emissors principals com l\u2019alemany , el del Benelux i el turisme de proximitat.<\/p>\n<p><strong>Nova guia<\/strong><\/p>\n<p>L\u2019Associaci\u00f3 ha editat una nova guia amb una classificaci\u00f3 dels 72 establiments que en formen part segons la seva especialitzaci\u00f3 . Se n\u2019han editat 12 mil exemplars que es distribuiran per les fires on els c\u00e0mpings hi seran presents, les oficines de turisme de la demarcaci\u00f3, el Patronat de Turisme,\u00a0 els Aeroports de Catalunya i l\u2019Ag\u00e8ncia Catalana de Turisme.\u00a0 Amb la nova guia, no nom\u00e9s es fa promoci\u00f3 dels c\u00e0mpings de les comarques de Girona sin\u00f3 tamb\u00e9 \u00a0del conjunt de la demarcaci\u00f3 com a dest\u00ed tur\u00edstic.<\/p>\n<p>Els c\u00e0mpings gironins estan especialitzats, a banda de cicloturisme,\u00a0 en turisme familiar, n\u00e0utic, actiu, cultural, enoturisme, de golf, de salut i\u00a0 glamping. I la l\u00ednia a seguir la proper temporada \u00e9s potenciar aquesta especialitzaci\u00f3. L\u2019Associaci\u00f3 de c\u00e0mpings de Girona \u00e9s el primer col\u00b7lectiu d\u2019allotjament que ha dut a terme una classificaci\u00f3 d\u2019aquest tipus.<\/p>\n<p>&nbsp;<\/p>\n<p><strong>Fires de relleu del sector<\/strong><\/p>\n<p>A m\u00e9s, hi haur\u00e0 una pres\u00e8ncia de l\u2019Associaci\u00f3 a les fires internacionals que es valoren com a m\u00e9s importants per al sector del c\u00e0mping: la fira VakantieJaarbeurs d\u2019Utrecht (Pa\u00efsos Baixos), del 10 al 15 de gener; el CMT de Stuttgart ( Alemanya) del 14 al 22 de gener;\u00a0 el Salon du Vacanses de Brusel.les (B\u00e8lgica), del 2 al 5 de febrer; i el Reise+Camping d\u2019Essen (Alemanya), del 15\u00a0 al 19 de febrer. Girona ha estat escollida com a destinaci\u00f3 convidada pels organitzadors d\u2019aquest sal\u00f3 el que representa una gran oportunitat per promocionar l\u2019oferta tur\u00edstica de les comarques gironines, i en particular del c\u00e0mping, en l\u2019important mercat alemany.<\/p>\n<p>L\u2019Associaci\u00f3 tamb\u00e9 ser\u00e0 present al Reise for alle d\u2019Herning (Dinamarca), del 24 al 27 de febrer; Girocamping , del 2 al 5 de mar\u00e7 ,\u00a0 la primera fira que es va posar en marxa a l\u2019Estat amb el format de c\u00e0mpings, caravanes i bungalous i que aquest any\u00a0 celebrar\u00e0 la quarta edici\u00f3; Expovacaciones de Bilbao, del 5 al 7 de maig; i Motorhome&amp;Caravan Show de Birmingham (Regne Unit), a l\u2019octubre. L\u2019Associaci\u00f3 assisteix a aquestes fires amb estand propi\u00a0 o a trav\u00e9s de l\u2019Ag\u00e8ncia Catalana de Turisme (ACT).<\/p>\n<p>Tenint en compte que s\u2019ha declarat<strong> el 2017 com l\u2019Any Internacional del Turisme Sostenible per al Desenvolupament, <\/strong>les accions de promoci\u00f3 tamb\u00e9 incidiran en el cicloturisme, un segment considerat molt important per al sector sobretot despr\u00e9s de la firma, el maig passat, de l\u2019acord innovador amb Vies Verdes per tal de potenciar conjuntament la promoci\u00f3\u00a0\u00a0 de la xarxa de vies per a ciclistes i senderistes gironina i atraure m\u00e9s cicloturistes cap al sector del c\u00e0mping. El conveni segella la gran aposta dels c\u00e0mpings gironins pel cicloturisme, una afici\u00f3 que cada vegada t\u00e9 m\u00e9s seguidors, sobretot entre els europeus, i no nom\u00e9s entre els joves i les fam\u00edlies sin\u00f3 tamb\u00e9 entre les persones de m\u00e9s de 50 anys. Segons han constatat les dues entitats, els c\u00e0mpings representen la primera demanda d\u2019allotjament entre els cicloturistes holandesos, belgues i alemanys.<\/p>\n","protected":false},"excerpt":{"rendered":"<p>&nbsp; Els c\u00e0mpings gironins han iniciat una potent campanya de promoci\u00f3 amb l\u2019objectiu d\u2019adaptar-se als nous models de la demanda tur\u00edstica, obrir nous mercats, i donar a con\u00e8ixer l\u2019oferta i l\u2019alt nivell de les instal\u00b7lacions que els han fet mereixedores d\u2019importants guardons europeus. Nou web Les l\u00ednies generals d\u2019aquesta potent campanya\u00a0 de promoci\u00f3 passen , [&hellip;]<\/p>\n","protected":false},"author":1,"featured_media":97236,"comment_status":"closed","ping_status":"open","sticky":false,"template":"","format":"standard","meta":{"_acf_changed":false,"footnotes":""},"categories":[],"tags":[],"class_list":["post-97235","post","type-post","status-publish","format-standard","has-post-thumbnail","hentry"],"acf":[],"_links":{"self":[{"href":"https:\/\/acg.campingsingirona.com\/ca\/wp-json\/wp\/v2\/posts\/97235","targetHints":{"allow":["GET"]}}],"collection":[{"href":"https:\/\/acg.campingsingirona.com\/ca\/wp-json\/wp\/v2\/posts"}],"about":[{"href":"https:\/\/acg.campingsingirona.com\/ca\/wp-json\/wp\/v2\/types\/post"}],"author":[{"embeddable":true,"href":"https:\/\/acg.campingsingirona.com\/ca\/wp-json\/wp\/v2\/users\/1"}],"replies":[{"embeddable":true,"href":"https:\/\/acg.campingsingirona.com\/ca\/wp-json\/wp\/v2\/comments?post=97235"}],"version-history":[{"count":1,"href":"https:\/\/acg.campingsingirona.com\/ca\/wp-json\/wp\/v2\/posts\/97235\/revisions"}],"predecessor-version":[{"id":103973,"href":"https:\/\/acg.campingsingirona.com\/ca\/wp-json\/wp\/v2\/posts\/97235\/revisions\/103973"}],"wp:featuredmedia":[{"embeddable":true,"href":"https:\/\/acg.campingsingirona.com\/ca\/wp-json\/wp\/v2\/media\/97236"}],"wp:attachment":[{"href":"https:\/\/acg.campingsingirona.com\/ca\/wp-json\/wp\/v2\/media?parent=97235"}],"wp:term":[{"taxonomy":"category","embeddable":true,"href":"https:\/\/acg.campingsingirona.com\/ca\/wp-json\/wp\/v2\/categories?post=97235"},{"taxonomy":"post_tag","embeddable":true,"href":"https:\/\/acg.campingsingirona.com\/ca\/wp-json\/wp\/v2\/tags?post=97235"}],"curies":[{"name":"wp","href":"https:\/\/api.w.org\/{rel}","templated":true}]}}