{"id":97229,"date":"2016-12-16T00:00:00","date_gmt":"2016-12-16T00:00:00","guid":{"rendered":"https:\/\/acg.campingsingirona.com\/en\/blog\/josep-sune-propietari-dels-campings-las-dunas-i-lescala-guardonat-amb-el-premi-g-de-turisme\/"},"modified":"2023-10-18T09:01:12","modified_gmt":"2023-10-18T09:01:12","slug":"josep-sune-propietari-dels-campings-las-dunas-i-lescala-guardonat-amb-el-premi-g-de-turisme","status":"publish","type":"post","link":"https:\/\/acg.campingsingirona.com\/ca\/josep-sune-propietari-dels-campings-las-dunas-i-lescala-guardonat-amb-el-premi-g-de-turisme\/","title":{"rendered":"Josep Su\u00f1\u00e9, propietari dels c\u00e0mpings Las Dunas i l\u2019Escala, guardonat amb el premi G! de turisme"},"content":{"rendered":"<p>&nbsp;<\/p>\n<p><img loading=\"lazy\" decoding=\"async\" class=\"alignnone size-full wp-image-1293\" src=\"https:\/\/proves3.6tems.es\/blog.campingsingirona.com\/wp-content\/uploads\/2016\/12\/premi.jpg\" alt=\"premi\" width=\"960\" height=\"720\" \/><\/p>\n<p>&nbsp;<\/p>\n<p><strong>\u00a0<\/strong>Josep Su\u00f1\u00e9, propietari dels c\u00e0mpings Las Dunas i l\u2019Escala, de Sant Pere Pescador i una persona pionera en la promoci\u00f3 del sector, ha estat guardonat amb el Premi G! que atorga anualment el Patronat de Turisme en reconeixement a la traject\u00f2ria i la bona gesti\u00f3 empresarial dels professionals tur\u00edstics gironins. El guard\u00f3 es va lliurar ahir al vespre en un acte celebrat a l\u2019Auditori Palau de Congressos de Girona i que va ser presidit pel president de la Generalitat, Carles Puigdemont.<\/p>\n<p>Josep Su\u00f1\u00e9 Sabad\u00ed ha estat reconegut per la seva dedicaci\u00f3 constant al m\u00f3n del c\u00e0mping, la seva traject\u00f2ria professional i la seva aportaci\u00f3 continuada a la millora del sector. Ha rebut el<strong> \u00a0XI premi G! Josep Aul\u00ed 2016 a la tasca professional<\/strong> en <em>\u201creconeixement de la seva v\u00e0lua i llarga traject\u00f2ria professional en l\u2019\u00e0mbit del turisme, al capdavant dels c\u00e0mpings Las Dunas i l\u2019Escala, i per haver mantingut el lideratge a Europa, fomentant el sector i portant el nom de la Costa Brava\u201d.<\/em><\/p>\n<p>L\u2019empresari, que ha rebut per la seva feina un gran nombre de premis i distincions, va ser un precursor de la promoci\u00f3 del sector a l\u2019\u00e0mbit europeu i la tasca que ha dut a terme ha contribu\u00eft a posicionar el sector i ha estat reconeguda a nivell internacional. Las Dunas ha rebut importants premis com a c\u00e0mping l\u00edder a Europa reconegut no nom\u00e9s pels professionals del sector sin\u00f3 tamb\u00e9 pels usuaris.<\/p>\n<p>Su\u00f1\u00e9 va agrair el guard\u00f3 i va recordar que \u201cel c\u00e0mping \u00e9s molt reconegut a Europa per\u00f2 \u00e9s un gran desconegut a casa nostra\u201d. En aquest sentit va manifestar que cal donar a con\u00e8ixer l\u2019elevada qualitat d\u2019aquests establiments entre els clients de proximitat.<\/p>\n<p>L\u2019Associaci\u00f3 de C\u00e0mpings de Girona va rebre l\u2019any passat el premi G! Xiquet Sabater per \u201c la tasca de promoci\u00f3 del territori giron\u00ed i de posicionament de la Costa Brava i el Pirineu de Girona com a destinaci\u00f3 de qualitat entre els principals mercats emissors\u201d. L\u2019entitat, fundada al 1977, aplega \u00a075 establiments, el 80 per cent de la totalitat dels c\u00e0mpings gironins,\u00a0 i ofereix m\u00e9s de 120.000 places d\u2019 allotjament . El total de places d\u2019allotjament de c\u00e0mpings de la demarcaci\u00f3 \u00e9s de 135.000, una xifra que situa al sector com la primera oferta tur\u00edstica reglada.<\/p>\n","protected":false},"excerpt":{"rendered":"<p>&nbsp; &nbsp; \u00a0Josep Su\u00f1\u00e9, propietari dels c\u00e0mpings Las Dunas i l\u2019Escala, de Sant Pere Pescador i una persona pionera en la promoci\u00f3 del sector, ha estat guardonat amb el Premi G! que atorga anualment el Patronat de Turisme en reconeixement a la traject\u00f2ria i la bona gesti\u00f3 empresarial dels professionals tur\u00edstics gironins. El guard\u00f3 es [&hellip;]<\/p>\n","protected":false},"author":1,"featured_media":97230,"comment_status":"closed","ping_status":"open","sticky":false,"template":"","format":"standard","meta":{"_acf_changed":false,"footnotes":""},"categories":[],"tags":[],"class_list":["post-97229","post","type-post","status-publish","format-standard","has-post-thumbnail","hentry"],"acf":[],"_links":{"self":[{"href":"https:\/\/acg.campingsingirona.com\/ca\/wp-json\/wp\/v2\/posts\/97229","targetHints":{"allow":["GET"]}}],"collection":[{"href":"https:\/\/acg.campingsingirona.com\/ca\/wp-json\/wp\/v2\/posts"}],"about":[{"href":"https:\/\/acg.campingsingirona.com\/ca\/wp-json\/wp\/v2\/types\/post"}],"author":[{"embeddable":true,"href":"https:\/\/acg.campingsingirona.com\/ca\/wp-json\/wp\/v2\/users\/1"}],"replies":[{"embeddable":true,"href":"https:\/\/acg.campingsingirona.com\/ca\/wp-json\/wp\/v2\/comments?post=97229"}],"version-history":[{"count":1,"href":"https:\/\/acg.campingsingirona.com\/ca\/wp-json\/wp\/v2\/posts\/97229\/revisions"}],"predecessor-version":[{"id":103970,"href":"https:\/\/acg.campingsingirona.com\/ca\/wp-json\/wp\/v2\/posts\/97229\/revisions\/103970"}],"wp:featuredmedia":[{"embeddable":true,"href":"https:\/\/acg.campingsingirona.com\/ca\/wp-json\/wp\/v2\/media\/97230"}],"wp:attachment":[{"href":"https:\/\/acg.campingsingirona.com\/ca\/wp-json\/wp\/v2\/media?parent=97229"}],"wp:term":[{"taxonomy":"category","embeddable":true,"href":"https:\/\/acg.campingsingirona.com\/ca\/wp-json\/wp\/v2\/categories?post=97229"},{"taxonomy":"post_tag","embeddable":true,"href":"https:\/\/acg.campingsingirona.com\/ca\/wp-json\/wp\/v2\/tags?post=97229"}],"curies":[{"name":"wp","href":"https:\/\/api.w.org\/{rel}","templated":true}]}}