{"id":97227,"date":"2016-12-05T00:00:00","date_gmt":"2016-12-05T00:00:00","guid":{"rendered":"https:\/\/acg.campingsingirona.com\/en\/blog\/el-camping-illa-mateua-de-lescala-dona-20-000-euros-a-cinc-entitats-i-ong\/"},"modified":"2023-10-18T09:01:08","modified_gmt":"2023-10-18T09:01:08","slug":"el-camping-illa-mateua-de-lescala-dona-20-000-euros-a-cinc-entitats-i-ong","status":"publish","type":"post","link":"https:\/\/acg.campingsingirona.com\/ca\/el-camping-illa-mateua-de-lescala-dona-20-000-euros-a-cinc-entitats-i-ong\/","title":{"rendered":"El c\u00e0mping Illa Mateua de l\u2019Escala d\u00f3na 20.000 euros a cinc entitats i ONG"},"content":{"rendered":"<p><img loading=\"lazy\" decoding=\"async\" class=\"alignnone size-full wp-image-1288\" src=\"https:\/\/proves3.6tems.es\/blog.campingsingirona.com\/wp-content\/uploads\/2016\/12\/aaa-1.jpg\" alt=\"aaa\" width=\"960\" height=\"640\" \/><\/p>\n<p>El c\u00e0mping Illa Mateua de l\u2019Escala ha fet \u00a0una donaci\u00f3 de 20.000 euros a cinc entitats i ONG en el marc del seu projecte de responsabilitat social. Es tracta de C\u00e0ritas l\u2019Escala; Tarragona Missionera, que t\u00e9 en marxa un projecte de construcci\u00f3 d\u2019un centre de formaci\u00f3 i assist\u00e8ncia social a Ruanda; la Fundaci\u00f3 ASTRID 21, que treballa amb persones amb s\u00edndrome de Down o altres discapacitats intel\u00b7lectuals; \u00a0A\u00cfMA-SM, que ofereix suport a malalts mentals de l\u2019\u00c0frica Occidental; i l\u2019associaci\u00f3 GoodBites, vinculada a la Fundaci\u00f3 Vicen\u00e7 Ferrer, que t\u00e9 \u00a0un programa de nutrici\u00f3 de les v\u00eddues de les castes m\u00e9s baixes de l\u2019\u00cdndia i els seus fills.<\/p>\n<p>Fa dotze anys que el c\u00e0mping Illa Mateua destina un percentatge de la seva facturaci\u00f3 a fins socials, segons destaca el seu director, Mart\u00ed Guillem. Aquest percentatge, que va comen\u00e7ar essent el 0,7%, s\u2019ha anat incrementant ja que es vol contribuir el m\u00e0xim possible a la millora de les condicions de vida de les persones necessitades. \u201cDe la mateixa manera que els governs estableixen taxes ambientals a les empreses i productes que contribueixen a l\u2019escalfament global, nosaltres ens prenem aquesta aportaci\u00f3 com una taxa solid\u00e0ria que ens hem autoimposat per a respondre a la responsabilitat social corporativa\u201d, \u00a0remarca Guillem. El director del c\u00e0mping ha explicat que els treballadors de l\u2019establiment estan plenament sensibilitzats amb aquesta filosofia i tamb\u00e9 hi col.laboren de forma volunt\u00e0ria amb una part del seu sou.<\/p>\n<p>L\u2019acte es va dur a terme a la sala d\u2019Actes de l\u2019Ajuntament de l\u2019Escala amb la pres\u00e8ncia de la Consellera de Treball, Afers Socials i Fam\u00edlies, Dolors Bassa; el president del Consell Comarcal de l\u2019Alt Empord\u00e0, Ferran Roquer; l\u2019alcalde de l\u2019Escala, V\u00edctor Puga; el president de l\u2019Associaci\u00f3 de C\u00e0mpings de Girona, Miquel Gotanegra; el director del c\u00e0mping, Mart\u00ed Guillem; i els representants de les cinc entitats i ONG.<\/p>\n<p>La consellera Dolors Bassa va destacar \u201cla conscienciaci\u00f3 social del c\u00e0mping illa Mateua amb una iniciativa plenament consolidada\u201d. El president de l\u2019Associaci\u00f3 de C\u00e0mpings de les comarques de Girona va subratllar la import\u00e0ncia que una empresa del sector tur\u00edstic faci una aportaci\u00f3 d\u2019aquestes caracter\u00edstiques i ho va posar com a exemple a seguir. \u201cLa responsabilitat social de les empreses \u00e9s b\u00e0sica\u201d va remarcar Gotanegra.<\/p>\n<p>El c\u00e0mping Illa Mateua tamb\u00e9 t\u00e9 un comprom\u00eds ferm amb el respecte pel medi ambient, que se suma al de l\u2019\u00e0mbit social, i ja t\u00e9 dues ISO de medi ambient i qualitat i l\u2019EMAS III.<\/p>\n","protected":false},"excerpt":{"rendered":"<p>El c\u00e0mping Illa Mateua de l\u2019Escala ha fet \u00a0una donaci\u00f3 de 20.000 euros a cinc entitats i ONG en el marc del seu projecte de responsabilitat social. Es tracta de C\u00e0ritas l\u2019Escala; Tarragona Missionera, que t\u00e9 en marxa un projecte de construcci\u00f3 d\u2019un centre de formaci\u00f3 i assist\u00e8ncia social a Ruanda; la Fundaci\u00f3 ASTRID 21, [&hellip;]<\/p>\n","protected":false},"author":1,"featured_media":97228,"comment_status":"closed","ping_status":"open","sticky":false,"template":"","format":"standard","meta":{"_acf_changed":false,"footnotes":""},"categories":[],"tags":[],"class_list":["post-97227","post","type-post","status-publish","format-standard","has-post-thumbnail","hentry"],"acf":[],"_links":{"self":[{"href":"https:\/\/acg.campingsingirona.com\/ca\/wp-json\/wp\/v2\/posts\/97227","targetHints":{"allow":["GET"]}}],"collection":[{"href":"https:\/\/acg.campingsingirona.com\/ca\/wp-json\/wp\/v2\/posts"}],"about":[{"href":"https:\/\/acg.campingsingirona.com\/ca\/wp-json\/wp\/v2\/types\/post"}],"author":[{"embeddable":true,"href":"https:\/\/acg.campingsingirona.com\/ca\/wp-json\/wp\/v2\/users\/1"}],"replies":[{"embeddable":true,"href":"https:\/\/acg.campingsingirona.com\/ca\/wp-json\/wp\/v2\/comments?post=97227"}],"version-history":[{"count":1,"href":"https:\/\/acg.campingsingirona.com\/ca\/wp-json\/wp\/v2\/posts\/97227\/revisions"}],"predecessor-version":[{"id":103969,"href":"https:\/\/acg.campingsingirona.com\/ca\/wp-json\/wp\/v2\/posts\/97227\/revisions\/103969"}],"wp:featuredmedia":[{"embeddable":true,"href":"https:\/\/acg.campingsingirona.com\/ca\/wp-json\/wp\/v2\/media\/97228"}],"wp:attachment":[{"href":"https:\/\/acg.campingsingirona.com\/ca\/wp-json\/wp\/v2\/media?parent=97227"}],"wp:term":[{"taxonomy":"category","embeddable":true,"href":"https:\/\/acg.campingsingirona.com\/ca\/wp-json\/wp\/v2\/categories?post=97227"},{"taxonomy":"post_tag","embeddable":true,"href":"https:\/\/acg.campingsingirona.com\/ca\/wp-json\/wp\/v2\/tags?post=97227"}],"curies":[{"name":"wp","href":"https:\/\/api.w.org\/{rel}","templated":true}]}}