{"id":97210,"date":"2016-06-02T00:00:00","date_gmt":"2016-06-02T00:00:00","guid":{"rendered":"https:\/\/acg.campingsingirona.com\/en\/blog\/el-camping-la-ballena-alegre-organitza-el-primer-triatlo-familiar-que-es-fa-a-la-demarcacio\/"},"modified":"2023-10-18T09:00:48","modified_gmt":"2023-10-18T09:00:48","slug":"el-camping-la-ballena-alegre-organitza-el-primer-triatlo-familiar-que-es-fa-a-la-demarcacio","status":"publish","type":"post","link":"https:\/\/acg.campingsingirona.com\/ca\/el-camping-la-ballena-alegre-organitza-el-primer-triatlo-familiar-que-es-fa-a-la-demarcacio\/","title":{"rendered":"El c\u00e0mping La Ballena Alegre organitza el primer triatl\u00f3 familiar que es fa a la demarcaci\u00f3"},"content":{"rendered":"<p><a href=\"https:\/\/proves3.6tems.es\/blog.campingsingirona.com\/wp-content\/uploads\/2016\/06\/11.jpg\"><img loading=\"lazy\" decoding=\"async\" class=\"alignnone size-medium wp-image-1147\" src=\"https:\/\/proves3.6tems.es\/blog.campingsingirona.com\/wp-content\/uploads\/2016\/06\/11-300x169.jpg\" alt=\"1\" width=\"300\" height=\"169\" \/><\/a> El c\u00e0mping la Ballena Alegre de Sant Pere Pescador acollir\u00e0 del 3 al 5 de juny El Costa Brava Triathlon by sailfish<strong>,<\/strong> el primer en les seves caracter\u00edstiques que es far\u00e0 a la demarcaci\u00f3. Es tracta d\u2019una oferta que es dur\u00e0 a terme amb fam\u00edlia, ja que tots els acompanyants podran gaudir d\u2019activitats fetes a mida i presenciar les competicions. Aquesta iniciativa s&#8217;ha presentat, en un acte al Patronat de Turisme Costa Brava Girona, que ha comptat amb la pres\u00e8ncia el director del Patronat, Ramon Ramos; l\u2019alcalde de Sant Pere Pescador, Agust\u00ed Badosa; el gerent del c\u00e0mping, \u00c0lex Trias; el president de l\u2019Associaci\u00f3 de C\u00e0mpings de Girona, Miquel Gotanegra; el directiu de la Federaci\u00f3 Catalana de Triatl\u00f3, Jordi Congost; el coorganitzador i t\u00e8cnic de Dual Grups, Mois\u00e8s Gangolells i dos atletes d\u2019elit:\u00a0 Albert Parre\u00f1o i Anna Flaquer. Hi participaran unes 200 persones i \u00e9s una gran aposta pel turisme familiar i la potenciaci\u00f3 dels c\u00e0mpings com a grans parcs de vacances de les comarques de Girona, segons s\u2019ha destacat. Darrera del Costa Brava Triathlon by sailfish hi ha tamb\u00e9 els organitzadors que porten anys preparant el Half de Berga, una de les proves m\u00e9s importants i amb m\u00e9s prestigi del seu \u00e0mbit a l\u2019Estat. Dins el preu de l\u2019allotjament al c\u00e0mping s\u2019inclou una inscripci\u00f3 gratu\u00efta a les proves. El programa comen\u00e7a amb una festa de benvinguda i m\u00fasica en viu divendres, i continua dissabte amb una gran gimcana familiar. Dissabte a la tarda es far\u00e0 el Kids Race (un aquatl\u00f3), par a nens i nenes d\u2019entre 7 i 14 anys. Per als esportistes, hi haur\u00e0 un aquatl\u00f3 de 2.500 metros de cursa a peu i 1.000 metres de nataci\u00f3. La nataci\u00f3 es far\u00e0 a la platja del Cortal de la Devesa, davant de La Ballena Alegre. La cursa a peu es dur\u00e0 a terme per la zona de dins del recinte. A las 9 de la nit hi haur\u00e0 una Pasta Party i a partir de dos quarts de 10 una festa d\u2019espectacle acrob\u00e0tic. Per a diumenge hi ha prevista la prova de Triatl\u00f3, que \u00e9s la m\u00e9s important, amb 750 metres de nataci\u00f3 a la platja del Cortal de la Devesa, 20 quil\u00f2metres de ciclisme pels termes de Sant Pere Pescador, L\u2019Armentera, Ventall\u00f3, Viladamat i l\u2019Escala, i 5 quil\u00f2metres de cursa a peu per la zona interior del c\u00e0mping, que acabaran a la una de la tarda amb una paella popular. Segons es destaca, per a la Costa Brava \u00e9s molt positiu acollir la Costa Brava Triathlon perqu\u00e8 \u00e9s una iniciativa nova que contribueix a revitalitzar el turisme de la zona a nivell econ\u00f2mic, beneficiant especialment el subsector dels c\u00e0mpings. Es tracta d\u2019un esdeveniment esportiu que genera inter\u00e8s entre els aficionats als esports i del turisme actiu a la natura, posicionant la demarcaci\u00f3 com una destinaci\u00f3 de turisme esportiu. Tamb\u00e9 posa en valor els atractius i recursos naturals, culturals i gastron\u00f2mics del territori, i\u00a0 ajuda a projectar la marca Costa Brava. La Ballena Alegre ha rebut durant quatre anys consecutius el premi Best Camping atorgat per la companyia alemanya ADAC (17 milions d\u2019usuaris) i la guia automobil\u00edstica holandesa ANWB. El c\u00e0mping ha fet una gran aposta per l\u2019especialitzaci\u00f3 esportiva, un fet que li permet ampliar la temporada. La Ballena Alegre forma part de l\u2019Associaci\u00f3 de c\u00e0mpings de les comarques de Girona, que compta amb 75 associats (m\u00e9s del 80 per cent dels c\u00e0mpings de la demarcaci\u00f3) i ofereix 119.308 places d\u2019allotjament. El total de places de la demarcaci\u00f3 \u00e9s de 135.000, una xifra que situa al sector com la primera oferta tur\u00edstica reglada.<\/p>\n","protected":false},"excerpt":{"rendered":"<p>El c\u00e0mping la Ballena Alegre de Sant Pere Pescador acollir\u00e0 del 3 al 5 de juny El Costa Brava Triathlon by sailfish, el primer en les seves caracter\u00edstiques que es far\u00e0 a la demarcaci\u00f3. Es tracta d\u2019una oferta que es dur\u00e0 a terme amb fam\u00edlia, ja que tots els acompanyants podran gaudir d\u2019activitats fetes a [&hellip;]<\/p>\n","protected":false},"author":1,"featured_media":0,"comment_status":"closed","ping_status":"open","sticky":false,"template":"","format":"standard","meta":{"_acf_changed":false,"footnotes":""},"categories":[],"tags":[],"class_list":["post-97210","post","type-post","status-publish","format-standard","hentry"],"acf":[],"_links":{"self":[{"href":"https:\/\/acg.campingsingirona.com\/ca\/wp-json\/wp\/v2\/posts\/97210","targetHints":{"allow":["GET"]}}],"collection":[{"href":"https:\/\/acg.campingsingirona.com\/ca\/wp-json\/wp\/v2\/posts"}],"about":[{"href":"https:\/\/acg.campingsingirona.com\/ca\/wp-json\/wp\/v2\/types\/post"}],"author":[{"embeddable":true,"href":"https:\/\/acg.campingsingirona.com\/ca\/wp-json\/wp\/v2\/users\/1"}],"replies":[{"embeddable":true,"href":"https:\/\/acg.campingsingirona.com\/ca\/wp-json\/wp\/v2\/comments?post=97210"}],"version-history":[{"count":1,"href":"https:\/\/acg.campingsingirona.com\/ca\/wp-json\/wp\/v2\/posts\/97210\/revisions"}],"predecessor-version":[{"id":103957,"href":"https:\/\/acg.campingsingirona.com\/ca\/wp-json\/wp\/v2\/posts\/97210\/revisions\/103957"}],"wp:attachment":[{"href":"https:\/\/acg.campingsingirona.com\/ca\/wp-json\/wp\/v2\/media?parent=97210"}],"wp:term":[{"taxonomy":"category","embeddable":true,"href":"https:\/\/acg.campingsingirona.com\/ca\/wp-json\/wp\/v2\/categories?post=97210"},{"taxonomy":"post_tag","embeddable":true,"href":"https:\/\/acg.campingsingirona.com\/ca\/wp-json\/wp\/v2\/tags?post=97210"}],"curies":[{"name":"wp","href":"https:\/\/api.w.org\/{rel}","templated":true}]}}