{"id":97208,"date":"2016-05-10T00:00:00","date_gmt":"2016-05-10T00:00:00","guid":{"rendered":"https:\/\/acg.campingsingirona.com\/en\/blog\/els-campings-gironins-presenten-la-seva-excel-lent-oferta-al-pais-basc\/"},"modified":"2023-10-18T09:00:45","modified_gmt":"2023-10-18T09:00:45","slug":"els-campings-gironins-presenten-la-seva-excel-lent-oferta-al-pais-basc","status":"publish","type":"post","link":"https:\/\/acg.campingsingirona.com\/ca\/els-campings-gironins-presenten-la-seva-excel-lent-oferta-al-pais-basc\/","title":{"rendered":"Els c\u00e0mpings gironins presenten la seva excel.lent oferta al Pa\u00eds Basc"},"content":{"rendered":"<p><a href=\"https:\/\/proves3.6tems.es\/blog.campingsingirona.com\/wp-content\/uploads\/2016\/05\/aaa3.jpg\"><img loading=\"lazy\" decoding=\"async\" class=\"alignnone size-medium wp-image-1137\" src=\"https:\/\/proves3.6tems.es\/blog.campingsingirona.com\/wp-content\/uploads\/2016\/05\/aaa3-300x225.jpg\" alt=\"aaa\" width=\"300\" height=\"225\" \/><\/a><\/p>\n<p>Els c\u00e0mpings gironins han presentat a Bilbao, conjuntament amb el Patronat de Turisme Costa Brava Girona, \u00a0la seva excel\u00b7lent oferta, coincidint amb la fira Expovacaciones que s&#8217;ha celebrat en aquesta ciutat. \u00a0Durant l\u2019acte, el president de l\u2019Associaci\u00f3 de C\u00e0mpings de Girona, Miquel Gotanegra, ha destacat que el sector ha detectat un creixement de demanda de clients bascos. \u00a0Segons les dades de l\u2019INE de 2015 en relaci\u00f3 a la demanda procedent de l\u2019Estat espanyol, despr\u00e9s dels clients de Catalunya, que representen un 92,57%, el Pa\u00eds Basc \u00e9s el principal mercat de l\u2019Estat, amb un 1,79%, seguit de l\u2019Arag\u00f3, amb un 1,72%. El 2014 els visitants procedents del Pa\u00eds Basc van ser 1,59% i es constata, per tant, en les xifres aquest increment.\u00a0 Tot i aix\u00f2, en relaci\u00f3 al conjunt de demanda tur\u00edstica, \u00e9s baix el percentatge de les persones que van de c\u00e0mping si es compara amb xifres d\u2019altres pa\u00efsos europeus, com Alemanya i Holanda. A l\u2019Estat espanyol menys d\u2019un 5% de la poblaci\u00f3 que viatja va de c\u00e0mping, mentre que en pa\u00efsos com Alemanya i Holanda la xifra arriba al 25%.<\/p>\n<p>Els c\u00e0mpings situats a la Costa Brava van rebre l\u2019any passat \u00a0un total de 482.870 viatgers espanyols i 580.401 estrangers. Pel que fa a pernoctacions, 1.807.963 van ser espanyols i 4.825.484 estrangers. L\u2019estada mitjana va ser de 6,24 dies.<\/p>\n<p>Durant la presentaci\u00f3, Gotanegra ha recordat que \u201cels c\u00e0mpings gironins s\u00f3n uns grans parcs de vacances que ofereixen als visitants experi\u00e8ncies \u00faniques vinculades amb un entorn privilegiat\u201d i s\u2019ha mostrat conven\u00e7ut que \u201cel turista que mai ha estat en un c\u00e0mping un cop hi entri repetir\u00e0\u201d<\/p>\n<p>El \u00a0director general del Patronat de Turisme Costa Brava Girona, Ramon Ramos, ha destacat que\u00a0 \u201cels c\u00e0mpings gironins s\u00f3n\u00a0 els mes premiats a Europa\u201d.<\/p>\n<p>&nbsp;<\/p>\n","protected":false},"excerpt":{"rendered":"<p>Els c\u00e0mpings gironins han presentat a Bilbao, conjuntament amb el Patronat de Turisme Costa Brava Girona, \u00a0la seva excel\u00b7lent oferta, coincidint amb la fira Expovacaciones que s&#8217;ha celebrat en aquesta ciutat. \u00a0Durant l\u2019acte, el president de l\u2019Associaci\u00f3 de C\u00e0mpings de Girona, Miquel Gotanegra, ha destacat que el sector ha detectat un creixement de demanda de [&hellip;]<\/p>\n","protected":false},"author":1,"featured_media":0,"comment_status":"closed","ping_status":"open","sticky":false,"template":"","format":"standard","meta":{"_acf_changed":false,"footnotes":""},"categories":[],"tags":[],"class_list":["post-97208","post","type-post","status-publish","format-standard","hentry"],"acf":[],"_links":{"self":[{"href":"https:\/\/acg.campingsingirona.com\/ca\/wp-json\/wp\/v2\/posts\/97208","targetHints":{"allow":["GET"]}}],"collection":[{"href":"https:\/\/acg.campingsingirona.com\/ca\/wp-json\/wp\/v2\/posts"}],"about":[{"href":"https:\/\/acg.campingsingirona.com\/ca\/wp-json\/wp\/v2\/types\/post"}],"author":[{"embeddable":true,"href":"https:\/\/acg.campingsingirona.com\/ca\/wp-json\/wp\/v2\/users\/1"}],"replies":[{"embeddable":true,"href":"https:\/\/acg.campingsingirona.com\/ca\/wp-json\/wp\/v2\/comments?post=97208"}],"version-history":[{"count":1,"href":"https:\/\/acg.campingsingirona.com\/ca\/wp-json\/wp\/v2\/posts\/97208\/revisions"}],"predecessor-version":[{"id":103955,"href":"https:\/\/acg.campingsingirona.com\/ca\/wp-json\/wp\/v2\/posts\/97208\/revisions\/103955"}],"wp:attachment":[{"href":"https:\/\/acg.campingsingirona.com\/ca\/wp-json\/wp\/v2\/media?parent=97208"}],"wp:term":[{"taxonomy":"category","embeddable":true,"href":"https:\/\/acg.campingsingirona.com\/ca\/wp-json\/wp\/v2\/categories?post=97208"},{"taxonomy":"post_tag","embeddable":true,"href":"https:\/\/acg.campingsingirona.com\/ca\/wp-json\/wp\/v2\/tags?post=97208"}],"curies":[{"name":"wp","href":"https:\/\/api.w.org\/{rel}","templated":true}]}}